{"id":35057,"date":"2025-08-05T19:29:13","date_gmt":"2025-08-05T22:29:13","guid":{"rendered":"https:\/\/mussicom.com\/prefeitura-de-guaruja-vai-abrir-concurso-publico-com-168-vagas\/"},"modified":"2025-08-05T19:29:13","modified_gmt":"2025-08-05T22:29:13","slug":"prefeitura-de-guaruja-vai-abrir-concurso-publico-com-168-vagas","status":"publish","type":"post","link":"https:\/\/mussicom.com\/noticias\/prefeitura-de-guaruja-vai-abrir-concurso-publico-com-168-vagas\/","title":{"rendered":"Prefeitura de Guaruj\u00e1 vai abrir concurso p\u00fablico com 168 vagas"},"content":{"rendered":"<p> <br \/>\n<\/p>\n<div><\/p>\n<div>Outras 694 vagas ser\u00e3o para cadastro reserva; inscri\u00e7\u00f5es come\u00e7am no pr\u00f3ximo dia 21 e seguem at\u00e9 22 de setembro<\/div>\n<\/div>\n<p><br \/>\n<br \/>Fonte: <a href=\"https:\/\/jornaldaorla.com.br\/noticias\/prefeitura-de-guaruja-vai-abrir-concurso-com-168-vagas-em-educacao-e-transito\/\">Jornal Da Orla<\/a><\/p>\n","protected":false},"excerpt":{"rendered":"<p>Outras 694 vagas ser\u00e3o para cadastro reserva; inscri\u00e7\u00f5es come\u00e7am no pr\u00f3ximo dia 21 e seguem at\u00e9 22 de setembro Fonte: Jornal Da Orla<\/p>\n","protected":false},"author":5,"featured_media":35058,"comment_status":"open","ping_status":"open","sticky":false,"template":"","format":"standard","meta":{"_seopress_robots_primary_cat":"","_seopress_titles_title":"","_seopress_titles_desc":"","_seopress_robots_index":"","footnotes":""},"categories":[52],"tags":[],"class_list":["post-35057","post","type-post","status-publish","format-standard","has-post-thumbnail","hentry","category-santoseregiao"],"_links":{"self":[{"href":"https:\/\/mussicom.com\/noticias\/wp-json\/wp\/v2\/posts\/35057","targetHints":{"allow":["GET"]}}],"collection":[{"href":"https:\/\/mussicom.com\/noticias\/wp-json\/wp\/v2\/posts"}],"about":[{"href":"https:\/\/mussicom.com\/noticias\/wp-json\/wp\/v2\/types\/post"}],"author":[{"embeddable":true,"href":"https:\/\/mussicom.com\/noticias\/wp-json\/wp\/v2\/users\/5"}],"replies":[{"embeddable":true,"href":"https:\/\/mussicom.com\/noticias\/wp-json\/wp\/v2\/comments?post=35057"}],"version-history":[{"count":0,"href":"https:\/\/mussicom.com\/noticias\/wp-json\/wp\/v2\/posts\/35057\/revisions"}],"wp:featuredmedia":[{"embeddable":true,"href":"https:\/\/mussicom.com\/noticias\/wp-json\/wp\/v2\/media\/35058"}],"wp:attachment":[{"href":"https:\/\/mussicom.com\/noticias\/wp-json\/wp\/v2\/media?parent=35057"}],"wp:term":[{"taxonomy":"category","embeddable":true,"href":"https:\/\/mussicom.com\/noticias\/wp-json\/wp\/v2\/categories?post=35057"},{"taxonomy":"post_tag","embeddable":true,"href":"https:\/\/mussicom.com\/noticias\/wp-json\/wp\/v2\/tags?post=35057"}],"curies":[{"name":"wp","href":"https:\/\/api.w.org\/{rel}","templated":true}]}}