{"id":35055,"date":"2025-08-05T19:28:05","date_gmt":"2025-08-05T22:28:05","guid":{"rendered":"https:\/\/mussicom.com\/produtividade-do-algodao-cresce-em-agosto-no-mato-grosso\/"},"modified":"2025-08-05T19:28:05","modified_gmt":"2025-08-05T22:28:05","slug":"produtividade-do-algodao-cresce-em-agosto-no-mato-grosso","status":"publish","type":"post","link":"https:\/\/mussicom.com\/noticias\/produtividade-do-algodao-cresce-em-agosto-no-mato-grosso\/","title":{"rendered":"Produtividade do algod\u00e3o cresce em agosto no Mato Grosso"},"content":{"rendered":"<p> <br \/>\n<\/p>\n<div>\n<div class=\"row\">\n<div class=\"col-lg col-infos mt-0 mt-lg-0\">\n<div class=\"section-sub-title\">\n<p itemprop=\"description\">&#13;<br \/>\n                                Chuvas beneficiam algod\u00e3o da segunda safra&#13;\n                            <\/p>\n<\/p><\/div>\n<div class=\"container\">\n<div class=\"row\">\n<div class=\"col-lg p-0\">\n<div>\n<div class=\"block-news-main-infos mt-3 text-start\">\n<p>                                            <strong class=\"fn\" itemprop=\"author\" style=\"color: rgb(112, 112, 112); \">&#13;<br \/>\n                                                Agrolink&#13;<br \/>\n&#13;<br \/>\n                                                    &#8211; Seane Lennon&#13;<br \/>\n&#13;<br \/>\n                                            <\/strong><br \/>\n                                        <\/p>\n<p>                                            <abbr><time datetime=\"2025-08-05T18:35\" itemprop=\"datePublished dateModified\">Publicado em 05\/08\/2025 \u00e0s 18:35h.<\/time><\/abbr><br \/>\n                                            <\/p><\/div>\n<\/p><\/div>\n<\/p><\/div>\n<div class=\"col-lg p-0 text-lg-end\">\n<div>\n<div id=\"mdEnviarPagina\" class=\"modal fade\" role=\"dialog\">\n<div class=\"modal-dialog\">\n<div class=\"modal-content\">\n<div class=\"modal-body\">\n<p><strong>Estimado usu\u00e1rio.<\/strong><br \/>Preencha o formul\u00e1rio abaixo para remeter a p\u00e1gina.<\/p>\n<\/p><\/div>\n<\/p><\/div>\n<\/p><\/div>\n<\/div><\/div>\n<\/p><\/div>\n<\/p><\/div>\n<\/p><\/div>\n<\/p><\/div>\n<\/p><\/div>\n<div class=\"row justify-content-md-center mt-3\">\n<div class=\"col-lg-auto col-image block-news-main-image\">\n<p>                                <br \/>\n                                                <span class=\"publicity-photo d-block mt-1\">Foto: Canva<\/span><\/p><\/div>\n<\/p><\/div>\n<div class=\"section-description section-description-noticias mt-3\">\n<p style=\"text-align:justify\">A an\u00e1lise semanal divulgada pelo Instituto Mato-grossense de Economia Agropecu\u00e1ria (Imea) nesta segunda-feira (4) indica aumento na estimativa de produtividade m\u00e9dia do algod\u00e3o da safra 2024\/25 em Mato Grosso, conforme os dados de agosto de 2025.<\/p>\n<p style=\"text-align:justify\">A \u00e1rea destinada ao cultivo da cultura foi mantida em 1,52 milh\u00e3o de hectares. Segundo o Imea, desse total, 297,40 mil hectares correspondem \u00e0 primeira safra, enquanto 1,22 milh\u00e3o de hectares s\u00e3o relativos \u00e0 segunda safra. Apesar de chuvas prolongadas terem afetado algumas lavouras da primeira safra, o instituto relatou que o desenvolvimento do algod\u00e3o de segunda safra, especialmente o semeado mais tardiamente, apresentou bom desempenho.&#13;\n<\/p>\n<p style=\"text-align:justify\">Diante do cen\u00e1rio, a produtividade m\u00e9dia do algod\u00e3o em caro\u00e7o foi estimada em 302,99 arrobas por hectare em agosto, o que representa uma eleva\u00e7\u00e3o de 2,00% em rela\u00e7\u00e3o a julho. Com esse resultado, projeta-se uma produ\u00e7\u00e3o total de 6,92 milh\u00f5es de toneladas de algod\u00e3o em caro\u00e7o para o ciclo 2024\/25, o que corresponde a um aumento de 8,21% em compara\u00e7\u00e3o com a safra anterior.&#13;\n<\/p>\n<\/p><\/div>\n<\/p><\/div>\n<p><script data-cfasync=\"false\">\n    !function (f, b, e, v, n, t, s) {\n        if (f.fbq) return; n = f.fbq = function () {\n            n.callMethod ?\n                n.callMethod.apply(n, arguments) : n.queue.push(arguments)\n        };\n        if (!f._fbq) f._fbq = n; n.push = n; n.loaded = !0; n.version = '2.0';\n        n.queue = []; t = b.createElement(e); t.async = !0;\n        t.src = v; s = b.getElementsByTagName(e)[0];\n        s.parentNode.insertBefore(t, s)\n    }(window, document, 'script',\n        'https:\/\/connect.facebook.net\/en_US\/fbevents.js');\n    fbq('init', '522546078623747');\n    fbq('track', 'PageView');\n<\/script><br \/>\n<br \/><br \/>\n<br \/>Fonte: <a href=\"https:\/\/www.agrolink.com.br\/noticias\/produtividade-do-algodao-cresce-em-agosto-no-mato-grosso_504662.html\">AGROLINK<\/a><\/p>\n","protected":false},"excerpt":{"rendered":"<p>&#13; Chuvas beneficiam algod\u00e3o da segunda safra&#13; &#13; Agrolink&#13; &#13; &#8211; Seane Lennon&#13; &#13; Publicado em 05\/08\/2025 \u00e0s 18:35h. Estimado usu\u00e1rio.Preencha o formul\u00e1rio abaixo para remeter a p\u00e1gina. Foto: Canva A an\u00e1lise semanal divulgada pelo Instituto Mato-grossense de Economia Agropecu\u00e1ria (Imea) nesta segunda-feira (4) indica aumento na estimativa de produtividade m\u00e9dia do algod\u00e3o da safra [&hellip;]<\/p>\n","protected":false},"author":5,"featured_media":35056,"comment_status":"open","ping_status":"open","sticky":false,"template":"","format":"standard","meta":{"_seopress_robots_primary_cat":"","_seopress_titles_title":"","_seopress_titles_desc":"","_seopress_robots_index":"","footnotes":""},"categories":[53],"tags":[],"class_list":["post-35055","post","type-post","status-publish","format-standard","has-post-thumbnail","hentry","category-agronegocio"],"_links":{"self":[{"href":"https:\/\/mussicom.com\/noticias\/wp-json\/wp\/v2\/posts\/35055","targetHints":{"allow":["GET"]}}],"collection":[{"href":"https:\/\/mussicom.com\/noticias\/wp-json\/wp\/v2\/posts"}],"about":[{"href":"https:\/\/mussicom.com\/noticias\/wp-json\/wp\/v2\/types\/post"}],"author":[{"embeddable":true,"href":"https:\/\/mussicom.com\/noticias\/wp-json\/wp\/v2\/users\/5"}],"replies":[{"embeddable":true,"href":"https:\/\/mussicom.com\/noticias\/wp-json\/wp\/v2\/comments?post=35055"}],"version-history":[{"count":0,"href":"https:\/\/mussicom.com\/noticias\/wp-json\/wp\/v2\/posts\/35055\/revisions"}],"wp:featuredmedia":[{"embeddable":true,"href":"https:\/\/mussicom.com\/noticias\/wp-json\/wp\/v2\/media\/35056"}],"wp:attachment":[{"href":"https:\/\/mussicom.com\/noticias\/wp-json\/wp\/v2\/media?parent=35055"}],"wp:term":[{"taxonomy":"category","embeddable":true,"href":"https:\/\/mussicom.com\/noticias\/wp-json\/wp\/v2\/categories?post=35055"},{"taxonomy":"post_tag","embeddable":true,"href":"https:\/\/mussicom.com\/noticias\/wp-json\/wp\/v2\/tags?post=35055"}],"curies":[{"name":"wp","href":"https:\/\/api.w.org\/{rel}","templated":true}]}}