{"id":34873,"date":"2025-08-04T21:46:15","date_gmt":"2025-08-05T00:46:15","guid":{"rendered":"https:\/\/mussicom.com\/theorema-trio-e-monna-reexibem-show-final-do-santos-jazz-festival-na-quarta-feira-06\/"},"modified":"2025-08-04T21:46:15","modified_gmt":"2025-08-05T00:46:15","slug":"theorema-trio-e-monna-reexibem-show-final-do-santos-jazz-festival-na-quarta-feira-06","status":"publish","type":"post","link":"https:\/\/mussicom.com\/noticias\/theorema-trio-e-monna-reexibem-show-final-do-santos-jazz-festival-na-quarta-feira-06\/","title":{"rendered":"Theorema Trio e Monna reexibem show final do Santos Jazz Festival na quarta-feira (06)"},"content":{"rendered":"<p> <br \/>\n<\/p>\n<div id=\"texto\">\n<p>\u00a0<\/p>\n<p>Devido ao sucesso estrondoso do \u00faltimo dia do 13\u00ba Santos Jazz Festival, a apresenta\u00e7\u00e3o final do evento ter\u00e1 bis! O show do Theorema Trio com a participa\u00e7\u00e3o da Monna, ser\u00e1 reexibido na quarta-feira (06\/08), no Teatro Guarany (Pra\u00e7a dos Andradas, 100 &#8211; Centro &#8211; Santos), a partir das 20h.<\/p>\n<p>Uma hora antes do show, o p\u00fablico pode retirar os ingressos da apresenta\u00e7\u00e3o que estar\u00e3o dispon\u00edveis at\u00e9 a lota\u00e7\u00e3o do Teatro.<\/p>\n<p><strong style=\"box-sizing:border-box; font-weight:bolder\">Balan\u00e7o do Festival \u2013\u00a0<\/strong>O Santos Jazz Festival aconteceu entre os dias 25 e 27 de julho, no Arcos do Valongo e Pinacoteca Benedicto Calixto. Ao todo, mais de 15 mil pessoas acompanharam os 13 shows do Festival que contou com duas apresenta\u00e7\u00f5es internacionais.<\/p>\n<p>Durante todo o evento, que teve entrada gratuita, quem p\u00f4de fez a doa\u00e7\u00e3o de alimentos e de acordo com a organiza\u00e7\u00e3o, foram arrecadados 180kg de alimentos que foram encaminhados ao Fundo Social de Solidariedade de Santos.<\/p>\n<p>\u00a0<\/p>\n<p>Rafaella\u00a0Ferreira<br class=\"Apple-interchange-newline\"\/>&#13;<br \/>\n\u00a0<\/p>\n<\/p><\/div>\n<p><script async defer crossorigin=\"anonymous\" src=\"https:\/\/connect.facebook.net\/pt_BR\/sdk.js#xfbml=1&#038;version=v12.0&#038;appId=&#038;autoLogAppEvents=1\" nonce=\"ou0fI1lo\"><\/script><br \/>\n<br \/><br \/>\n<br \/>Fonte: <a href=\"https:\/\/www.bs9.com.br\/variedades\/theorema-trio-e-monna-reexibem-show-final-do-santos-jazz-festival-na\/33703\/\">BS9<\/a><\/p>\n","protected":false},"excerpt":{"rendered":"<p>\u00a0 Devido ao sucesso estrondoso do \u00faltimo dia do 13\u00ba Santos Jazz Festival, a apresenta\u00e7\u00e3o final do evento ter\u00e1 bis! O show do Theorema Trio com a participa\u00e7\u00e3o da Monna, ser\u00e1 reexibido na quarta-feira (06\/08), no Teatro Guarany (Pra\u00e7a dos Andradas, 100 &#8211; Centro &#8211; Santos), a partir das 20h. Uma hora antes do show, [&hellip;]<\/p>\n","protected":false},"author":5,"featured_media":34874,"comment_status":"open","ping_status":"open","sticky":false,"template":"","format":"standard","meta":{"_seopress_robots_primary_cat":"","_seopress_titles_title":"","_seopress_titles_desc":"","_seopress_robots_index":"","footnotes":""},"categories":[52],"tags":[],"class_list":["post-34873","post","type-post","status-publish","format-standard","has-post-thumbnail","hentry","category-santoseregiao"],"_links":{"self":[{"href":"https:\/\/mussicom.com\/noticias\/wp-json\/wp\/v2\/posts\/34873","targetHints":{"allow":["GET"]}}],"collection":[{"href":"https:\/\/mussicom.com\/noticias\/wp-json\/wp\/v2\/posts"}],"about":[{"href":"https:\/\/mussicom.com\/noticias\/wp-json\/wp\/v2\/types\/post"}],"author":[{"embeddable":true,"href":"https:\/\/mussicom.com\/noticias\/wp-json\/wp\/v2\/users\/5"}],"replies":[{"embeddable":true,"href":"https:\/\/mussicom.com\/noticias\/wp-json\/wp\/v2\/comments?post=34873"}],"version-history":[{"count":0,"href":"https:\/\/mussicom.com\/noticias\/wp-json\/wp\/v2\/posts\/34873\/revisions"}],"wp:featuredmedia":[{"embeddable":true,"href":"https:\/\/mussicom.com\/noticias\/wp-json\/wp\/v2\/media\/34874"}],"wp:attachment":[{"href":"https:\/\/mussicom.com\/noticias\/wp-json\/wp\/v2\/media?parent=34873"}],"wp:term":[{"taxonomy":"category","embeddable":true,"href":"https:\/\/mussicom.com\/noticias\/wp-json\/wp\/v2\/categories?post=34873"},{"taxonomy":"post_tag","embeddable":true,"href":"https:\/\/mussicom.com\/noticias\/wp-json\/wp\/v2\/tags?post=34873"}],"curies":[{"name":"wp","href":"https:\/\/api.w.org\/{rel}","templated":true}]}}