{"id":34841,"date":"2025-08-04T19:12:00","date_gmt":"2025-08-04T22:12:00","guid":{"rendered":"https:\/\/mussicom.com\/minerais-criticos-e-terras-raras-podem-entrar-em-negociacoes-com-eua\/"},"modified":"2025-08-04T19:12:00","modified_gmt":"2025-08-04T22:12:00","slug":"minerais-criticos-e-terras-raras-podem-entrar-em-negociacoes-com-eua","status":"publish","type":"post","link":"https:\/\/mussicom.com\/noticias\/minerais-criticos-e-terras-raras-podem-entrar-em-negociacoes-com-eua\/","title":{"rendered":"Minerais cr\u00edticos e terras raras podem entrar em negocia\u00e7\u00f5es com EUA"},"content":{"rendered":"<p> <br \/>\n<\/p>\n<div>\n<p><strong>Os minerais cr\u00edticos e as terras raras podem entrar nas negocia\u00e7\u00f5es tarif\u00e1rias com os Estados Unidos, disse nesta segunda-feira (4) o ministro da Fazenda, Fernando Haddad. Segundo ele, um acordo sobre os dois temas pode ser assinado com o governo estadunidense.<\/strong><img decoding=\"async\" src=\"https:\/\/agenciabrasil.ebc.com.br\/ebc.gif?id=1653172&amp;o=node\" style=\"width:1px; height:1px; display:inline;\"\/><\/p>\n<blockquote>\n<p>\u201cTemos minerais cr\u00edticos e terras raras. Os Estados Unidos n\u00e3o s\u00e3o ricos nesses minerais. Podemos fazer acordos de coopera\u00e7\u00e3o para produzir baterias mais eficientes\u201d, disse Haddad em entrevista \u00e0 BandNews nesta tarde.<\/p>\n<\/blockquote>\n<p><strong>Atualmente, os minerais cr\u00edticos, como l\u00edtio e ni\u00f3bio, s\u00e3o usados para a produ\u00e7\u00e3o de baterias el\u00e9tricas e em processadores de intelig\u00eancia artificial (IA).<\/strong> Desde maio, o governo discute um novo marco regulat\u00f3rio para a IA e datacenters (centros de processamento de dados).<\/p>\n<h2>Plano de conting\u00eancia<\/h2>\n<p>Em rela\u00e7\u00e3o ao plano de conting\u00eancia para ajudar setores afetados pelo tarifa\u00e7o do governo Trump, <strong>Haddad afirmou que as medidas est\u00e3o prontas e devem ser anunciadas at\u00e9 quarta-feira (6), <\/strong>data marcada para as tarifas entrarem em vigor. Nesta segunda, o vice-presidente e ministro do Desenvolvimento, Ind\u00fastria, Com\u00e9rcio e Servi\u00e7os, Geraldo Alckmin, afirmou que o plano est\u00e1 conclu\u00eddo e, entre outras medidas, inclui linhas especiais de cr\u00e9dito e ajuda para compras governamentais.<\/p>\n<h2>Novas exce\u00e7\u00f5es<\/h2>\n<p><strong>Haddad n\u00e3o descartou a possibilidade de outros produtos serem inclu\u00eddos na lista de exce\u00e7\u00f5es dos Estados Unidos at\u00e9 quarta-feira (6). <\/strong>O ministro reiterou que o Brasil continuar\u00e1 negociando e que os termos atuais impostos pelo governo estadunidense s\u00e3o inaceit\u00e1veis, mas podem melhorar.<\/p>\n<blockquote>\n<p>\u201cCreio que alguma coisa [amplia\u00e7\u00e3o da lista de exce\u00e7\u00f5es] ainda pode acontecer at\u00e9 o dia 6. Pode acontecer, mas estou dizendo que n\u00e3o trabalhamos com data fat\u00eddica. N\u00e3o vamos sair da mesa de negocia\u00e7\u00e3o at\u00e9 que possamos vislumbrar um acordo, que precisa de interesses em comum. Nesses termos, o Brasil, evidentemente, n\u00e3o vai fazer um acordo, porque n\u00e3o tem o menor sentido na taxa\u00e7\u00e3o que est\u00e1 sendo imposta ao pa\u00eds\u201d, declarou Haddad.<\/p>\n<\/blockquote>\n<p>Um dos poss\u00edveis setores beneficiados pode ser o caf\u00e9. Ap\u00f3s reuni\u00e3o com Alckmin nesta segunda-feira, o presidente do Conselho dos Exportadores de Caf\u00e9 do Brasil (Cecaf\u00e9), Marcio Ferreira, disse haver 50% de chances de o setor ser exclu\u00eddo da tarifa de 50%.<\/p>\n<p>      <!-- Relacionada --><\/p>\n<p>            <!-- Relacionada -->\n    <\/div>\n<p><br \/>\n<br \/>Fonte: <a href=\"https:\/\/agenciabrasil.ebc.com.br\/economia\/noticia\/2025-08\/minerais-criticos-e-terras-raras-podem-entrar-em-negociacoes-com-eua\">Gazeta do Povo<\/a><\/p>\n","protected":false},"excerpt":{"rendered":"<p>Os minerais cr\u00edticos e as terras raras podem entrar nas negocia\u00e7\u00f5es tarif\u00e1rias com os Estados Unidos, disse nesta segunda-feira (4) o ministro da Fazenda, Fernando Haddad. Segundo ele, um acordo sobre os dois temas pode ser assinado com o governo estadunidense. \u201cTemos minerais cr\u00edticos e terras raras. Os Estados Unidos n\u00e3o s\u00e3o ricos nesses minerais. [&hellip;]<\/p>\n","protected":false},"author":5,"featured_media":34842,"comment_status":"open","ping_status":"open","sticky":false,"template":"","format":"standard","meta":{"_seopress_robots_primary_cat":"","_seopress_titles_title":"","_seopress_titles_desc":"","_seopress_robots_index":"","footnotes":""},"categories":[45],"tags":[],"class_list":["post-34841","post","type-post","status-publish","format-standard","has-post-thumbnail","hentry","category-economia"],"_links":{"self":[{"href":"https:\/\/mussicom.com\/noticias\/wp-json\/wp\/v2\/posts\/34841","targetHints":{"allow":["GET"]}}],"collection":[{"href":"https:\/\/mussicom.com\/noticias\/wp-json\/wp\/v2\/posts"}],"about":[{"href":"https:\/\/mussicom.com\/noticias\/wp-json\/wp\/v2\/types\/post"}],"author":[{"embeddable":true,"href":"https:\/\/mussicom.com\/noticias\/wp-json\/wp\/v2\/users\/5"}],"replies":[{"embeddable":true,"href":"https:\/\/mussicom.com\/noticias\/wp-json\/wp\/v2\/comments?post=34841"}],"version-history":[{"count":0,"href":"https:\/\/mussicom.com\/noticias\/wp-json\/wp\/v2\/posts\/34841\/revisions"}],"wp:featuredmedia":[{"embeddable":true,"href":"https:\/\/mussicom.com\/noticias\/wp-json\/wp\/v2\/media\/34842"}],"wp:attachment":[{"href":"https:\/\/mussicom.com\/noticias\/wp-json\/wp\/v2\/media?parent=34841"}],"wp:term":[{"taxonomy":"category","embeddable":true,"href":"https:\/\/mussicom.com\/noticias\/wp-json\/wp\/v2\/categories?post=34841"},{"taxonomy":"post_tag","embeddable":true,"href":"https:\/\/mussicom.com\/noticias\/wp-json\/wp\/v2\/tags?post=34841"}],"curies":[{"name":"wp","href":"https:\/\/api.w.org\/{rel}","templated":true}]}}