{"id":34811,"date":"2025-08-04T16:56:00","date_gmt":"2025-08-04T19:56:00","guid":{"rendered":"https:\/\/mussicom.com\/tarifa-dos-eua-preocupa-setor-do-tabaco\/"},"modified":"2025-08-04T16:56:00","modified_gmt":"2025-08-04T19:56:00","slug":"tarifa-dos-eua-preocupa-setor-do-tabaco","status":"publish","type":"post","link":"https:\/\/mussicom.com\/noticias\/tarifa-dos-eua-preocupa-setor-do-tabaco\/","title":{"rendered":"Tarifa dos EUA preocupa setor do tabaco"},"content":{"rendered":"<p> <br \/>\n<\/p>\n<div>\n<div class=\"row\">\n<div class=\"col-lg col-infos mt-0 mt-lg-0\">\n<div class=\"section-sub-title\">\n<p itemprop=\"description\">&#13;<br \/>\n                                Setor decidiu armazenar o produto e esperar &#13;\n                            <\/p>\n<\/p><\/div>\n<div class=\"container\">\n<div class=\"row\">\n<div class=\"col-lg p-0\">\n<div>\n<div class=\"block-news-main-infos mt-3 text-start\">\n<p>                                            <strong class=\"fn\" itemprop=\"author\" style=\"color: rgb(112, 112, 112); \">&#13;<br \/>\n                                                Agrolink&#13;<br \/>\n&#13;<br \/>\n                                                    &#8211; Leonardo Gottems&#13;<br \/>\n&#13;<br \/>\n                                            <\/strong><br \/>\n                                        <\/p>\n<p>                                            <abbr><time datetime=\"2025-08-04T15:37\" itemprop=\"datePublished dateModified\">Publicado em 04\/08\/2025 \u00e0s 15:37h.<\/time><\/abbr><br \/>\n                                            <\/p><\/div>\n<\/p><\/div>\n<\/p><\/div>\n<div class=\"col-lg p-0 text-lg-end\">\n<div>\n<div id=\"mdEnviarPagina\" class=\"modal fade\" role=\"dialog\">\n<div class=\"modal-dialog\">\n<div class=\"modal-content\">\n<div class=\"modal-body\">\n<p><strong>Estimado usu\u00e1rio.<\/strong><br \/>Preencha o formul\u00e1rio abaixo para remeter a p\u00e1gina.<\/p>\n<\/p><\/div>\n<\/p><\/div>\n<\/p><\/div>\n<\/div><\/div>\n<\/p><\/div>\n<\/p><\/div>\n<\/p><\/div>\n<\/p><\/div>\n<\/p><\/div>\n<div class=\"row justify-content-md-center mt-3\">\n<div class=\"col-lg-auto col-image block-news-main-image\">\n<p>                                <br \/>\n                                                <span class=\"d-block mt-1\">Setor decidiu armazenar o produto e esperar  &#8211; Foto: Canva<\/span><\/p><\/div>\n<\/p><\/div>\n<div class=\"section-description section-description-noticias mt-3\">\n<p>O setor brasileiro do tabaco recebeu com apreens\u00e3o a confirma\u00e7\u00e3o da tarifa de 50% sobre as importa\u00e7\u00f5es do produto pelos Estados Unidos, com in\u00edcio em 6 de agosto. Terceiro maior destino do tabaco nacional, os EUA representaram, entre janeiro e junho de 2025, cerca de 9% das exporta\u00e7\u00f5es do setor, com 19 mil toneladas e US\\$ 129 milh\u00f5es em receita, segundo dados do MDIC\/ComexStat. No acumulado de 2024, o volume exportado foi de 39,8 mil toneladas, gerando US\\$ 255 milh\u00f5es.&#13;\n<\/p>\n<p>De acordo com Valmor Thesing, presidente do Sindicato Interestadual da Ind\u00fastria do Tabaco (SindiTabaco), o setor esperava uma poss\u00edvel negocia\u00e7\u00e3o ou adiamento da medida, o que n\u00e3o se concretizou. \u201cA manuten\u00e7\u00e3o da tarifa cria uma situa\u00e7\u00e3o bastante complexa e a competitividade do produto brasileiro no mercado norte-americano fica amea\u00e7ada. Podemos esperar, como consequ\u00eancia, uma redu\u00e7\u00e3o dr\u00e1stica nos volumes exportados aos clientes americanos\u201d, afirma.<\/p>\n<p>Apesar do cen\u00e1rio adverso, Thesing garante que n\u00e3o h\u00e1 previs\u00e3o de demiss\u00f5es. Ele explica que as empresas integradoras continuar\u00e3o adquirindo normalmente o tabaco j\u00e1 contratado com os produtores por meio do Sistema Integrado de Produ\u00e7\u00e3o de Tabaco (SIPT), garantindo estabilidade aos agricultores.&#13;\n<\/p>\n<p>A estimativa \u00e9 que cerca de 40 mil toneladas da safra 2025\/2026 j\u00e1 contratada seriam destinadas aos EUA. Caso n\u00e3o seja poss\u00edvel redirecionar esse volume de imediato, ele poder\u00e1 ser estocado no pa\u00eds. Ainda assim, o setor mant\u00e9m a esperan\u00e7a de redirecionar parte dessa produ\u00e7\u00e3o para outros mercados, j\u00e1 que o Brasil exporta tabaco para mais de 100 pa\u00edses.<\/p>\n<\/p><\/div>\n<\/p><\/div>\n<p><script data-cfasync=\"false\">\n    !function (f, b, e, v, n, t, s) {\n        if (f.fbq) return; n = f.fbq = function () {\n            n.callMethod ?\n                n.callMethod.apply(n, arguments) : n.queue.push(arguments)\n        };\n        if (!f._fbq) f._fbq = n; n.push = n; n.loaded = !0; n.version = '2.0';\n        n.queue = []; t = b.createElement(e); t.async = !0;\n        t.src = v; s = b.getElementsByTagName(e)[0];\n        s.parentNode.insertBefore(t, s)\n    }(window, document, 'script',\n        'https:\/\/connect.facebook.net\/en_US\/fbevents.js');\n    fbq('init', '522546078623747');\n    fbq('track', 'PageView');\n<\/script><br \/>\n<br \/><br \/>\n<br \/>Fonte: <a href=\"https:\/\/www.agrolink.com.br\/noticias\/tarifa-dos-eua-preocupa-setor-do-tabaco_504608.html\">AGROLINK<\/a><\/p>\n","protected":false},"excerpt":{"rendered":"<p>&#13; Setor decidiu armazenar o produto e esperar &#13; &#13; Agrolink&#13; &#13; &#8211; Leonardo Gottems&#13; &#13; Publicado em 04\/08\/2025 \u00e0s 15:37h. Estimado usu\u00e1rio.Preencha o formul\u00e1rio abaixo para remeter a p\u00e1gina. Setor decidiu armazenar o produto e esperar &#8211; Foto: Canva O setor brasileiro do tabaco recebeu com apreens\u00e3o a confirma\u00e7\u00e3o da tarifa de 50% sobre [&hellip;]<\/p>\n","protected":false},"author":5,"featured_media":34812,"comment_status":"open","ping_status":"open","sticky":false,"template":"","format":"standard","meta":{"_seopress_robots_primary_cat":"","_seopress_titles_title":"","_seopress_titles_desc":"","_seopress_robots_index":"","footnotes":""},"categories":[53],"tags":[],"class_list":["post-34811","post","type-post","status-publish","format-standard","has-post-thumbnail","hentry","category-agronegocio"],"_links":{"self":[{"href":"https:\/\/mussicom.com\/noticias\/wp-json\/wp\/v2\/posts\/34811","targetHints":{"allow":["GET"]}}],"collection":[{"href":"https:\/\/mussicom.com\/noticias\/wp-json\/wp\/v2\/posts"}],"about":[{"href":"https:\/\/mussicom.com\/noticias\/wp-json\/wp\/v2\/types\/post"}],"author":[{"embeddable":true,"href":"https:\/\/mussicom.com\/noticias\/wp-json\/wp\/v2\/users\/5"}],"replies":[{"embeddable":true,"href":"https:\/\/mussicom.com\/noticias\/wp-json\/wp\/v2\/comments?post=34811"}],"version-history":[{"count":0,"href":"https:\/\/mussicom.com\/noticias\/wp-json\/wp\/v2\/posts\/34811\/revisions"}],"wp:featuredmedia":[{"embeddable":true,"href":"https:\/\/mussicom.com\/noticias\/wp-json\/wp\/v2\/media\/34812"}],"wp:attachment":[{"href":"https:\/\/mussicom.com\/noticias\/wp-json\/wp\/v2\/media?parent=34811"}],"wp:term":[{"taxonomy":"category","embeddable":true,"href":"https:\/\/mussicom.com\/noticias\/wp-json\/wp\/v2\/categories?post=34811"},{"taxonomy":"post_tag","embeddable":true,"href":"https:\/\/mussicom.com\/noticias\/wp-json\/wp\/v2\/tags?post=34811"}],"curies":[{"name":"wp","href":"https:\/\/api.w.org\/{rel}","templated":true}]}}