{"id":34436,"date":"2025-08-02T01:19:39","date_gmt":"2025-08-02T04:19:39","guid":{"rendered":"https:\/\/mussicom.com\/prefeito-de-guaruja-cobra-sabesp-por-melhorias-de-infraestrutura-para-conter-crise-hidrica\/"},"modified":"2025-08-02T01:19:39","modified_gmt":"2025-08-02T04:19:39","slug":"prefeito-de-guaruja-cobra-sabesp-por-melhorias-de-infraestrutura-para-conter-crise-hidrica","status":"publish","type":"post","link":"https:\/\/mussicom.com\/noticias\/prefeito-de-guaruja-cobra-sabesp-por-melhorias-de-infraestrutura-para-conter-crise-hidrica\/","title":{"rendered":"Prefeito de Guaruj\u00e1 cobra Sabesp por melhorias de infraestrutura para conter crise h\u00eddrica"},"content":{"rendered":"<p> <br \/>\n<\/p>\n<div id=\"texto\">\n<p>Diante do desabastecimento de \u00e1gua em Guaruj\u00e1, o prefeito de Guaruj\u00e1, Farid Madi, solicitou caminh\u00f5es-pipa \u00e0 Companhia de Saneamento B\u00e1sico do Estado de S\u00e3o Paulo (Sabesp) para atender emergencialmente escolas, resid\u00eancias e unidades de sa\u00fade. A medida foi tomada nesta ter\u00e7a-feira (29) para conter epis\u00f3dios de falta de \u00e1gua em diferentes bairros do Munic\u00edpio.<\/p>\n<p>&#13;<br \/>\nAp\u00f3s tratativas, a Sabesp se comprometeu com o envio de 15 caminh\u00f5es-pipa para Cidade. No entanto, o prefeito reivindicou que a companhia dobre o n\u00famero at\u00e9 o final da semana, fechando em 30 caminh\u00f5es-pipa no total.<\/p>\n<p>&#13;<br \/>\n&#8220;Entendo o momento de estiagem, por\u00e9m n\u00e3o eximo a Sabesp da obriga\u00e7\u00e3o de cumprir com os acordos que foram feitos em mar\u00e7o deste ano. A Sabesp tem que ser mais respons\u00e1vel com os investimentos de infraestrutura do Munic\u00edpio. Guaruj\u00e1 n\u00e3o suporta mais passar por estes momentos&#8221;, disse o prefeito.<\/p>\n<p>&#13;<br \/>\nO Grupo de Trabalho destinado a fiscalizar, vistoriar e acompanhar os servi\u00e7os realizados pela companhia em Guaruj\u00e1, institu\u00eddo pelo Decreto Municipal n\u00ba 16.536, participar\u00e1 de reuni\u00e3o no pr\u00f3ximo dia 5 na sede da Unidade Regional de Servi\u00e7os de Abastecimento \u00c1gua Pot\u00e1vel e Esgotamento Sanit\u00e1rio (URAE), ligada \u00e0 Secretaria de Meio Ambiente, Infraestrutura e Log\u00edstica (SEMIL) do Governo do Estado de S\u00e3o Paulo.<\/p>\n<p>&#13;<br \/>\nO mun\u00edcipe pode solicitar um caminh\u00e3o-pipa da Sabesp ligando para o n\u00famero 0800-055-0195 gratuitamente. Tamb\u00e9m pode entrar em contato pelo WhatsApp da Sabesp, enviando uma mensagem de texto para o n\u00famero 11-3388-8000.<\/p>\n<\/p><\/div>\n<p><script async defer crossorigin=\"anonymous\" src=\"https:\/\/connect.facebook.net\/pt_BR\/sdk.js#xfbml=1&#038;version=v12.0&#038;appId=&#038;autoLogAppEvents=1\" nonce=\"ou0fI1lo\"><\/script><br \/>\n<br \/><br \/>\n<br \/>Fonte: <a href=\"https:\/\/www.bs9.com.br\/litoral\/prefeito-de-guaruja-cobra-sabesp-por-melhorias-de-infraestrutura-para\/33669\/\">BS9<\/a><\/p>\n","protected":false},"excerpt":{"rendered":"<p>Diante do desabastecimento de \u00e1gua em Guaruj\u00e1, o prefeito de Guaruj\u00e1, Farid Madi, solicitou caminh\u00f5es-pipa \u00e0 Companhia de Saneamento B\u00e1sico do Estado de S\u00e3o Paulo (Sabesp) para atender emergencialmente escolas, resid\u00eancias e unidades de sa\u00fade. A medida foi tomada nesta ter\u00e7a-feira (29) para conter epis\u00f3dios de falta de \u00e1gua em diferentes bairros do Munic\u00edpio. &#13; [&hellip;]<\/p>\n","protected":false},"author":5,"featured_media":34437,"comment_status":"open","ping_status":"open","sticky":false,"template":"","format":"standard","meta":{"_seopress_robots_primary_cat":"","_seopress_titles_title":"","_seopress_titles_desc":"","_seopress_robots_index":"","footnotes":""},"categories":[52],"tags":[],"class_list":["post-34436","post","type-post","status-publish","format-standard","has-post-thumbnail","hentry","category-santoseregiao"],"_links":{"self":[{"href":"https:\/\/mussicom.com\/noticias\/wp-json\/wp\/v2\/posts\/34436","targetHints":{"allow":["GET"]}}],"collection":[{"href":"https:\/\/mussicom.com\/noticias\/wp-json\/wp\/v2\/posts"}],"about":[{"href":"https:\/\/mussicom.com\/noticias\/wp-json\/wp\/v2\/types\/post"}],"author":[{"embeddable":true,"href":"https:\/\/mussicom.com\/noticias\/wp-json\/wp\/v2\/users\/5"}],"replies":[{"embeddable":true,"href":"https:\/\/mussicom.com\/noticias\/wp-json\/wp\/v2\/comments?post=34436"}],"version-history":[{"count":0,"href":"https:\/\/mussicom.com\/noticias\/wp-json\/wp\/v2\/posts\/34436\/revisions"}],"wp:featuredmedia":[{"embeddable":true,"href":"https:\/\/mussicom.com\/noticias\/wp-json\/wp\/v2\/media\/34437"}],"wp:attachment":[{"href":"https:\/\/mussicom.com\/noticias\/wp-json\/wp\/v2\/media?parent=34436"}],"wp:term":[{"taxonomy":"category","embeddable":true,"href":"https:\/\/mussicom.com\/noticias\/wp-json\/wp\/v2\/categories?post=34436"},{"taxonomy":"post_tag","embeddable":true,"href":"https:\/\/mussicom.com\/noticias\/wp-json\/wp\/v2\/tags?post=34436"}],"curies":[{"name":"wp","href":"https:\/\/api.w.org\/{rel}","templated":true}]}}