{"id":34392,"date":"2025-08-01T20:48:49","date_gmt":"2025-08-01T23:48:49","guid":{"rendered":"https:\/\/mussicom.com\/governo-autorizara-estados-a-comprar-alimentos-afetados-por-tarifaco\/"},"modified":"2025-08-01T20:48:49","modified_gmt":"2025-08-01T23:48:49","slug":"governo-autorizara-estados-a-comprar-alimentos-afetados-por-tarifaco","status":"publish","type":"post","link":"https:\/\/mussicom.com\/noticias\/governo-autorizara-estados-a-comprar-alimentos-afetados-por-tarifaco\/","title":{"rendered":"Governo autorizar\u00e1 estados a comprar alimentos afetados por tarifa\u00e7o"},"content":{"rendered":"<p> <br \/>\n<\/p>\n<div>\n<p>O governo federal est\u00e1 disposto a alterar a legisla\u00e7\u00e3o para que governos locais comprem alimentos que deixarem de ser exportados aos Estados Unidos para compor a merenda escolar, disse o ministro da Fazenda, Fernando Haddad. <strong>Ele reuniu-se nesta sexta-feira (1\u00ba) com o governador do Cear\u00e1, Elmano de Freitas, que apresentou a sugest\u00e3o de que o estado nordestino compre peixes e frutas, afetados pela tarifa de 50%<\/strong>.<img decoding=\"async\" src=\"https:\/\/agenciabrasil.ebc.com.br\/ebc.gif?id=1652976&amp;o=node\" style=\"width:1px; height:1px; display:inline;\"\/><\/p>\n<blockquote>\n<p>\u201cO governador [Elmano] apresentou um plano mais amplo, n\u00e3o s\u00f3 para a merenda escolar. Ele apresentou um plano mais amplo. Essas compras seriam feitas pelo Executivo estadual, mas dependem de uma lei federal, de uma autoriza\u00e7\u00e3o federal. Ele est\u00e1 mandando a sugest\u00e3o de reda\u00e7\u00e3o, n\u00f3s vamos processar\u201d, declarou Haddad na sa\u00edda do Minist\u00e9rio da Fazenda.<\/p>\n<\/blockquote>\n<p>Mais cedo, a ministra das Rela\u00e7\u00f5es Institucionais, Gleisi Hoffmann, disse que o governo est\u00e1 aberto a comprar alimentos de setores afetados pelo tarifa\u00e7o e distribu\u00ed-los \u00e0s escolas p\u00fablicas, refor\u00e7ando a merenda escolar ou o Programa de Aquisi\u00e7\u00e3o de Alimentos (PAA). A medida faria parte do plano de conting\u00eancia em discuss\u00e3o no governo.<\/p>\n<p><strong>A mudan\u00e7a na legisla\u00e7\u00e3o, que pode ocorrer por meio de medida provis\u00f3ria ou projeto de lei, \u00e9 necess\u00e1ria porque exigiria mudan\u00e7as na regula\u00e7\u00e3o de compras governamentais.<\/strong> Em vez de seguir a l\u00f3gica tradicional, com preg\u00f5es eletr\u00f4nicos pelo menor pre\u00e7o, com margem de prefer\u00eancia para produtos nacionais e cota de pelo menos 30% para produtos da agricultura familiar (no caso do PAA), as compras passariam a beneficiar exportadores.<\/p>\n<p>      <!-- Relacionada --><\/p>\n<p>            <!-- Relacionada -->\n    <\/div>\n<p><br \/>\n<br \/>Fonte: <a href=\"https:\/\/agenciabrasil.ebc.com.br\/economia\/noticia\/2025-08\/governo-autorizara-estados-comprar-alimentos-afetados-por-tarifaco\">Gazeta do Povo<\/a><\/p>\n","protected":false},"excerpt":{"rendered":"<p>O governo federal est\u00e1 disposto a alterar a legisla\u00e7\u00e3o para que governos locais comprem alimentos que deixarem de ser exportados aos Estados Unidos para compor a merenda escolar, disse o ministro da Fazenda, Fernando Haddad. Ele reuniu-se nesta sexta-feira (1\u00ba) com o governador do Cear\u00e1, Elmano de Freitas, que apresentou a sugest\u00e3o de que o [&hellip;]<\/p>\n","protected":false},"author":5,"featured_media":31730,"comment_status":"open","ping_status":"open","sticky":false,"template":"","format":"standard","meta":{"_seopress_robots_primary_cat":"","_seopress_titles_title":"","_seopress_titles_desc":"","_seopress_robots_index":"","footnotes":""},"categories":[45],"tags":[],"class_list":["post-34392","post","type-post","status-publish","format-standard","has-post-thumbnail","hentry","category-economia"],"_links":{"self":[{"href":"https:\/\/mussicom.com\/noticias\/wp-json\/wp\/v2\/posts\/34392","targetHints":{"allow":["GET"]}}],"collection":[{"href":"https:\/\/mussicom.com\/noticias\/wp-json\/wp\/v2\/posts"}],"about":[{"href":"https:\/\/mussicom.com\/noticias\/wp-json\/wp\/v2\/types\/post"}],"author":[{"embeddable":true,"href":"https:\/\/mussicom.com\/noticias\/wp-json\/wp\/v2\/users\/5"}],"replies":[{"embeddable":true,"href":"https:\/\/mussicom.com\/noticias\/wp-json\/wp\/v2\/comments?post=34392"}],"version-history":[{"count":0,"href":"https:\/\/mussicom.com\/noticias\/wp-json\/wp\/v2\/posts\/34392\/revisions"}],"wp:featuredmedia":[{"embeddable":true,"href":"https:\/\/mussicom.com\/noticias\/wp-json\/wp\/v2\/media\/31730"}],"wp:attachment":[{"href":"https:\/\/mussicom.com\/noticias\/wp-json\/wp\/v2\/media?parent=34392"}],"wp:term":[{"taxonomy":"category","embeddable":true,"href":"https:\/\/mussicom.com\/noticias\/wp-json\/wp\/v2\/categories?post=34392"},{"taxonomy":"post_tag","embeddable":true,"href":"https:\/\/mussicom.com\/noticias\/wp-json\/wp\/v2\/tags?post=34392"}],"curies":[{"name":"wp","href":"https:\/\/api.w.org\/{rel}","templated":true}]}}