{"id":34344,"date":"2025-08-01T17:10:58","date_gmt":"2025-08-01T20:10:58","guid":{"rendered":"https:\/\/mussicom.com\/unidades-moveis-do-viva-o-bairro-atendem-santistas-em-mais-dois-pontos\/"},"modified":"2025-08-01T17:10:58","modified_gmt":"2025-08-01T20:10:58","slug":"unidades-moveis-do-viva-o-bairro-atendem-santistas-em-mais-dois-pontos","status":"publish","type":"post","link":"https:\/\/mussicom.com\/noticias\/unidades-moveis-do-viva-o-bairro-atendem-santistas-em-mais-dois-pontos\/","title":{"rendered":"Unidades m\u00f3veis do Viva o Bairro atendem santistas em mais dois pontos"},"content":{"rendered":"<p> <br \/>\n<\/p>\n<div id=\"texto\">\n<p>A iniciativa, que busca ouvir diretamente os moradores sobre as principais necessidades da regi\u00e3o, \u00e9 coordenada pela Secretaria de Prefeituras Regionais (Sepref) em parceria com a Ouvidoria Municipal.<\/p>\n<p>Ambas permanecer\u00e3o nos bairros at\u00e9 3 de setembro, das 10h \u00e0s 16h. Durante esse per\u00edodo, qualquer morador pode comparecer, registrar sua demanda e contribuir com o planejamento das pr\u00f3ximas a\u00e7\u00f5es no bairro. No Boqueir\u00e3o, est\u00e1 na Avenida Oswaldo Cruz, 319 (Super Centro Boqueir\u00e3o) e na Alemoa, \u00e0 Rua Afonsina Proost de Souza s\/n\u00ba (em frente a Policl\u00ednica Alemoa).<\/p>\n<p>&#13;<br \/>\n<strong>ATENDIMENTO<\/strong><\/p>\n<p>A popula\u00e7\u00e3o pode registrar reclama\u00e7\u00f5es, sugest\u00f5es e solicita\u00e7\u00f5es de servi\u00e7os p\u00fablicos. A proposta \u00e9 identificar demandas espec\u00edficas do bairro e, a partir delas, iniciar uma nova fase de trabalhos de zeladoria, como limpeza de vias, poda de \u00e1rvores, tapa-buracos e manuten\u00e7\u00e3o de \u00e1reas p\u00fablicas.<\/p>\n<p>Para a aposentada e moradora do Boqueir\u00e3o Ana Maria Antunes, 74 anos, a iniciativa \u00e9 excelente. &#8220;Muito bom termos esse canal de comunica\u00e7\u00e3o com a Prefeitura para que possamos reclamar, opinar e elogiar sobre o que acontece no nosso bairro e na nossa cidade&#8221;.\u00a0<\/p>\n<p>&#13;<br \/>\n<strong>CANAIS DA OUVIDORIA<\/strong><\/p>\n<p>A Ouvidoria tamb\u00e9m pode ser acionada pelos telefones 162 ou 13 3213-7348, de segunda a sexta, das 7h \u00e0s 18h30, ou pessoalmente, no Pa\u00e7o Municipal (Pra\u00e7a Mau\u00e1 s\/n\u00ba &#8211; t\u00e9rreo), das 10h \u00e0s 16h. Pela internet, pelo site www.santos.sp.gov.br\/ouvidoria ou e-mail [email\u00a0protected] (somente para d\u00favidas e informa\u00e7\u00f5es)<\/p>\n<\/p><\/div>\n<p><script async defer crossorigin=\"anonymous\" src=\"https:\/\/connect.facebook.net\/pt_BR\/sdk.js#xfbml=1&#038;version=v12.0&#038;appId=&#038;autoLogAppEvents=1\" nonce=\"ou0fI1lo\"><\/script><br \/>\n<br \/><br \/>\n<br \/>Fonte: <a href=\"https:\/\/www.bs9.com.br\/litoral\/unidades-moveis-do-viva-o-bairro-atendem-santistas-em-mais-dois-pontos\/33665\/\">BS9<\/a><\/p>\n","protected":false},"excerpt":{"rendered":"<p>A iniciativa, que busca ouvir diretamente os moradores sobre as principais necessidades da regi\u00e3o, \u00e9 coordenada pela Secretaria de Prefeituras Regionais (Sepref) em parceria com a Ouvidoria Municipal. Ambas permanecer\u00e3o nos bairros at\u00e9 3 de setembro, das 10h \u00e0s 16h. Durante esse per\u00edodo, qualquer morador pode comparecer, registrar sua demanda e contribuir com o planejamento [&hellip;]<\/p>\n","protected":false},"author":5,"featured_media":34345,"comment_status":"open","ping_status":"open","sticky":false,"template":"","format":"standard","meta":{"_seopress_robots_primary_cat":"","_seopress_titles_title":"","_seopress_titles_desc":"","_seopress_robots_index":"","footnotes":""},"categories":[52],"tags":[],"class_list":["post-34344","post","type-post","status-publish","format-standard","has-post-thumbnail","hentry","category-santoseregiao"],"_links":{"self":[{"href":"https:\/\/mussicom.com\/noticias\/wp-json\/wp\/v2\/posts\/34344","targetHints":{"allow":["GET"]}}],"collection":[{"href":"https:\/\/mussicom.com\/noticias\/wp-json\/wp\/v2\/posts"}],"about":[{"href":"https:\/\/mussicom.com\/noticias\/wp-json\/wp\/v2\/types\/post"}],"author":[{"embeddable":true,"href":"https:\/\/mussicom.com\/noticias\/wp-json\/wp\/v2\/users\/5"}],"replies":[{"embeddable":true,"href":"https:\/\/mussicom.com\/noticias\/wp-json\/wp\/v2\/comments?post=34344"}],"version-history":[{"count":0,"href":"https:\/\/mussicom.com\/noticias\/wp-json\/wp\/v2\/posts\/34344\/revisions"}],"wp:featuredmedia":[{"embeddable":true,"href":"https:\/\/mussicom.com\/noticias\/wp-json\/wp\/v2\/media\/34345"}],"wp:attachment":[{"href":"https:\/\/mussicom.com\/noticias\/wp-json\/wp\/v2\/media?parent=34344"}],"wp:term":[{"taxonomy":"category","embeddable":true,"href":"https:\/\/mussicom.com\/noticias\/wp-json\/wp\/v2\/categories?post=34344"},{"taxonomy":"post_tag","embeddable":true,"href":"https:\/\/mussicom.com\/noticias\/wp-json\/wp\/v2\/tags?post=34344"}],"curies":[{"name":"wp","href":"https:\/\/api.w.org\/{rel}","templated":true}]}}