{"id":34255,"date":"2025-08-01T09:51:07","date_gmt":"2025-08-01T12:51:07","guid":{"rendered":"https:\/\/mussicom.com\/tarcisio-fara-procedimento-medico-e-nao-vai-a-ato-pro-bolsonaro\/"},"modified":"2025-08-01T09:51:07","modified_gmt":"2025-08-01T12:51:07","slug":"tarcisio-fara-procedimento-medico-e-nao-vai-a-ato-pro-bolsonaro","status":"publish","type":"post","link":"https:\/\/mussicom.com\/noticias\/tarcisio-fara-procedimento-medico-e-nao-vai-a-ato-pro-bolsonaro\/","title":{"rendered":"Tarc\u00edsio far\u00e1 procedimento m\u00e9dico e n\u00e3o vai a ato pr\u00f3-Bolsonaro"},"content":{"rendered":"<p> <br \/>\n<\/p>\n<div>\n<p class=\"postParagraph_post-paragraph-innerHtml__Q5vwc\">O governador de S\u00e3o Paulo, Tarc\u00edsio de Freitas (Republicanos), ser\u00e1 submetido a um procedimento m\u00e9dico no pr\u00f3ximo domingo (3), no Hospital Albert Einstein. No mesmo dia, apoiadores do ex-presidente Jair Bolsonaro (PL) se re\u00fanem na Avenida Paulista para o protesto \u201cReaja, Brasil\u201d. Tarc\u00edsio n\u00e3o deve comparecer \u00e0 manifesta\u00e7\u00e3o.<\/p>\n<p class=\"postParagraph_post-paragraph__juWZN\">A mobiliza\u00e7\u00e3o ocorrer\u00e1 em todo o pa\u00eds em defesa da anistia aos envolvidos nos atos de 8 de janeiro de 2023 e contra o presidente Lula (PT) e o ministro do Supremo Tribunal Federal (STF) Alexandre de Moraes. O evento come\u00e7ar\u00e1 \u00e0s 14h na capital paulista.<\/p>\n<p class=\"postParagraph_post-paragraph__juWZN\">No per\u00edodo da tarde, Tarc\u00edsio passar\u00e1 por uma radioabla\u00e7\u00e3o por ultrassonografia de tireoide. Minimamente invasivo, o procedimento \u00e9 feito com o aux\u00edlio de uma agulha e o aparelho de ultrassom que aplica radiofrequ\u00eancia para destruir n\u00f3dulos na regi\u00e3o.<\/p>\n<div class=\"postViewMore_post-view-more-container___5wai\" data-mrf-recirculation=\"Post - Veja tamb\u00e9m\">\n<p class=\"gp-styles-module-size-small-afeYRa gp-styles-module-font-family2-afeYRa gp-styles-module-color-secondary-afeYRa gp-styles-module-weight-bold-afeYRa\">VEJA TAMB\u00c9M:<\/p>\n<ul class=\"postViewMore_post-view-more-list__CU_CE\">\n<li class=\"postViewMore_post-view-more-item__2MzRb\"><span class=\"postViewMore_post-view-more-link-icon___stPC\"><svg xmlns=\"http:\/\/www.w3.org\/2000\/svg\" width=\"16\" height=\"16\" viewbox=\"0 0 16 16\"><rect width=\"16\" height=\"16\" fill=\"none\"\/><g transform=\"translate(3 3)\"><path d=\"M22.5,15l3.4,3.4-3.4,3.4\" transform=\"translate(-15.896 -11.793)\" fill=\"none\" stroke=\"#717171\" stroke-linecap=\"round\" stroke-width=\"1.4\"\/><path d=\"M6,6v4.2a2.452,2.452,0,0,0,2.5,2.4H16\" transform=\"translate(-6 -6)\" fill=\"none\" stroke=\"#717171\" stroke-linecap=\"round\" stroke-width=\"1.4\"\/><\/g><\/svg><\/span><span class=\"postViewMore_post-view-more-link-text__hO_kM\">Lula recebe ministros do STF em jantar no Alvorada ap\u00f3s san\u00e7\u00e3o de Trump a Moraes<\/span><\/li>\n<\/ul>\n<\/div>\n<p class=\"postParagraph_post-paragraph-innerHtml__Q5vwc\">Em nota, o governo de S\u00e3o Paulo informou que Tarc\u00edsio receber\u00e1 alta m\u00e9dica no mesmo dia e, na segunda-feira (4), dever\u00e1 cumprir agenda interna no Pal\u00e1cio dos Bandeirantes. Bolsonaro n\u00e3o participar\u00e1 do ato, pois est\u00e1 proibido de sair de casa nos finais de semana por ordem de Moraes. No \u00faltimo dia 18, o ministro imp\u00f4s uma s\u00e9rie de medidas cautelares ao ex-presidente, entre elas, o uso de tornozeleira eletr\u00f4nica e o recolhimento domiciliar noturno e nos finais de semana.<\/p>\n<p class=\"postParagraph_post-paragraph-innerHtml__Q5vwc\">O governador paulista virou alvo do deputado licenciado Eduardo Bolsonaro (PL-SP), que o chamou de \u201cservil\u201d, por buscar uma solu\u00e7\u00e3o comercial ao tarifa\u00e7o dos Estados Unidos. Na ocasi\u00e3o, Bolsonaro entrou em cena para minimizar a diverg\u00eancia na direita, mas a tr\u00e9gua durou poucos dias.<\/p>\n<p class=\"postParagraph_post-paragraph-innerHtml__Q5vwc\">Al\u00e9m disso, Tarc\u00edsio ainda n\u00e3o se manifestou sobre a aplica\u00e7\u00e3o da Lei Magnitsky contra Moraes. A san\u00e7\u00e3o ao ministro foi articulada por Eduardo e comemorada por apoiadores do ex-presidente. O deputado condiciona uma poss\u00edvel resolu\u00e7\u00e3o para o tarifa\u00e7o \u00e0 aprova\u00e7\u00e3o da anistia.<\/p>\n<p class=\"postParagraph_post-paragraph__juWZN\">O governador paulista \u00e9 o principal cotado para disputar a presid\u00eancia da Rep\u00fablica nas elei\u00e7\u00f5es de 2026 no lugar de Bolsonaro, que est\u00e1 ineleg\u00edvel at\u00e9 2030. Apesar disso, Tarc\u00edsio segue defendendo que o ex-presidente deve ser o representante da direita no pleito.<\/p>\n<\/div>\n<p><br \/>\n<br \/>Fonte: <a href=\"https:\/\/www.gazetadopovo.com.br\/republica\/tarcisio-fara-procedimento-medico-e-nao-vai-a-ato-pro-bolsonaro-no-domingo\/\">Revista Oeste<\/a><\/p>\n","protected":false},"excerpt":{"rendered":"<p>O governador de S\u00e3o Paulo, Tarc\u00edsio de Freitas (Republicanos), ser\u00e1 submetido a um procedimento m\u00e9dico no pr\u00f3ximo domingo (3), no Hospital Albert Einstein. No mesmo dia, apoiadores do ex-presidente Jair Bolsonaro (PL) se re\u00fanem na Avenida Paulista para o protesto \u201cReaja, Brasil\u201d. Tarc\u00edsio n\u00e3o deve comparecer \u00e0 manifesta\u00e7\u00e3o. A mobiliza\u00e7\u00e3o ocorrer\u00e1 em todo o pa\u00eds [&hellip;]<\/p>\n","protected":false},"author":5,"featured_media":34256,"comment_status":"open","ping_status":"open","sticky":false,"template":"","format":"standard","meta":{"_seopress_robots_primary_cat":"","_seopress_titles_title":"","_seopress_titles_desc":"","_seopress_robots_index":"","footnotes":""},"categories":[1],"tags":[],"class_list":["post-34255","post","type-post","status-publish","format-standard","has-post-thumbnail","hentry","category-ultimas-noticias"],"_links":{"self":[{"href":"https:\/\/mussicom.com\/noticias\/wp-json\/wp\/v2\/posts\/34255","targetHints":{"allow":["GET"]}}],"collection":[{"href":"https:\/\/mussicom.com\/noticias\/wp-json\/wp\/v2\/posts"}],"about":[{"href":"https:\/\/mussicom.com\/noticias\/wp-json\/wp\/v2\/types\/post"}],"author":[{"embeddable":true,"href":"https:\/\/mussicom.com\/noticias\/wp-json\/wp\/v2\/users\/5"}],"replies":[{"embeddable":true,"href":"https:\/\/mussicom.com\/noticias\/wp-json\/wp\/v2\/comments?post=34255"}],"version-history":[{"count":0,"href":"https:\/\/mussicom.com\/noticias\/wp-json\/wp\/v2\/posts\/34255\/revisions"}],"wp:featuredmedia":[{"embeddable":true,"href":"https:\/\/mussicom.com\/noticias\/wp-json\/wp\/v2\/media\/34256"}],"wp:attachment":[{"href":"https:\/\/mussicom.com\/noticias\/wp-json\/wp\/v2\/media?parent=34255"}],"wp:term":[{"taxonomy":"category","embeddable":true,"href":"https:\/\/mussicom.com\/noticias\/wp-json\/wp\/v2\/categories?post=34255"},{"taxonomy":"post_tag","embeddable":true,"href":"https:\/\/mussicom.com\/noticias\/wp-json\/wp\/v2\/tags?post=34255"}],"curies":[{"name":"wp","href":"https:\/\/api.w.org\/{rel}","templated":true}]}}