{"id":34247,"date":"2025-08-01T08:50:07","date_gmt":"2025-08-01T11:50:07","guid":{"rendered":"https:\/\/mussicom.com\/moraes-aciona-agu-para-agilizar-extradicao-de-carla-zambelli\/"},"modified":"2025-08-01T08:50:07","modified_gmt":"2025-08-01T11:50:07","slug":"moraes-aciona-agu-para-agilizar-extradicao-de-carla-zambelli","status":"publish","type":"post","link":"https:\/\/mussicom.com\/noticias\/moraes-aciona-agu-para-agilizar-extradicao-de-carla-zambelli\/","title":{"rendered":"Moraes aciona AGU para agilizar extradi\u00e7\u00e3o de Carla Zambelli"},"content":{"rendered":"<p> <br \/>\n<\/p>\n<div>\n<p class=\"postParagraph_post-paragraph__juWZN\">O ministro Alexandre de Moraes (STF) mandou \u00e0 Advocacia-Geral da Uni\u00e3o (AGU) acompanhar o processo de extradi\u00e7\u00e3o da deputada federal licenciada Carla Zambelli (PL-SP) e tomar as provid\u00eancias para garantir a volta da pol\u00edtica ao Brasil.<\/p>\n<p class=\"postParagraph_post-paragraph__juWZN\">O pedido formal de extradi\u00e7\u00e3o j\u00e1 foi enviado ao governo italiano, que pode extraditar seus cidad\u00e3os com base em tratados internacionais, como no caso do acordo entre Brasil e It\u00e1lia. Zambelli tem dupla cidadania: brasileira e italiana.<\/p>\n<p class=\"postParagraph_post-paragraph__juWZN\">Nesta sexta-feira (1\u00ba) ela ser\u00e1 ouvida pela Justi\u00e7a italiana, ap\u00f3s sua pris\u00e3o em Roma em 29 de julho. Zambelli est\u00e1 detida no pres\u00eddio feminino de Rebibbia, na capital italiana. Ela deixou o Brasil ap\u00f3s ser condenada pelo STF a dez anos de pris\u00e3o.<\/p>\n<p class=\"postParagraph_post-paragraph__juWZN\">A condena\u00e7\u00e3o ocorreu ap\u00f3s a sua suposta lideran\u00e7a na invas\u00e3o ao sistema do Conselho Nacional de Justi\u00e7a (CNJ) e pela emiss\u00e3o de um mandado de pris\u00e3o falso contra o ministro Alexandre de Moraes.<\/p>\n<p class=\"postParagraph_post-paragraph__juWZN\">Na audi\u00eancia, Carla Zambelli ser\u00e1 questionada se aceita retornar voluntariamente ao Brasil ou prefere enfrentar o processo de extradi\u00e7\u00e3o. Caso opte pela extradi\u00e7\u00e3o, o juiz decidir\u00e1 se ela ficar\u00e1 presa, em pris\u00e3o domiciliar ou em liberdade provis\u00f3ria at\u00e9 o julgamento completo.<\/p>\n<p class=\"postParagraph_post-paragraph__juWZN\">A defesa de Zambelli afirmou que a deputada deseja permanecer na It\u00e1lia para garantir um julgamento imparcial e justo, n\u00e3o planejando voltar voluntariamente ao Brasil. O processo de extradi\u00e7\u00e3o pode durar de um ano e meio a dois anos, com possibilidade de recursos em diversas inst\u00e2ncias judiciais italianas.<\/p>\n<\/div>\n<p><br \/>\n<br \/>Fonte: <a href=\"https:\/\/www.gazetadopovo.com.br\/republica\/extradicao-carla-zambelli\/\">Revista Oeste<\/a><\/p>\n","protected":false},"excerpt":{"rendered":"<p>O ministro Alexandre de Moraes (STF) mandou \u00e0 Advocacia-Geral da Uni\u00e3o (AGU) acompanhar o processo de extradi\u00e7\u00e3o da deputada federal licenciada Carla Zambelli (PL-SP) e tomar as provid\u00eancias para garantir a volta da pol\u00edtica ao Brasil. O pedido formal de extradi\u00e7\u00e3o j\u00e1 foi enviado ao governo italiano, que pode extraditar seus cidad\u00e3os com base em [&hellip;]<\/p>\n","protected":false},"author":5,"featured_media":25261,"comment_status":"open","ping_status":"open","sticky":false,"template":"","format":"standard","meta":{"_seopress_robots_primary_cat":"","_seopress_titles_title":"","_seopress_titles_desc":"","_seopress_robots_index":"","footnotes":""},"categories":[1],"tags":[],"class_list":["post-34247","post","type-post","status-publish","format-standard","has-post-thumbnail","hentry","category-ultimas-noticias"],"_links":{"self":[{"href":"https:\/\/mussicom.com\/noticias\/wp-json\/wp\/v2\/posts\/34247","targetHints":{"allow":["GET"]}}],"collection":[{"href":"https:\/\/mussicom.com\/noticias\/wp-json\/wp\/v2\/posts"}],"about":[{"href":"https:\/\/mussicom.com\/noticias\/wp-json\/wp\/v2\/types\/post"}],"author":[{"embeddable":true,"href":"https:\/\/mussicom.com\/noticias\/wp-json\/wp\/v2\/users\/5"}],"replies":[{"embeddable":true,"href":"https:\/\/mussicom.com\/noticias\/wp-json\/wp\/v2\/comments?post=34247"}],"version-history":[{"count":0,"href":"https:\/\/mussicom.com\/noticias\/wp-json\/wp\/v2\/posts\/34247\/revisions"}],"wp:featuredmedia":[{"embeddable":true,"href":"https:\/\/mussicom.com\/noticias\/wp-json\/wp\/v2\/media\/25261"}],"wp:attachment":[{"href":"https:\/\/mussicom.com\/noticias\/wp-json\/wp\/v2\/media?parent=34247"}],"wp:term":[{"taxonomy":"category","embeddable":true,"href":"https:\/\/mussicom.com\/noticias\/wp-json\/wp\/v2\/categories?post=34247"},{"taxonomy":"post_tag","embeddable":true,"href":"https:\/\/mussicom.com\/noticias\/wp-json\/wp\/v2\/tags?post=34247"}],"curies":[{"name":"wp","href":"https:\/\/api.w.org\/{rel}","templated":true}]}}