{"id":34242,"date":"2025-08-01T08:12:13","date_gmt":"2025-08-01T11:12:13","guid":{"rendered":"https:\/\/mussicom.com\/soja-enfrenta-alguns-gargalos\/"},"modified":"2025-08-01T08:12:13","modified_gmt":"2025-08-01T11:12:13","slug":"soja-enfrenta-alguns-gargalos","status":"publish","type":"post","link":"https:\/\/mussicom.com\/noticias\/soja-enfrenta-alguns-gargalos\/","title":{"rendered":"Soja enfrenta alguns gargalos"},"content":{"rendered":"<p> <br \/>\n<\/p>\n<div>\n<p>No mercado de soja do Rio Grande do Sul, perdas produtivas e entraves log\u00edsticos desafiam a comercializa\u00e7\u00e3o, segundo informa\u00e7\u00f5es da TF Agroecon\u00f4mica. \u201cPre\u00e7os reportados para pagamento em 08\/08 (entrega julho at\u00e9 07\/08) ficaram em R$ 139,00 (+0,72%) porto. Compradores est\u00e3o olhando com mais for\u00e7a para meses mais \u00e0 frente. No interior os pre\u00e7os de f\u00e1bricas seguiram o balizamento de cada pra\u00e7a. R$ 133,00 Cruz Alta \u2013 Pgto. 29\/08. R$ 133,00 Passo Fundo \u2013 Pgto. fim de agosto. R$ 132,00 (+0,76%) Iju\u00ed\u2013 Pgto. 29\/08 \u2013 para f\u00e1brica. R$ 132,00 Santa Rosa \/ S\u00e3o Luiz \u2013 Pgto. 11\/09. Pre\u00e7os de pedra em Panambi mantiveram-se em R$ 122,00 a saca ao produtor\u201d, comenta.&#13;\n<\/p>\n<p>Soja enfrenta gargalos log\u00edsticos e queda nas cota\u00e7\u00f5es. \u201cNo porto de S\u00e3o Francisco, a saca foi cotada a R$ 137,99 em 31 de julho, representando queda de 0,50% no dia. N\u00e3o houve novas informa\u00e7\u00f5es sobre o volume exato comercializado, mas sabemos que o produtor no geral, deseja pre\u00e7os melhores. Al\u00e9m disso, problemas de sobreposi\u00e7\u00e3o de safras intensificam a disputa por espa\u00e7o em armaz\u00e9ns e transporte, revelando um problema estrutural que afeta diretamente a liquidez e a rentabilidade do produtor, deixando todo o cen\u00e1rio de soja ca\u00f3tico. No porto de S\u00e3o Francisco, a saca de soja \u00e9 cotada a R$ 137,99 (-0,50%)\u201d, completa.<\/p>\n<p>Pre\u00e7os buscando equil\u00edbrio entre interior e porto, com alguns volumes negociados no Paran\u00e1. \u201cEm Paranagu\u00e1, o pre\u00e7o chegou R$ 139,82 (-0,29%). Em Cascavel, o pre\u00e7o foi 126,25 (+0,42%). Em Maring\u00e1, o pre\u00e7o foi de R$ 126,73 (+0,37%). Em Ponta Grossa o pre\u00e7o foi a R$ 128,05 (+0,55%) por saca FOB, Pato Branco o pre\u00e7o foi R$ 137,99 (-0,50%). No balc\u00e3o, os pre\u00e7os em Ponta Grossa ficaram em R$ 118,00\u201d, indica.&#13;\n<\/p>\n<p>Mato Grosso do Sul tem lentid\u00e3o nas vendas. \u201cEssa combina\u00e7\u00e3o impede que eles aproveitem os melhores momentos do mercado, comprometendo as margens de lucro. Em Dourados, o spot da soja ficou em R$ 122,07 (+1,54%), Campo Grande em R$ 122,07 (+1,54%), Maracaju em R$ 122,07 (+1,54%) , Chapad\u00e3o do Sul a R$ 119,14 (+0,38%), Sidrol\u00e2ndia a em R$ 120,22\u201d, informa.<\/p>\n<p>Mato Grosso amplia exporta\u00e7\u00f5es para a China. \u201cDe forma similar ao que est\u00e1 sendo visto em todas as regi\u00f5es, temos um s\u00e9rio d\u00e9ficit de armazenagem em Mato Grosso, diminuindo muito o poder de negocia\u00e7\u00e3o do produtor. Campo Verde: R$ 120,03 (+0,36%). Lucas do Rio Verde: R$ 117,07 (+0,26%), Nova Mutum: R$ 117,07 (+0,26%). Primavera do Leste: R$ 120,03 (+0,36%). Rondon\u00f3polis: R$ 120,03 (+0,36%). Sorriso: R$ 117,07 (+0,26%)\u201d, conclui.<br \/>&#13;<br \/>\n\u00a0&#13;\n<\/p>\n<\/p><\/div>\n<p><script data-cfasync=\"false\">\n    !function (f, b, e, v, n, t, s) {\n        if (f.fbq) return; n = f.fbq = function () {\n            n.callMethod ?\n                n.callMethod.apply(n, arguments) : n.queue.push(arguments)\n        };\n        if (!f._fbq) f._fbq = n; n.push = n; n.loaded = !0; n.version = '2.0';\n        n.queue = []; t = b.createElement(e); t.async = !0;\n        t.src = v; s = b.getElementsByTagName(e)[0];\n        s.parentNode.insertBefore(t, s)\n    }(window, document, 'script',\n        'https:\/\/connect.facebook.net\/en_US\/fbevents.js');\n    fbq('init', '522546078623747');\n    fbq('track', 'PageView');\n<\/script><br \/>\n<br \/><br \/>\n<br \/>Fonte: <a href=\"https:\/\/www.agrolink.com.br\/noticias\/soja-enfrenta-alguns-gargalos_504531.html\">AGROLINK<\/a><\/p>\n","protected":false},"excerpt":{"rendered":"<p>No mercado de soja do Rio Grande do Sul, perdas produtivas e entraves log\u00edsticos desafiam a comercializa\u00e7\u00e3o, segundo informa\u00e7\u00f5es da TF Agroecon\u00f4mica. \u201cPre\u00e7os reportados para pagamento em 08\/08 (entrega julho at\u00e9 07\/08) ficaram em R$ 139,00 (+0,72%) porto. Compradores est\u00e3o olhando com mais for\u00e7a para meses mais \u00e0 frente. No interior os pre\u00e7os de f\u00e1bricas [&hellip;]<\/p>\n","protected":false},"author":5,"featured_media":30844,"comment_status":"open","ping_status":"open","sticky":false,"template":"","format":"standard","meta":{"_seopress_robots_primary_cat":"","_seopress_titles_title":"","_seopress_titles_desc":"","_seopress_robots_index":"","footnotes":""},"categories":[53],"tags":[],"class_list":["post-34242","post","type-post","status-publish","format-standard","has-post-thumbnail","hentry","category-agronegocio"],"_links":{"self":[{"href":"https:\/\/mussicom.com\/noticias\/wp-json\/wp\/v2\/posts\/34242","targetHints":{"allow":["GET"]}}],"collection":[{"href":"https:\/\/mussicom.com\/noticias\/wp-json\/wp\/v2\/posts"}],"about":[{"href":"https:\/\/mussicom.com\/noticias\/wp-json\/wp\/v2\/types\/post"}],"author":[{"embeddable":true,"href":"https:\/\/mussicom.com\/noticias\/wp-json\/wp\/v2\/users\/5"}],"replies":[{"embeddable":true,"href":"https:\/\/mussicom.com\/noticias\/wp-json\/wp\/v2\/comments?post=34242"}],"version-history":[{"count":0,"href":"https:\/\/mussicom.com\/noticias\/wp-json\/wp\/v2\/posts\/34242\/revisions"}],"wp:featuredmedia":[{"embeddable":true,"href":"https:\/\/mussicom.com\/noticias\/wp-json\/wp\/v2\/media\/30844"}],"wp:attachment":[{"href":"https:\/\/mussicom.com\/noticias\/wp-json\/wp\/v2\/media?parent=34242"}],"wp:term":[{"taxonomy":"category","embeddable":true,"href":"https:\/\/mussicom.com\/noticias\/wp-json\/wp\/v2\/categories?post=34242"},{"taxonomy":"post_tag","embeddable":true,"href":"https:\/\/mussicom.com\/noticias\/wp-json\/wp\/v2\/tags?post=34242"}],"curies":[{"name":"wp","href":"https:\/\/api.w.org\/{rel}","templated":true}]}}