{"id":34046,"date":"2025-07-31T18:33:13","date_gmt":"2025-07-31T21:33:13","guid":{"rendered":"https:\/\/mussicom.com\/se-depender-de-lula-conversa-com-trump-e-ontem-diz-alckmin\/"},"modified":"2025-07-31T18:33:13","modified_gmt":"2025-07-31T21:33:13","slug":"se-depender-de-lula-conversa-com-trump-e-ontem-diz-alckmin","status":"publish","type":"post","link":"https:\/\/mussicom.com\/noticias\/se-depender-de-lula-conversa-com-trump-e-ontem-diz-alckmin\/","title":{"rendered":"Se depender de Lula, conversa com Trump \u00e9 \u201contem\u201d, diz Alckmin"},"content":{"rendered":"<p> <br \/>\n<\/p>\n<div>\n<p class=\"postParagraph_post-paragraph-innerHtml__Q5vwc\">O vice-presidente Geraldo Alckmin (PSB) afirmou nesta quinta (31) que, se dependesse apenas do presidente Luiz In\u00e1cio Lula da Silva (PT), a conversa com seu hom\u00f3logo norte-americano Donald Trump j\u00e1 teria acontecido \u201contem\u201d.<\/p>\n<p class=\"postParagraph_post-paragraph-innerHtml__Q5vwc\">A possibilidade de que Lula e Trump conversem por telefone ou, at\u00e9 mesmo, presencialmente em uma visita de Estado aos EUA vem sendo discutida pelo governo para negociar o tarifa\u00e7o de 50% imposto a produtos brasileiros exportados para l\u00e1.<\/p>\n<p class=\"postParagraph_post-paragraph-innerHtml__Q5vwc\">\u201cConversa de presidente da Rep\u00fablica precisa ser preparada, o presidente Lula est\u00e1 aberto ao di\u00e1logo. Se depender dele, o di\u00e1logo \u00e9 \u2018ontem\u2019\u201d, disse o vice-presidente em entrevista \u00e0 <em>TV Globo.<\/em> Ele pr\u00f3prio disse que iria aos Estados Unidos &#8220;ontem&#8221; para um encontro, mas que as negocia\u00e7\u00f5es v\u00eam avan\u00e7ando mesmo \u00e0 dist\u00e2ncia.<\/p>\n<div class=\"postViewMore_post-view-more-container___5wai\" data-mrf-recirculation=\"Post - Veja tamb\u00e9m\">\n<p class=\"gp-styles-module-size-small-afeYRa gp-styles-module-font-family2-afeYRa gp-styles-module-color-secondary-afeYRa gp-styles-module-weight-bold-afeYRa\">VEJA TAMB\u00c9M:<\/p>\n<ul class=\"postViewMore_post-view-more-list__CU_CE\">\n<li class=\"postViewMore_post-view-more-item__2MzRb\">\n<div class=\"postViewMore_post-view-more-image__5gUSe\"><picture class=\"imageDefault_image-container__XGd8_\"><\/picture><\/div>\n<p>\u201cM\u00e1 informa\u00e7\u00e3o\u201d de brasileiros nos EUA levou \u00e0 \u201cpersegui\u00e7\u00e3o\u201d de Moraes, diz Haddad<\/li>\n<\/ul>\n<\/div>\n<p class=\"postParagraph_post-paragraph__juWZN\">Alckmin afirmou que as negocia\u00e7\u00f5es para um acordo ao tarifa\u00e7o imposto por Trump est\u00e3o ocorrendo em diversas frentes por membros do governo, como ele pr\u00f3prio com o secret\u00e1rio de Com\u00e9rcio dos Estados Unidos, Howard Lutnick; com o ministro Fernando Haddad (Fazenda) ao secret\u00e1rio Scott Bessent (Tesouro); e do chanceler Mauro Vieira (Rela\u00e7\u00f5es Exteriores) a Marco Rubio, secret\u00e1rio de Estado do pa\u00eds.<\/p>\n<p class=\"postParagraph_post-paragraph-innerHtml__Q5vwc\">Em um encontro fora da agenda oficial, Vieira e Rubio se reuniram na quarta (30) em meio \u00e0 assinatura de Trump da ordem executiva que adiou a entrada em vigor da taxa\u00e7\u00e3o para o dia 6 de agosto e a isen\u00e7\u00e3o de quase 700 produtos.<\/p>\n<p class=\"postParagraph_post-paragraph__juWZN\">\u201cN\u00f3s n\u00e3o criamos o problema. Mas, estamos trabalhando para resolver\u201d, seguiu Alckmin ressaltando n\u00e3o haver justificativa para o tarifa\u00e7o.<\/p>\n<p class=\"postParagraph_post-paragraph-innerHtml__Q5vwc\">Ainda durante a entrevista, o vice-presidente afirmou que Lula tem deixado claro que negocia apenas aspectos econ\u00f4micos da taxa\u00e7\u00e3o, sem tocar em quest\u00f5es pol\u00edticas. Isso, porqu\u00ea, Trump justificou a medida como uma resposta ao que seria uma \u201cca\u00e7a \u00e0s bruxas\u201d do ex-presidente Jair Bolsonaro (PL) no processo que apura uma suposta tentativa de golpe de Estado ap\u00f3s as elei\u00e7\u00f5es de 2022.<\/p>\n<p class=\"postParagraph_post-paragraph__juWZN\">Alckmin ressaltou que \u201c\u00e9 inegoci\u00e1vel a soberania do pa\u00eds\u201d e que \u201cn\u00e3o tem como interferir em outro poder\u201d, com base no que determina a Constitui\u00e7\u00e3o sobre a separa\u00e7\u00e3o e independ\u00eancia dos Tr\u00eas Poderes.<\/p>\n<p class=\"postParagraph_post-paragraph__juWZN\">\u201cEle [Lula] ficou preso um ano e meio e nunca quis derrubar a democracia e nem o Poder Judici\u00e1rio. \u00c9 outro poder\u201d, disparou lembrando do c\u00e1rcere do ex-presidente ap\u00f3s ser condenado por corrup\u00e7\u00e3o no \u00e2mbito da Opera\u00e7\u00e3o Lava Jato.<\/p>\n<p class=\"postParagraph_post-paragraph__juWZN\">O vice-presidente afirmou, ainda, que a reuni\u00e3o convocada \u00e0s pressas por Lula na noite de quarta (30), com a participa\u00e7\u00e3o do ministro Lu\u00eds Roberto Barroso, que presidente o Supremo Tribunal Federal (STF), com ele e outros magistrados ocorreu para elaborar um posicionamento oficial do governo \u00e0s san\u00e7\u00f5es de Trump.<\/p>\n<p class=\"postParagraph_post-paragraph__juWZN\">Entre elas a aplica\u00e7\u00e3o da Lei Magnitsky contra Alexandre de Moraes, que o impede de realizar transa\u00e7\u00f5es financeiras nos Estados Unidos ou ter rela\u00e7\u00e3o econ\u00f4mica com empresas do pa\u00eds. \u201cOs Tr\u00eas Poderes disseram solidariedade ao Moraes, n\u00e3o pode a Lei Magnitsky punir um juiz que est\u00e1 cumprindo o seu dever\u201d, pontuou.<\/p>\n<p class=\"postParagraph_post-paragraph__juWZN\">\u201cA Justi\u00e7a n\u00e3o inicia processo, ela \u00e9 provocada por um cidad\u00e3o, por uma entidade, institui\u00e7\u00e3o ou pelo Minist\u00e9rio P\u00fablico. Ela se pronuncia baseada na lei, ent\u00e3o n\u00e3o pode punir algu\u00e9m por cumprir seu dever de juiz\u201d, completou.<\/p>\n<\/div>\n<p><br \/>\n<br \/>Fonte: <a href=\"https:\/\/www.gazetadopovo.com.br\/republica\/conversa-com-trump-ontem-alckmin-negociacao-tarifaco\/\">Revista Oeste<\/a><\/p>\n","protected":false},"excerpt":{"rendered":"<p>O vice-presidente Geraldo Alckmin (PSB) afirmou nesta quinta (31) que, se dependesse apenas do presidente Luiz In\u00e1cio Lula da Silva (PT), a conversa com seu hom\u00f3logo norte-americano Donald Trump j\u00e1 teria acontecido \u201contem\u201d. A possibilidade de que Lula e Trump conversem por telefone ou, at\u00e9 mesmo, presencialmente em uma visita de Estado aos EUA vem [&hellip;]<\/p>\n","protected":false},"author":5,"featured_media":34047,"comment_status":"open","ping_status":"open","sticky":false,"template":"","format":"standard","meta":{"_seopress_robots_primary_cat":"","_seopress_titles_title":"","_seopress_titles_desc":"","_seopress_robots_index":"","footnotes":""},"categories":[1],"tags":[],"class_list":["post-34046","post","type-post","status-publish","format-standard","has-post-thumbnail","hentry","category-ultimas-noticias"],"_links":{"self":[{"href":"https:\/\/mussicom.com\/noticias\/wp-json\/wp\/v2\/posts\/34046","targetHints":{"allow":["GET"]}}],"collection":[{"href":"https:\/\/mussicom.com\/noticias\/wp-json\/wp\/v2\/posts"}],"about":[{"href":"https:\/\/mussicom.com\/noticias\/wp-json\/wp\/v2\/types\/post"}],"author":[{"embeddable":true,"href":"https:\/\/mussicom.com\/noticias\/wp-json\/wp\/v2\/users\/5"}],"replies":[{"embeddable":true,"href":"https:\/\/mussicom.com\/noticias\/wp-json\/wp\/v2\/comments?post=34046"}],"version-history":[{"count":0,"href":"https:\/\/mussicom.com\/noticias\/wp-json\/wp\/v2\/posts\/34046\/revisions"}],"wp:featuredmedia":[{"embeddable":true,"href":"https:\/\/mussicom.com\/noticias\/wp-json\/wp\/v2\/media\/34047"}],"wp:attachment":[{"href":"https:\/\/mussicom.com\/noticias\/wp-json\/wp\/v2\/media?parent=34046"}],"wp:term":[{"taxonomy":"category","embeddable":true,"href":"https:\/\/mussicom.com\/noticias\/wp-json\/wp\/v2\/categories?post=34046"},{"taxonomy":"post_tag","embeddable":true,"href":"https:\/\/mussicom.com\/noticias\/wp-json\/wp\/v2\/tags?post=34046"}],"curies":[{"name":"wp","href":"https:\/\/api.w.org\/{rel}","templated":true}]}}