{"id":34015,"date":"2025-07-31T16:33:58","date_gmt":"2025-07-31T19:33:58","guid":{"rendered":"https:\/\/mussicom.com\/prefeitura-realiza-cadastro-habitacional-para-mapear-demanda-por-moradia-em-mongagua\/"},"modified":"2025-07-31T16:33:58","modified_gmt":"2025-07-31T19:33:58","slug":"prefeitura-realiza-cadastro-habitacional-para-mapear-demanda-por-moradia-em-mongagua","status":"publish","type":"post","link":"https:\/\/mussicom.com\/noticias\/prefeitura-realiza-cadastro-habitacional-para-mapear-demanda-por-moradia-em-mongagua\/","title":{"rendered":"Prefeitura realiza Cadastro Habitacional para mapear demanda por moradia em Mongagu\u00e1"},"content":{"rendered":"<p> <br \/>\n<\/p>\n<div id=\"texto\">\n<p>A iniciativa tem como objetivo levantar dados atualizados sobre a realidade habitacional do munic\u00edpio, com foco no mapeamento de fam\u00edlias em situa\u00e7\u00e3o de vulnerabilidade e no planejamento de pol\u00edticas p\u00fablicas mais eficazes para os pr\u00f3ximos anos.<\/p>\n<p>\u00a0<\/p>\n<p>\u00c9 importante salientar que trata-se de um cadastramento, e n\u00e3o de uma inscri\u00e7\u00e3o para programas habitacionais. Ou seja, o preenchimento do formul\u00e1rio n\u00e3o garante vaga nem classifica\u00e7\u00e3o em projetos de moradia, mas \u00e9 fundamental para que o munic\u00edpio compreenda a demanda real por habita\u00e7\u00e3o.<\/p>\n<p>\u00a0<\/p>\n<p>Segundo o Secret\u00e1rio de Habita\u00e7\u00e3o, Fernando Felizi, a ferramenta \u00e9 essencial para a elabora\u00e7\u00e3o de pol\u00edticas p\u00fablicas mais precisas e justas. &#8220;Atrav\u00e9s do cadastro, teremos informa\u00e7\u00f5es concretas sobre o perfil das fam\u00edlias que precisam de moradia em Mongagu\u00e1, o que nos permitir\u00e1 direcionar melhor os recursos e a\u00e7\u00f5es do poder p\u00fablico&#8221;, destaca.<\/p>\n<p>&#13;<br \/>\n<strong>Quem pode participar<\/strong><\/p>\n<p>O cadastro \u00e9 destinado a moradores de Mongagu\u00e1 com resid\u00eancia fixa, maiores de 18 anos e que n\u00e3o possuam nenhuma moradia pr\u00f3pria.<\/p>\n<p>O formul\u00e1rio \u00e9 simples e pode ser preenchido em poucos minutos, exigindo apenas documentos pessoais b\u00e1sicos. O acesso deve ser feito pelo site: www.mongagua.sp.gov.br\/cadastro-habitacional-de-mongagua<\/p>\n<p>O sistema permanecer\u00e1 aberto de forma cont\u00ednua, para que os dados possam ser mantidos atualizados ao longo do tempo, conforme muda a realidade da cidade.<\/p>\n<p>&#13;<br \/>\n<strong>D\u00e9ficit habitacional<\/strong><\/p>\n<p>Atualmente, Mongagu\u00e1 enfrenta um d\u00e9ficit habitacional estimado em 8% da popula\u00e7\u00e3o, com cerca de 900 fam\u00edlias vivendo em \u00e1reas de risco. Esses n\u00fameros refor\u00e7am a urg\u00eancia da iniciativa e a necessidade de organizar o acesso \u00e0 moradia digna.<\/p>\n<p>&#13;<br \/>\n<strong>Projetos em andamento<\/strong><\/p>\n<p>O munic\u00edpio est\u00e1 inscrito no programa Minha Casa, Minha Vida, com 80 unidades habitacionais j\u00e1 iniciadas e outras 200 em fase de articula\u00e7\u00e3o junto ao Governo Federal. A Secretaria de Habita\u00e7\u00e3o refor\u00e7a que o Cadastro Habitacional poder\u00e1 ser utilizado como base para a sele\u00e7\u00e3o de benefici\u00e1rios desses e de futuros programas de moradia.<\/p>\n<p>&#13;<br \/>\n<strong>Iniciativa in\u00e9dita<\/strong><\/p>\n<p>Este \u00e9 o primeiro levantamento habitacional organizado nos moldes atuais em Mongagu\u00e1. A administra\u00e7\u00e3o municipal espera, com esse avan\u00e7o, melhorar o atendimento \u00e0 popula\u00e7\u00e3o e reduzir o d\u00e9ficit habitacional nos pr\u00f3ximos anos. &#8220;Esse cadastramento \u00e9 uma inova\u00e7\u00e3o. Com ele, poderemos atuar com mais precis\u00e3o, planejando a\u00e7\u00f5es que realmente atendam \u00e0s fam\u00edlias que mais precisam&#8221;, conclui o Secret\u00e1rio.\u00a0<\/p>\n<\/p><\/div>\n<p><script async defer crossorigin=\"anonymous\" src=\"https:\/\/connect.facebook.net\/pt_BR\/sdk.js#xfbml=1&#038;version=v12.0&#038;appId=&#038;autoLogAppEvents=1\" nonce=\"ou0fI1lo\"><\/script><br \/>\n<br \/><br \/>\n<br \/>Fonte: <a href=\"https:\/\/www.bs9.com.br\/litoral\/prefeitura-realiza-cadastro-habitacional-para-mapear-demanda-por\/33630\/\">BS9<\/a><\/p>\n","protected":false},"excerpt":{"rendered":"<p>A iniciativa tem como objetivo levantar dados atualizados sobre a realidade habitacional do munic\u00edpio, com foco no mapeamento de fam\u00edlias em situa\u00e7\u00e3o de vulnerabilidade e no planejamento de pol\u00edticas p\u00fablicas mais eficazes para os pr\u00f3ximos anos. \u00a0 \u00c9 importante salientar que trata-se de um cadastramento, e n\u00e3o de uma inscri\u00e7\u00e3o para programas habitacionais. Ou seja, [&hellip;]<\/p>\n","protected":false},"author":5,"featured_media":34016,"comment_status":"open","ping_status":"open","sticky":false,"template":"","format":"standard","meta":{"_seopress_robots_primary_cat":"","_seopress_titles_title":"","_seopress_titles_desc":"","_seopress_robots_index":"","footnotes":""},"categories":[52],"tags":[],"class_list":["post-34015","post","type-post","status-publish","format-standard","has-post-thumbnail","hentry","category-santoseregiao"],"_links":{"self":[{"href":"https:\/\/mussicom.com\/noticias\/wp-json\/wp\/v2\/posts\/34015","targetHints":{"allow":["GET"]}}],"collection":[{"href":"https:\/\/mussicom.com\/noticias\/wp-json\/wp\/v2\/posts"}],"about":[{"href":"https:\/\/mussicom.com\/noticias\/wp-json\/wp\/v2\/types\/post"}],"author":[{"embeddable":true,"href":"https:\/\/mussicom.com\/noticias\/wp-json\/wp\/v2\/users\/5"}],"replies":[{"embeddable":true,"href":"https:\/\/mussicom.com\/noticias\/wp-json\/wp\/v2\/comments?post=34015"}],"version-history":[{"count":0,"href":"https:\/\/mussicom.com\/noticias\/wp-json\/wp\/v2\/posts\/34015\/revisions"}],"wp:featuredmedia":[{"embeddable":true,"href":"https:\/\/mussicom.com\/noticias\/wp-json\/wp\/v2\/media\/34016"}],"wp:attachment":[{"href":"https:\/\/mussicom.com\/noticias\/wp-json\/wp\/v2\/media?parent=34015"}],"wp:term":[{"taxonomy":"category","embeddable":true,"href":"https:\/\/mussicom.com\/noticias\/wp-json\/wp\/v2\/categories?post=34015"},{"taxonomy":"post_tag","embeddable":true,"href":"https:\/\/mussicom.com\/noticias\/wp-json\/wp\/v2\/tags?post=34015"}],"curies":[{"name":"wp","href":"https:\/\/api.w.org\/{rel}","templated":true}]}}