{"id":34010,"date":"2025-07-31T16:12:49","date_gmt":"2025-07-31T19:12:49","guid":{"rendered":"https:\/\/mussicom.com\/copom-interrompe-alta-e-mantem-taxa-selic-em-15-ao-ano\/"},"modified":"2025-07-31T16:12:49","modified_gmt":"2025-07-31T19:12:49","slug":"copom-interrompe-alta-e-mantem-taxa-selic-em-15-ao-ano","status":"publish","type":"post","link":"https:\/\/mussicom.com\/noticias\/copom-interrompe-alta-e-mantem-taxa-selic-em-15-ao-ano\/","title":{"rendered":"Copom interrompe alta e mant\u00e9m taxa Selic em 15% ao ano"},"content":{"rendered":"<p> <br \/>\n<\/p>\n<div>\n<p class=\"postParagraph_post-paragraph__juWZN\">O Comit\u00ea de Pol\u00edtica Monet\u00e1ria (Copom) do Banco Central (BC) decidiu nesta quarta-feira (30) interromper o ciclo de 10 meses de alta e manteve a taxa b\u00e1sica de juros em 15% ao ano. A Selic est\u00e1 no maior n\u00edvel desde julho de 2006, quando chegou a 15,25% ao ano. A decis\u00e3o foi tomada por unanimidade.<\/p>\n<p class=\"postParagraph_post-paragraph__juWZN\">Em nota, o Copom antecipou que pretende manter a &#8220;interrup\u00e7\u00e3o no ciclo de alta de juros para examinar os impactos acumulados do ajuste j\u00e1 realizado&#8221; e avaliar, posteriormente, se a &#8220;manuten\u00e7\u00e3o por per\u00edodo bastante prolongado, \u00e9 suficiente para assegurar a converg\u00eancia da infla\u00e7\u00e3o \u00e0 meta&#8221;.<\/p>\n<p class=\"postParagraph_post-paragraph-innerHtml__Q5vwc\">O c\u00f4mite afirma que &#8220;acompanha com particular aten\u00e7\u00e3o&#8221; o tarifa\u00e7o imposto pelo presidente dos Estados Unidos, Donald Trump, ao Brasil, &#8220;refor\u00e7ando a postura de cautela em cen\u00e1rio de maior incerteza&#8221;. Outro ponto de aten\u00e7\u00e3o para o Banco Central \u00e9  o impacto da pol\u00edtica fiscal na pol\u00edtica monet\u00e1ria e nos ativos financeiros.<\/p>\n<div class=\"postViewMore_post-view-more-container___5wai\" data-mrf-recirculation=\"Post - Veja tamb\u00e9m\">\n<p class=\"gp-styles-module-size-small-afeYRa gp-styles-module-font-family2-afeYRa gp-styles-module-color-secondary-afeYRa gp-styles-module-weight-bold-afeYRa\">VEJA TAMB\u00c9M:<\/p>\n<ul class=\"postViewMore_post-view-more-list__CU_CE\">\n<li class=\"postViewMore_post-view-more-item__2MzRb\"><span class=\"postViewMore_post-view-more-link-icon___stPC\"><svg xmlns=\"http:\/\/www.w3.org\/2000\/svg\" width=\"16\" height=\"16\" viewbox=\"0 0 16 16\"><rect width=\"16\" height=\"16\" fill=\"none\"\/><g transform=\"translate(3 3)\"><path d=\"M22.5,15l3.4,3.4-3.4,3.4\" transform=\"translate(-15.896 -11.793)\" fill=\"none\" stroke=\"#717171\" stroke-linecap=\"round\" stroke-width=\"1.4\"\/><path d=\"M6,6v4.2a2.452,2.452,0,0,0,2.5,2.4H16\" transform=\"translate(-6 -6)\" fill=\"none\" stroke=\"#717171\" stroke-linecap=\"round\" stroke-width=\"1.4\"\/><\/g><\/svg><\/span><span class=\"postViewMore_post-view-more-link-text__hO_kM\">Lula convoca ministros para reuni\u00e3o de emerg\u00eancia e diz que \u201c\u00e9 dia sagrado da soberania\u201d<\/span><\/li>\n<\/ul>\n<\/div>\n<p class=\"postParagraph_post-paragraph__juWZN\">&#8220;O cen\u00e1rio segue sendo marcado por expectativas desancoradas, proje\u00e7\u00f5es de infla\u00e7\u00e3o elevadas, resili\u00eancia na atividade econ\u00f4mica e press\u00f5es no mercado de trabalho. Para assegurar a converg\u00eancia da infla\u00e7\u00e3o \u00e0 meta em ambiente de expectativas desancoradas, exige-se uma pol\u00edtica monet\u00e1ria em patamar significativamente contracionista por per\u00edodo bastante prolongado&#8221;, destacou o colegiado.<\/p>\n<p class=\"postParagraph_post-paragraph-innerHtml__Q5vwc\">Analistas do mercado estimam que o patamar ser\u00e1 mantido at\u00e9 o fim de 2025, segundo o boletim Focus desta semana. A expectativa \u00e9 que a redu\u00e7\u00e3o do aperto tenha in\u00edcio em 2026. O \u00cdndice Nacional de Pre\u00e7os ao Consumidor Amplo (IPCA), considerado a infla\u00e7\u00e3o oficial do pa\u00eds, registrou um aumento de 0,24% nos pre\u00e7os em junho. Nos \u00faltimos 12 meses, o IPCA acumulou 5,35%.<\/p>\n<p class=\"postParagraph_post-paragraph-innerHtml__Q5vwc\">Na semana passada, o IPCA-15, a pr\u00e9via da infla\u00e7\u00e3o, mostrou que os pre\u00e7os subiram 0,33% em julho. O avan\u00e7o foi motivado, principalmente, pela alta na conta de luz. O teto da meta cont\u00ednua estabelecida pelo Conselho Monet\u00e1rio Nacional (CMN) \u00e9 de 3% para este ano, com intervalo de toler\u00e2ncia de 1,5 ponto percentual para cima ou para baixo. Com isso, o limite inferior \u00e9 1,5% e o superior \u00e9 4,5%. Neste modelo, a meta \u00e9 apurada m\u00eas a m\u00eas, considerando a infla\u00e7\u00e3o acumulada em 12 meses.<\/p>\n<h2 class=\"postParagraph_post-paragraph__juWZN postParagraph_type-tag-h2__TtFkT\">Copom diz que cen\u00e1rio externo est\u00e1 &#8220;mais adverso&#8221; pela pol\u00edtica econ\u00f4mica dos EUA<\/h2>\n<p class=\"postParagraph_post-paragraph__juWZN\">\u200bNo comunicado,o Copom apontou que o &#8220;ambiente externo est\u00e1 mais adverso e incerto em fun\u00e7\u00e3o da conjuntura e da pol\u00edtica econ\u00f4mica nos Estados Unidos, principalmente acerca de suas pol\u00edticas comercial e fiscal e de seus respectivos efeitos&#8221;.<\/p>\n<p class=\"postParagraph_post-paragraph__juWZN\">Mais cedo, o Federal Reserve (Fed, o banco central americano) manteve as taxas de juros inalteradas na faixa de 4,25% a 4,5%, embora dois de seus membros tenham votado contra a manuten\u00e7\u00e3o.<\/p>\n<p class=\"postParagraph_post-paragraph__juWZN\">&#8220;Consequentemente, o comportamento e a volatilidade de diferentes classes de ativos t\u00eam sido afetados, com reflexos nas condi\u00e7\u00f5es financeiras globais. Tal cen\u00e1rio exige particular cautela por parte de pa\u00edses emergentes em ambiente marcado por tens\u00e3o geopol\u00edtica&#8221;, ressaltou o Copom.<\/p>\n<p class=\"postParagraph_post-paragraph__juWZN\">Desde o in\u00edcio de seu segundo mandato, Trump vem pedindo ao presidente do Fed, Jerome Powell, que reduza as taxas. Nas \u00faltimas semanas, ele intensificou seus ataques com mensagens quase di\u00e1rias afirmando que a economia dos EUA est\u00e1 &#8220;melhor do que nunca sob sua lideran\u00e7a&#8221;.<\/p>\n<p class=\"postParagraph_post-paragraph__juWZN\">A declara\u00e7\u00e3o do Comit\u00ea Federal de Mercado Aberto (FOMC) do Fed reiterou, ao final de sua reuni\u00e3o de dois dias, que &#8220;ao considerar o escopo e o momento de novos apertos&#8221;, a entidade &#8220;avaliar\u00e1 cuidadosamente os dados que est\u00e3o chegando, a evolu\u00e7\u00e3o das perspectivas e o equil\u00edbrio dos riscos&#8221;.<\/p>\n<p class=\"postParagraph_post-paragraph-innerHtml__Q5vwc\">O Fed acrescentou que as implica\u00e7\u00f5es das informa\u00e7\u00f5es recebidas para as perspectivas econ\u00f4micas continuar\u00e3o a ser monitoradas de perto e que, se surgirem riscos que possam impedir a realiza\u00e7\u00e3o de seus objetivos, o comit\u00ea estar\u00e1 pronto para ajustar a orienta\u00e7\u00e3o de sua pol\u00edtica econ\u00f4mica.<strong> (Com Ag\u00eancia EFE)<\/strong><\/p>\n<\/div>\n<p><br \/>\n<br \/>Fonte: <a href=\"https:\/\/www.gazetadopovo.com.br\/economia\/copom-interrompe-ciclo-de-alta-mantem-taxa-de-juros-selic-em-15-ao-ano\/\">Gazeta do Povo<\/a><\/p>\n","protected":false},"excerpt":{"rendered":"<p>O Comit\u00ea de Pol\u00edtica Monet\u00e1ria (Copom) do Banco Central (BC) decidiu nesta quarta-feira (30) interromper o ciclo de 10 meses de alta e manteve a taxa b\u00e1sica de juros em 15% ao ano. A Selic est\u00e1 no maior n\u00edvel desde julho de 2006, quando chegou a 15,25% ao ano. A decis\u00e3o foi tomada por unanimidade. [&hellip;]<\/p>\n","protected":false},"author":5,"featured_media":34011,"comment_status":"open","ping_status":"open","sticky":false,"template":"","format":"standard","meta":{"_seopress_robots_primary_cat":"","_seopress_titles_title":"","_seopress_titles_desc":"","_seopress_robots_index":"","footnotes":""},"categories":[45],"tags":[],"class_list":["post-34010","post","type-post","status-publish","format-standard","has-post-thumbnail","hentry","category-economia"],"_links":{"self":[{"href":"https:\/\/mussicom.com\/noticias\/wp-json\/wp\/v2\/posts\/34010","targetHints":{"allow":["GET"]}}],"collection":[{"href":"https:\/\/mussicom.com\/noticias\/wp-json\/wp\/v2\/posts"}],"about":[{"href":"https:\/\/mussicom.com\/noticias\/wp-json\/wp\/v2\/types\/post"}],"author":[{"embeddable":true,"href":"https:\/\/mussicom.com\/noticias\/wp-json\/wp\/v2\/users\/5"}],"replies":[{"embeddable":true,"href":"https:\/\/mussicom.com\/noticias\/wp-json\/wp\/v2\/comments?post=34010"}],"version-history":[{"count":0,"href":"https:\/\/mussicom.com\/noticias\/wp-json\/wp\/v2\/posts\/34010\/revisions"}],"wp:featuredmedia":[{"embeddable":true,"href":"https:\/\/mussicom.com\/noticias\/wp-json\/wp\/v2\/media\/34011"}],"wp:attachment":[{"href":"https:\/\/mussicom.com\/noticias\/wp-json\/wp\/v2\/media?parent=34010"}],"wp:term":[{"taxonomy":"category","embeddable":true,"href":"https:\/\/mussicom.com\/noticias\/wp-json\/wp\/v2\/categories?post=34010"},{"taxonomy":"post_tag","embeddable":true,"href":"https:\/\/mussicom.com\/noticias\/wp-json\/wp\/v2\/tags?post=34010"}],"curies":[{"name":"wp","href":"https:\/\/api.w.org\/{rel}","templated":true}]}}