{"id":34006,"date":"2025-07-31T15:35:04","date_gmt":"2025-07-31T18:35:04","guid":{"rendered":"https:\/\/mussicom.com\/saude-reforca-vacinacao-contra-sarampo-no-tocantins-e-maranhao\/"},"modified":"2025-07-31T15:35:04","modified_gmt":"2025-07-31T18:35:04","slug":"saude-reforca-vacinacao-contra-sarampo-no-tocantins-e-maranhao","status":"publish","type":"post","link":"https:\/\/mussicom.com\/noticias\/saude-reforca-vacinacao-contra-sarampo-no-tocantins-e-maranhao\/","title":{"rendered":"Sa\u00fade refor\u00e7a vacina\u00e7\u00e3o contra sarampo no Tocantins e Maranh\u00e3o"},"content":{"rendered":"<p> <br \/>\n<\/p>\n<div>\n<p><strong>Ap\u00f3s a confirma\u00e7\u00e3o de 11 casos de sarampo no munic\u00edpio de Campos Lindos, no Tocantins, na semana passada, o Minist\u00e9rio da Sa\u00fade informou que est\u00e1 intensificando a vacina\u00e7\u00e3o contra a doen\u00e7a na regi\u00e3o.<\/strong><img decoding=\"async\" src=\"https:\/\/agenciabrasil.ebc.com.br\/ebc.gif?id=1652714&amp;o=node\" style=\"width:1px; height:1px; display:inline;\"\/><\/p>\n<p>Em nota, detalhou que, desde o in\u00edcio do refor\u00e7o at\u00e9 o momento, foram aplicadas mais de 1,1 mil doses em Campos Lindos e em Aragua\u00edna (TO).<\/p>\n<p><strong>Ainda de acordo com o comunicado, a previs\u00e3o \u00e9 que os munic\u00edpios de Balsas e Imperatriz, ambos no Maranh\u00e3o, recebam refor\u00e7o na vacina\u00e7\u00e3o contra o sarampo at\u00e9 a pr\u00f3xima sexta-feira (1\u00ba), devido \u00e0 proximidade com a divisa do Tocantins.<\/strong><\/p>\n<p>O Minist\u00e9rio da Sa\u00fade informou que, desde o \u00faltimo dia 21, mant\u00e9m equipes permanentes em Campos Lindos e em cidades vizinhas para vigil\u00e2ncia e bloqueio vacinal. A a\u00e7\u00e3o inclui varredura vacinal e busca ativa na comunidade.<\/p>\n<p>\u201cT\u00e9cnicos do estado e do munic\u00edpio conferem a caderneta vacinal de pessoas entre seis meses e 59 anos e indicam a vacina contra o sarampo para quem n\u00e3o est\u00e1 imunizado\u201d, detalhou o minist\u00e9rio. Al\u00e9m dos 11 casos confirmados, outros seis seguem em investiga\u00e7\u00e3o.<\/p>\n<p>&gt;&gt; Siga o canal da <strong>Ag\u00eancia Brasil <\/strong>no WhatsApp<\/p>\n<h2>N\u00fameros<\/h2>\n<p><strong>Nos dias 17 e 26 de julho, o governo federal realizou o Dia D de vacina\u00e7\u00e3o contra o sarampo em cidades do Acre, Rond\u00f4nia, Tocantins, Mato Grosso e Mato Grosso do Sul localizadas na fronteira com a Bol\u00edvia, que enfrenta um surto da doen\u00e7a. Cerca de tr\u00eas mil pessoas foram vacinadas.<\/strong><\/p>\n<p>No primeiro Dia D, o Acre aplicou 1,8 mil doses \u2014 quatro vezes mais que o contabilizado na vacina\u00e7\u00e3o de rotina, que registra, em m\u00e9dia, 436 doses. No segundo dia, foram aplicadas 249 doses no Acre, 79 em Rond\u00f4nia, 527 em Mato Grosso e 157 em Mato Grosso do Sul.<\/p>\n<blockquote>\n<p>\u201cO Minist\u00e9rio da Sa\u00fade refor\u00e7a a import\u00e2ncia de manter a vacina\u00e7\u00e3o contra o sarampo em dia. Com estoque suficiente em todos os estados, a recomenda\u00e7\u00e3o \u00e9 procurar a unidade de sa\u00fade mais pr\u00f3xima e garantir a prote\u00e7\u00e3o contra a doen\u00e7a, que \u00e9 preven\u00edvel principalmente pela vacina\u201d, finaliza.\u00a0<\/p>\n<\/blockquote>\n<p>      <!-- Relacionada --><\/p>\n<p>            <!-- Relacionada -->\n    <\/div>\n<p><br \/>\n<br \/>Fonte: <a href=\"https:\/\/agenciabrasil.ebc.com.br\/saude\/noticia\/2025-07\/saude-reforca-vacinacao-contra-sarampo-no-tocantins-e-maranhao\">Ag\u00eancia Brasil<\/a><\/p>\n","protected":false},"excerpt":{"rendered":"<p>Ap\u00f3s a confirma\u00e7\u00e3o de 11 casos de sarampo no munic\u00edpio de Campos Lindos, no Tocantins, na semana passada, o Minist\u00e9rio da Sa\u00fade informou que est\u00e1 intensificando a vacina\u00e7\u00e3o contra a doen\u00e7a na regi\u00e3o. Em nota, detalhou que, desde o in\u00edcio do refor\u00e7o at\u00e9 o momento, foram aplicadas mais de 1,1 mil doses em Campos Lindos [&hellip;]<\/p>\n","protected":false},"author":5,"featured_media":31224,"comment_status":"open","ping_status":"open","sticky":false,"template":"","format":"standard","meta":{"_seopress_robots_primary_cat":"","_seopress_titles_title":"","_seopress_titles_desc":"","_seopress_robots_index":"","footnotes":""},"categories":[46],"tags":[],"class_list":["post-34006","post","type-post","status-publish","format-standard","has-post-thumbnail","hentry","category-saude"],"_links":{"self":[{"href":"https:\/\/mussicom.com\/noticias\/wp-json\/wp\/v2\/posts\/34006","targetHints":{"allow":["GET"]}}],"collection":[{"href":"https:\/\/mussicom.com\/noticias\/wp-json\/wp\/v2\/posts"}],"about":[{"href":"https:\/\/mussicom.com\/noticias\/wp-json\/wp\/v2\/types\/post"}],"author":[{"embeddable":true,"href":"https:\/\/mussicom.com\/noticias\/wp-json\/wp\/v2\/users\/5"}],"replies":[{"embeddable":true,"href":"https:\/\/mussicom.com\/noticias\/wp-json\/wp\/v2\/comments?post=34006"}],"version-history":[{"count":0,"href":"https:\/\/mussicom.com\/noticias\/wp-json\/wp\/v2\/posts\/34006\/revisions"}],"wp:featuredmedia":[{"embeddable":true,"href":"https:\/\/mussicom.com\/noticias\/wp-json\/wp\/v2\/media\/31224"}],"wp:attachment":[{"href":"https:\/\/mussicom.com\/noticias\/wp-json\/wp\/v2\/media?parent=34006"}],"wp:term":[{"taxonomy":"category","embeddable":true,"href":"https:\/\/mussicom.com\/noticias\/wp-json\/wp\/v2\/categories?post=34006"},{"taxonomy":"post_tag","embeddable":true,"href":"https:\/\/mussicom.com\/noticias\/wp-json\/wp\/v2\/tags?post=34006"}],"curies":[{"name":"wp","href":"https:\/\/api.w.org\/{rel}","templated":true}]}}