{"id":33918,"date":"2025-07-31T10:04:16","date_gmt":"2025-07-31T13:04:16","guid":{"rendered":"https:\/\/mussicom.com\/medidas-de-trump-tem-muita-injustica-mesmo-com-isencoes\/"},"modified":"2025-07-31T10:04:16","modified_gmt":"2025-07-31T13:04:16","slug":"medidas-de-trump-tem-muita-injustica-mesmo-com-isencoes","status":"publish","type":"post","link":"https:\/\/mussicom.com\/noticias\/medidas-de-trump-tem-muita-injustica-mesmo-com-isencoes\/","title":{"rendered":"medidas de Trump t\u00eam \u201cmuita injusti\u00e7a\u201d mesmo com isen\u00e7\u00f5es"},"content":{"rendered":"<p> <br \/>\n<\/p>\n<div>\n<p class=\"postParagraph_post-paragraph-innerHtml__Q5vwc\">O ministro Fernando Haddad, da Fazenda, afirmou nesta quinta (31) que as isen\u00e7\u00f5es dadas pelo presidente Donald Trump ao tarifa\u00e7o de 50% sobre os produtos brasileiros s\u00e3o apenas o \u201cponto de partida\u201d da negocia\u00e7\u00e3o, mas que as medidas ainda t\u00eam \u201cmuita injusti\u00e7a\u201d.<\/p>\n<p class=\"postParagraph_post-paragraph-innerHtml__Q5vwc\">Na v\u00e9spera, Trump assinou a ordem executiva confirmando a taxa\u00e7\u00e3o \u00e0s importa\u00e7\u00f5es do Brasil para os Estados Unidos excluindo quase 700 produtos, entre componentes aeron\u00e1uticos, petr\u00f3leo, suco de laranja e alguns min\u00e9rios. No entanto, produtos como caf\u00e9, carnes e algumas frutas seguem tarifados com a previs\u00e3o de in\u00edcio adiada para o dia 6 de agosto.<\/p>\n<p class=\"postParagraph_post-paragraph__juWZN\">\u201cAlgumas das nossas observa\u00e7\u00f5es foram evidentemente apreciadas e contempladas, mas estamos longe do ponto de chegada. Estamos num ponto de partida mais favor\u00e1vel do que se imaginava, mas longe do ponto de chegada. H\u00e1 muita injusti\u00e7a, h\u00e1 corre\u00e7\u00f5es a serem feitas, h\u00e1 setores afetados que n\u00e3o precisariam estar sendo afetados, nenhum a rigor\u201d, afirmou a jornalistas ao chegar no minist\u00e9rio mais cedo.<\/p>\n<div class=\"postViewMore_post-view-more-container___5wai\" data-mrf-recirculation=\"Post - Veja tamb\u00e9m\">\n<p class=\"gp-styles-module-size-small-afeYRa gp-styles-module-font-family2-afeYRa gp-styles-module-color-secondary-afeYRa gp-styles-module-weight-bold-afeYRa\">VEJA TAMB\u00c9M:<\/p>\n<ul class=\"postViewMore_post-view-more-list__CU_CE\">\n<li class=\"postViewMore_post-view-more-item__2MzRb\">\n<div class=\"postViewMore_post-view-more-image__5gUSe\"><picture class=\"imageDefault_image-container__XGd8_\"><\/picture><\/div>\n<p>PGR expressa \u201cassombro\u201d com aplica\u00e7\u00e3o da Magnitsky a Alexandre de Moraes<\/li>\n<\/ul>\n<\/div>\n<h2 class=\"postParagraph_post-paragraph__juWZN postParagraph_type-tag-h2__TtFkT\">Negocia\u00e7\u00f5es continuam<\/h2>\n<p class=\"postParagraph_post-paragraph-innerHtml__Q5vwc\">Fernando Haddad confirmou que conversou na quarta (30) com a equipe do secret\u00e1rio do Tesouro dos Estados Unidos, Scott Bessent, para agendar uma nova reuni\u00e3o de negocia\u00e7\u00e3o. Ele havia mencionado nesta semana que estava tentando um novo encontro, com a possibilidade de participar junto do vice-presidente Geraldo Alckmin (PSB), que \u00e9 tamb\u00e9m ministro do Desenvolvimento, Ind\u00fastria e Com\u00e9rcio (MDIC).<\/p>\n<p class=\"postParagraph_post-paragraph__juWZN\">\u201cHaver\u00e1 agora uma rodada de negocia\u00e7\u00f5es e vamos levar \u00e0s autoridades americanas os nossos pontos de vista, e obviamente vamos recorrer nas inst\u00e2ncias devidas \u2013 tanto nos Estados Unidos como nos organismos internacionais \u2013 no sentido de sensibilizar para buscar mais integra\u00e7\u00e3o e parcerias\u201d, pontuou.<\/p>\n<p class=\"postParagraph_post-paragraph__juWZN\">O ministro citou que setores que n\u00e3o tiveram isen\u00e7\u00e3o de tarifas neste momento est\u00e3o em uma situa\u00e7\u00e3o dram\u00e1tica que precisa ser negociada por afetar n\u00e3o apenas os neg\u00f3cios no Brasil, mas tamb\u00e9m nos Estados Unidos.<\/p>\n<p class=\"postParagraph_post-paragraph__juWZN\">Ainda de acordo com Haddad, a pretens\u00e3o do Brasil \u2013 como uma \u201cgrande economia\u201d \u2013 \u00e9 de se aproximar dos Estados Unidos e ampliar o com\u00e9rcio bilateral, mas sem ser apenas um \u201cap\u00eandice de nenhuma outra economia\u201d sem \u201cdepend\u00eancia de nenhum bloco econ\u00f4mico\u201d, citando a Uni\u00e3o Europeia, a China e o pr\u00f3prio pa\u00eds norte-americano.<\/p>\n<p class=\"postParagraph_post-paragraph__juWZN\">Haddad ressaltou que o plano de conting\u00eancia para o aux\u00edlio de setores afetados pelo tarifa\u00e7o de Trump ser\u00e1 lan\u00e7ado nos pr\u00f3ximos dias e deve contemplar medidas como \u201cprote\u00e7\u00e3o \u00e0 ind\u00fastria brasileira, aos empregos, ao agro tamb\u00e9m, quando for o caso\u201d, analisando cada setor.<\/p>\n<p class=\"postParagraph_post-paragraph__juWZN\">\u201cA atitude do Brasil tem sido a atitude correta, de argumentar, levar \u00e0 considera\u00e7\u00e3o do governo dos Estados Unidos, os pontos de vista s\u00f3brios, serenos e maduros do Brasil, buscar mais coopera\u00e7\u00e3o\u201d, afirmou pontuando que medidas como as impostas por Trump causam desequil\u00edbrios econ\u00f4micos que afetam n\u00e3o apenas o Brasil, mas todo o Mercosul.<\/p>\n<h2 class=\"postParagraph_post-paragraph__juWZN postParagraph_type-tag-h2__TtFkT\">\u201cAgress\u00e3o de uma pot\u00eancia\u201d<\/h2>\n<p class=\"postParagraph_post-paragraph-innerHtml__Q5vwc\">Fernando Haddad voltou a ressaltar a motiva\u00e7\u00e3o pol\u00edtica do tarifa\u00e7o, afirmando que eventuais questionamentos \u00e0s decis\u00f5es judiciais brasileiras podem ser levados a organismos internacionais, e n\u00e3o uma \u201cagress\u00e3o de uma pot\u00eancia externa contra os interesses do Brasil\u201d.<\/p>\n<p class=\"postParagraph_post-paragraph__juWZN\">\u201cTemos um Poder Judici\u00e1rio que funciona. E, quando ele n\u00e3o funciona, ou se tem a percep\u00e7\u00e3o que ele n\u00e3o est\u00e1 funcionando bem, voc\u00ea tem o Comit\u00ea de Direitos Humanos da ONU. O presidente Lula n\u00e3o recorreu a ele [quando foi julgado e preso]? O Brasil \u00e9 signat\u00e1rio de todos os acordos e conven\u00e7\u00f5es internacionais que protegem os direitos humanos\u201d, pontuou o ministro.<\/p>\n<p class=\"postParagraph_post-paragraph__juWZN\">O ministro afirmou que o Brasil tem uma \u201clegisla\u00e7\u00e3o ampla\u201d de direitos humanos, que ele acredita ser \u201cuma das mais maduras do mundo, ao contr\u00e1rio do que a ordem executiva [de Trump] faz crer\u201d. \u201c\u00c9 um dos pa\u00edses mais democr\u00e1ticos do mundo hoje\u201d, completou.<\/p>\n<p class=\"postParagraph_post-paragraph__juWZN\">\u201cTemos que explicar que a persegui\u00e7\u00e3o a um ministro da Suprema Corte n\u00e3o \u00e9 o caminho para uma negocia\u00e7\u00e3o. [A san\u00e7\u00e3o a Moraes pela Lei Magnitsky] \u00e9 fruto de desinforma\u00e7\u00e3o ou de m\u00e1 informa\u00e7\u00e3o que est\u00e1 sendo prestada por brasileiros nos Estados Unidos\u201d, disparou o ministro.<\/p>\n<p class=\"postParagraph_post-paragraph__juWZN\">Haddad ainda frisou que o Brasil est\u00e1 sendo fragilizado pela atua\u00e7\u00e3o \u201cde uma for\u00e7a interna trabalhando contra os interesses do pa\u00eds\u201d, e que n\u00e3o h\u00e1 nada semelhante no mundo com o que est\u00e1 acontecendo aqui.<\/p>\n<\/div>\n<p><br \/>\n<br \/>Fonte: <a href=\"https:\/\/www.gazetadopovo.com.br\/economia\/haddad-medidas-trump-muita-injustica-isencao-alguns-setores\/\">Gazeta do Povo<\/a><\/p>\n","protected":false},"excerpt":{"rendered":"<p>O ministro Fernando Haddad, da Fazenda, afirmou nesta quinta (31) que as isen\u00e7\u00f5es dadas pelo presidente Donald Trump ao tarifa\u00e7o de 50% sobre os produtos brasileiros s\u00e3o apenas o \u201cponto de partida\u201d da negocia\u00e7\u00e3o, mas que as medidas ainda t\u00eam \u201cmuita injusti\u00e7a\u201d. Na v\u00e9spera, Trump assinou a ordem executiva confirmando a taxa\u00e7\u00e3o \u00e0s importa\u00e7\u00f5es do [&hellip;]<\/p>\n","protected":false},"author":5,"featured_media":33919,"comment_status":"open","ping_status":"open","sticky":false,"template":"","format":"standard","meta":{"_seopress_robots_primary_cat":"","_seopress_titles_title":"","_seopress_titles_desc":"","_seopress_robots_index":"","footnotes":""},"categories":[45],"tags":[],"class_list":["post-33918","post","type-post","status-publish","format-standard","has-post-thumbnail","hentry","category-economia"],"_links":{"self":[{"href":"https:\/\/mussicom.com\/noticias\/wp-json\/wp\/v2\/posts\/33918","targetHints":{"allow":["GET"]}}],"collection":[{"href":"https:\/\/mussicom.com\/noticias\/wp-json\/wp\/v2\/posts"}],"about":[{"href":"https:\/\/mussicom.com\/noticias\/wp-json\/wp\/v2\/types\/post"}],"author":[{"embeddable":true,"href":"https:\/\/mussicom.com\/noticias\/wp-json\/wp\/v2\/users\/5"}],"replies":[{"embeddable":true,"href":"https:\/\/mussicom.com\/noticias\/wp-json\/wp\/v2\/comments?post=33918"}],"version-history":[{"count":0,"href":"https:\/\/mussicom.com\/noticias\/wp-json\/wp\/v2\/posts\/33918\/revisions"}],"wp:featuredmedia":[{"embeddable":true,"href":"https:\/\/mussicom.com\/noticias\/wp-json\/wp\/v2\/media\/33919"}],"wp:attachment":[{"href":"https:\/\/mussicom.com\/noticias\/wp-json\/wp\/v2\/media?parent=33918"}],"wp:term":[{"taxonomy":"category","embeddable":true,"href":"https:\/\/mussicom.com\/noticias\/wp-json\/wp\/v2\/categories?post=33918"},{"taxonomy":"post_tag","embeddable":true,"href":"https:\/\/mussicom.com\/noticias\/wp-json\/wp\/v2\/tags?post=33918"}],"curies":[{"name":"wp","href":"https:\/\/api.w.org\/{rel}","templated":true}]}}