{"id":33855,"date":"2025-07-31T04:53:56","date_gmt":"2025-07-31T07:53:56","guid":{"rendered":"https:\/\/mussicom.com\/trump-anuncia-acordo-com-coreia-do-sul-para-reduzir-tarifa\/"},"modified":"2025-07-31T04:53:56","modified_gmt":"2025-07-31T07:53:56","slug":"trump-anuncia-acordo-com-coreia-do-sul-para-reduzir-tarifa","status":"publish","type":"post","link":"https:\/\/mussicom.com\/noticias\/trump-anuncia-acordo-com-coreia-do-sul-para-reduzir-tarifa\/","title":{"rendered":"Trump anuncia acordo com Coreia do Sul para reduzir tarifa"},"content":{"rendered":"<p> <br \/>\n<\/p>\n<div>\n<p class=\"postParagraph_post-paragraph__juWZN\">O presidente dos Estados Unidos, Donald Trump, anunciou nesta quarta-feira (30) que chegou a um acordo com a Coreia do Sul para reduzir as tarifas sobre os produtos sul-coreanos de 25% para 15%.<\/p>\n<p class=\"postParagraph_post-paragraph__juWZN\">\u201cConcordamos com uma tarifa de 15% para a Coreia do Sul. Os Estados Unidos n\u00e3o pagar\u00e3o nenhuma tarifa\u201d, declarou o presidente republicano em sua plataforma Truth Social.<\/p>\n<p class=\"postParagraph_post-paragraph__juWZN\">De acordo com o presidente, o acordo tamb\u00e9m prev\u00ea que a Coreia do Sul invista US$ 350 bilh\u00f5es nos Estados Unidos e compre US$ 100 bilh\u00f5es em g\u00e1s natural liquefeito e outros produtos energ\u00e9ticos americanos.<\/p>\n<p class=\"postParagraph_post-paragraph__juWZN\">Al\u00e9m disso, a Coreia do Sul estar\u00e1 \u201ccompletamente aberta\u201d ao com\u00e9rcio com os Estados Unidos, facilitando a compra de autom\u00f3veis e produtos agr\u00edcolas americanos.<\/p>\n<p class=\"postParagraph_post-paragraph__juWZN\">O presidente n\u00e3o detalhou nenhuma concess\u00e3o por parte dos Estados Unidos.<\/p>\n<p class=\"postParagraph_post-paragraph__juWZN\">Trump formalizar\u00e1 esse pacto com o presidente sul-coreano, Lee Jae-myung, durante uma reuni\u00e3o entre os dois l\u00edderes na Casa Branca nas pr\u00f3ximas duas semanas, acrescentou.<\/p>\n<p class=\"postParagraph_post-paragraph__juWZN\">Esta sexta-feira (1\u00ba) ser\u00e1 o prazo final estabelecido por Trump para a imposi\u00e7\u00e3o unilateral de tarifas sobre seus parceiros comerciais, caso nenhum acordo pr\u00e9vio tenha sido alcan\u00e7ado.<\/p>\n<p class=\"postParagraph_post-paragraph__juWZN\">A Coreia do Sul \u00e9 o principal parceiro comercial asi\u00e1tico dos Estados Unidos, juntamente com o Jap\u00e3o. Com o Jap\u00e3o, Trump tamb\u00e9m concordou recentemente em reduzir as tarifas de 25% para 15%.<\/p>\n<p class=\"postParagraph_post-paragraph__juWZN\">No \u00faltimo domingo, o presidente americano tamb\u00e9m anunciou um acordo com Bruxelas pelo qual os EUA impor\u00e3o tarifas de 15% sobre a maioria dos produtos da Uni\u00e3o Europeia (UE).<\/p>\n<div class=\"postViewMore_post-view-more-container___5wai\" data-mrf-recirculation=\"Post - Veja tamb\u00e9m\">\n<p class=\"gp-styles-module-size-small-afeYRa gp-styles-module-font-family2-afeYRa gp-styles-module-color-secondary-afeYRa gp-styles-module-weight-bold-afeYRa\">VEJA TAMB\u00c9M:<\/p>\n<ul class=\"postViewMore_post-view-more-list__CU_CE\">\n<li class=\"postViewMore_post-view-more-item__2MzRb\">\n<div class=\"postViewMore_post-view-more-image__5gUSe\"><picture class=\"imageDefault_image-container__XGd8_\"><\/picture><\/div>\n<p>Trump cita Moraes e Bolsonaro em decreto que oficializa tarifa de 50% para o Brasil<\/li>\n<li class=\"postViewMore_post-view-more-item__2MzRb\">\n<div class=\"postViewMore_post-view-more-image__5gUSe\"><picture class=\"imageDefault_image-container__XGd8_\"><img decoding=\"async\" class=\"imageDefault_image-item__lU2Dk\" src=\"https:\/\/media.gazetadopovo.com.br\/2025\/07\/30104932\/8022590150001w-380x214.jpg.webp\" alt=\"\" width=\"72\" height=\"72\"\/><\/picture><\/div>\n<p>Trump anuncia tarifa de 25% e \u201cmulta\u201d para a \u00cdndia citando rela\u00e7\u00f5es com a R\u00fassia<\/li>\n<\/ul>\n<\/div>\n<\/div>\n<p><br \/>\n<br \/>Fonte: <a href=\"https:\/\/www.gazetadopovo.com.br\/mundo\/trump-anuncia-acordo-com-coreia-do-sul-tarifa\/\">Revista Oeste<\/a><\/p>\n","protected":false},"excerpt":{"rendered":"<p>O presidente dos Estados Unidos, Donald Trump, anunciou nesta quarta-feira (30) que chegou a um acordo com a Coreia do Sul para reduzir as tarifas sobre os produtos sul-coreanos de 25% para 15%. \u201cConcordamos com uma tarifa de 15% para a Coreia do Sul. Os Estados Unidos n\u00e3o pagar\u00e3o nenhuma tarifa\u201d, declarou o presidente republicano [&hellip;]<\/p>\n","protected":false},"author":5,"featured_media":33856,"comment_status":"open","ping_status":"open","sticky":false,"template":"","format":"standard","meta":{"_seopress_robots_primary_cat":"","_seopress_titles_title":"","_seopress_titles_desc":"","_seopress_robots_index":"","footnotes":""},"categories":[48],"tags":[],"class_list":["post-33855","post","type-post","status-publish","format-standard","has-post-thumbnail","hentry","category-internacional"],"_links":{"self":[{"href":"https:\/\/mussicom.com\/noticias\/wp-json\/wp\/v2\/posts\/33855","targetHints":{"allow":["GET"]}}],"collection":[{"href":"https:\/\/mussicom.com\/noticias\/wp-json\/wp\/v2\/posts"}],"about":[{"href":"https:\/\/mussicom.com\/noticias\/wp-json\/wp\/v2\/types\/post"}],"author":[{"embeddable":true,"href":"https:\/\/mussicom.com\/noticias\/wp-json\/wp\/v2\/users\/5"}],"replies":[{"embeddable":true,"href":"https:\/\/mussicom.com\/noticias\/wp-json\/wp\/v2\/comments?post=33855"}],"version-history":[{"count":0,"href":"https:\/\/mussicom.com\/noticias\/wp-json\/wp\/v2\/posts\/33855\/revisions"}],"wp:featuredmedia":[{"embeddable":true,"href":"https:\/\/mussicom.com\/noticias\/wp-json\/wp\/v2\/media\/33856"}],"wp:attachment":[{"href":"https:\/\/mussicom.com\/noticias\/wp-json\/wp\/v2\/media?parent=33855"}],"wp:term":[{"taxonomy":"category","embeddable":true,"href":"https:\/\/mussicom.com\/noticias\/wp-json\/wp\/v2\/categories?post=33855"},{"taxonomy":"post_tag","embeddable":true,"href":"https:\/\/mussicom.com\/noticias\/wp-json\/wp\/v2\/tags?post=33855"}],"curies":[{"name":"wp","href":"https:\/\/api.w.org\/{rel}","templated":true}]}}