{"id":33804,"date":"2025-07-31T01:07:53","date_gmt":"2025-07-31T04:07:53","guid":{"rendered":"https:\/\/mussicom.com\/moraes-vai-a-jogo-do-corinthians-horas-apos-sofrer-sancao\/"},"modified":"2025-07-31T01:07:53","modified_gmt":"2025-07-31T04:07:53","slug":"moraes-vai-a-jogo-do-corinthians-horas-apos-sofrer-sancao","status":"publish","type":"post","link":"https:\/\/mussicom.com\/noticias\/moraes-vai-a-jogo-do-corinthians-horas-apos-sofrer-sancao\/","title":{"rendered":"Moraes vai a jogo do Corinthians horas ap\u00f3s sofrer san\u00e7\u00e3o"},"content":{"rendered":"<p> <br \/>\n<\/p>\n<div>\n<p class=\"postParagraph_post-paragraph-innerHtml__Q5vwc\">O ministro Alexandre de Moraes, do Supremo Tribunal Federal (STF), foi at\u00e9 \u00e0 Neo Qu\u00edmica Arena, na noite desta quarta-feira (30), para acompanhar o jogo entre Corinthians e Palmeiras, pelas oitavas de final da Copa do Brasil. Corintiano fervoroso, Moraes viu seu time ganhar do rival hist\u00f3rico por 1 a 0, horas depois de ser alvo de san\u00e7\u00f5es do governo dos Estados Unidos.<\/p>\n<p class=\"postParagraph_post-paragraph-innerHtml__Q5vwc\">O magistrado chegou ao local sorridente ao lado da esposa, a advogada Viviane Barci de Moraes, acenou e brincou com pessoas pr\u00f3ximas que o filmavam, gritando \u201cvai Corinthians\u201d. No camarote, o ministro fez um gesto obsceno com o dedo do meio, o momento foi registrado pelo <em>Estad\u00e3o<\/em>.<\/p>\n<p class=\"postParagraph_post-paragraph__juWZN\">Moraes \u00e9 presen\u00e7a recorrente nos jogos do Corinthians. Em junho de 2020, o ministro viralizou ap\u00f3s utilizar uma caneca do time durante uma sess\u00e3o do STF sobre o inqu\u00e9rito das fake news. Em novembro de 2024, fez uma doa\u00e7\u00e3o para o Corinthians quitar a d\u00edvida da constru\u00e7\u00e3o de seu est\u00e1dio. O valor n\u00e3o foi divulgado, mas o ministro recebeu um certificado por participar da campanha.<\/p>\n<div class=\"postViewMore_post-view-more-container___5wai\" data-mrf-recirculation=\"Post - Veja tamb\u00e9m\">\n<p class=\"gp-styles-module-size-small-afeYRa gp-styles-module-font-family2-afeYRa gp-styles-module-color-secondary-afeYRa gp-styles-module-weight-bold-afeYRa\">VEJA TAMB\u00c9M:<\/p>\n<ul class=\"postViewMore_post-view-more-list__CU_CE\">\n<li class=\"postViewMore_post-view-more-item__2MzRb\"><span class=\"postViewMore_post-view-more-link-icon___stPC\"><svg xmlns=\"http:\/\/www.w3.org\/2000\/svg\" width=\"16\" height=\"16\" viewbox=\"0 0 16 16\"><rect width=\"16\" height=\"16\" fill=\"none\"\/><g transform=\"translate(3 3)\"><path d=\"M22.5,15l3.4,3.4-3.4,3.4\" transform=\"translate(-15.896 -11.793)\" fill=\"none\" stroke=\"#717171\" stroke-linecap=\"round\" stroke-width=\"1.4\"\/><path d=\"M6,6v4.2a2.452,2.452,0,0,0,2.5,2.4H16\" transform=\"translate(-6 -6)\" fill=\"none\" stroke=\"#717171\" stroke-linecap=\"round\" stroke-width=\"1.4\"\/><\/g><\/svg><\/span><span class=\"postViewMore_post-view-more-link-text__hO_kM\">Escalada p\u00f3s-san\u00e7\u00e3o a Moraes provoca tens\u00e3o in\u00e9dita entre EUA e Brasil<\/span><\/li>\n<\/ul>\n<\/div>\n<p class=\"postParagraph_post-paragraph-innerHtml__Q5vwc\">Mais cedo, o governo Trump anunciou a inclus\u00e3o de Moraes na Lei Magnitsky alegando, entre outros motivos, que o ministro \u00e9 respons\u00e1vel por \u201cuma campanha opressiva de censura, deten\u00e7\u00f5es arbitr\u00e1rias que violam os direitos humanos e processos politizados \u2014 inclusive contra o ex-presidente Jair Bolsonaro\u201d. Os EUA tamb\u00e9m acusam Moraes de &#8220;suprimir a liberdade de express\u00e3o&#8221; por decis\u00f5es contra plataformas digitais.<\/p>\n<p class=\"postParagraph_post-paragraph__juWZN\">At\u00e9 o momento, o ministro n\u00e3o comentou publicamente a san\u00e7\u00e3o. A expectativa \u00e9 que Moraes se manifeste sobre as san\u00e7\u00f5es na abertura dos trabalhos do segundo semestre do Judici\u00e1rio, marcada para esta sexta-feira (1\u00ba).<\/p>\n<p class=\"postParagraph_post-paragraph-innerHtml__Q5vwc\">O presidente do STF, Lu\u00eds Roberto Barroso, e os ministros Fl\u00e1vio Dino e Gilmar Mendes o defenderam. O presidente Luiz In\u00e1cio Lula da Silva (PT) disse que a medida dos EUA foi articulada por \u201cpol\u00edticos brasileiros que traem nossa p\u00e1tria e nosso povo em defesa dos pr\u00f3prios interesses\u201d.<\/p>\n<\/div>\n<p><br \/>\n<br \/>Fonte: <a href=\"https:\/\/www.gazetadopovo.com.br\/republica\/moraes-vai-a-jogo-do-corinthians-horas-apos-sofrer-sancao-dos-eua\/\">Revista Oeste<\/a><\/p>\n","protected":false},"excerpt":{"rendered":"<p>O ministro Alexandre de Moraes, do Supremo Tribunal Federal (STF), foi at\u00e9 \u00e0 Neo Qu\u00edmica Arena, na noite desta quarta-feira (30), para acompanhar o jogo entre Corinthians e Palmeiras, pelas oitavas de final da Copa do Brasil. Corintiano fervoroso, Moraes viu seu time ganhar do rival hist\u00f3rico por 1 a 0, horas depois de ser [&hellip;]<\/p>\n","protected":false},"author":5,"featured_media":33805,"comment_status":"open","ping_status":"open","sticky":false,"template":"","format":"standard","meta":{"_seopress_robots_primary_cat":"","_seopress_titles_title":"","_seopress_titles_desc":"","_seopress_robots_index":"","footnotes":""},"categories":[1],"tags":[],"class_list":["post-33804","post","type-post","status-publish","format-standard","has-post-thumbnail","hentry","category-ultimas-noticias"],"_links":{"self":[{"href":"https:\/\/mussicom.com\/noticias\/wp-json\/wp\/v2\/posts\/33804","targetHints":{"allow":["GET"]}}],"collection":[{"href":"https:\/\/mussicom.com\/noticias\/wp-json\/wp\/v2\/posts"}],"about":[{"href":"https:\/\/mussicom.com\/noticias\/wp-json\/wp\/v2\/types\/post"}],"author":[{"embeddable":true,"href":"https:\/\/mussicom.com\/noticias\/wp-json\/wp\/v2\/users\/5"}],"replies":[{"embeddable":true,"href":"https:\/\/mussicom.com\/noticias\/wp-json\/wp\/v2\/comments?post=33804"}],"version-history":[{"count":0,"href":"https:\/\/mussicom.com\/noticias\/wp-json\/wp\/v2\/posts\/33804\/revisions"}],"wp:featuredmedia":[{"embeddable":true,"href":"https:\/\/mussicom.com\/noticias\/wp-json\/wp\/v2\/media\/33805"}],"wp:attachment":[{"href":"https:\/\/mussicom.com\/noticias\/wp-json\/wp\/v2\/media?parent=33804"}],"wp:term":[{"taxonomy":"category","embeddable":true,"href":"https:\/\/mussicom.com\/noticias\/wp-json\/wp\/v2\/categories?post=33804"},{"taxonomy":"post_tag","embeddable":true,"href":"https:\/\/mussicom.com\/noticias\/wp-json\/wp\/v2\/tags?post=33804"}],"curies":[{"name":"wp","href":"https:\/\/api.w.org\/{rel}","templated":true}]}}