{"id":33773,"date":"2025-07-30T23:08:55","date_gmt":"2025-07-31T02:08:55","guid":{"rendered":"https:\/\/mussicom.com\/gemeas-do-wrestling-santista-disputam-mundial-sub-17-em-atenas-nas-grecia\/"},"modified":"2025-07-30T23:08:55","modified_gmt":"2025-07-31T02:08:55","slug":"gemeas-do-wrestling-santista-disputam-mundial-sub-17-em-atenas-nas-grecia","status":"publish","type":"post","link":"https:\/\/mussicom.com\/noticias\/gemeas-do-wrestling-santista-disputam-mundial-sub-17-em-atenas-nas-grecia\/","title":{"rendered":"G\u00eameas do wrestling santista disputam Mundial Sub-17 em Atenas, nas Gr\u00e9cia"},"content":{"rendered":"<p> <br \/>\n<\/p>\n<div id=\"texto\">\n<p>As atletas da categoria at\u00e9 57kg e 63kg, respectivamente, s\u00e3o as \u00fanicas representantes mulheres do Brasil na competi\u00e7\u00e3o. Elas est\u00e3o acompanhadas pelo treinador da equipe santista Luta Baixada\/Fupes, Tharin Polheim Alves, que integra a comiss\u00e3o t\u00e9cnica da sele\u00e7\u00e3o brasileira.<\/p>\n<p>Para chegar em Atenas, as irm\u00e3s se destacaram ao conquistarem o bronze no Campeonato Pan-Americano Sub-17, disputado em Niter\u00f3i (RJ). Antes disso, em abril, brilharam com a medalha de ouro no Campeonato Brasileiro, realizado em Osasco (SP).\u00a0<\/p>\n<p>As atletas, assim como a irm\u00e3 mais velha Juliana Neper (20), t\u00eam desde cedo uma trajet\u00f3ria de vit\u00f3rias, acumulando t\u00edtulos nacionais no sub-15 e sub-17, medalhas no Pan e em outras competi\u00e7\u00f5es internacionais.<br \/>&#13;<br \/>\nNos \u00faltimos dois anos, elas representaram o Brasil no Gymnas\u00edade (Campeonato Mundial Escolar). Em 2023, no Rio de Janeiro, Yasmin conquistou o ouro e Mayara foi vice-campe\u00e3. No ano passado, no Bahrein, elas repetiram o mesmo desempenho, com Yasmin tornando-se bicampe\u00e3 mundial escolar e Mayara colecionando mais uma prata de Mundial no curr\u00edculo.<\/p>\n<\/p><\/div>\n<p><script async defer crossorigin=\"anonymous\" src=\"https:\/\/connect.facebook.net\/pt_BR\/sdk.js#xfbml=1&#038;version=v12.0&#038;appId=&#038;autoLogAppEvents=1\" nonce=\"ou0fI1lo\"><\/script><br \/>\n<br \/><br \/>\n<br \/>Fonte: <a href=\"https:\/\/www.bs9.com.br\/esportes\/gemeas-do-wrestling-santista-disputam-mundial-sub-17-em-atenas-nas\/33621\/\">BS9<\/a><\/p>\n","protected":false},"excerpt":{"rendered":"<p>As atletas da categoria at\u00e9 57kg e 63kg, respectivamente, s\u00e3o as \u00fanicas representantes mulheres do Brasil na competi\u00e7\u00e3o. Elas est\u00e3o acompanhadas pelo treinador da equipe santista Luta Baixada\/Fupes, Tharin Polheim Alves, que integra a comiss\u00e3o t\u00e9cnica da sele\u00e7\u00e3o brasileira. Para chegar em Atenas, as irm\u00e3s se destacaram ao conquistarem o bronze no Campeonato Pan-Americano Sub-17, [&hellip;]<\/p>\n","protected":false},"author":5,"featured_media":33774,"comment_status":"open","ping_status":"open","sticky":false,"template":"","format":"standard","meta":{"_seopress_robots_primary_cat":"","_seopress_titles_title":"","_seopress_titles_desc":"","_seopress_robots_index":"","footnotes":""},"categories":[52],"tags":[],"class_list":["post-33773","post","type-post","status-publish","format-standard","has-post-thumbnail","hentry","category-santoseregiao"],"_links":{"self":[{"href":"https:\/\/mussicom.com\/noticias\/wp-json\/wp\/v2\/posts\/33773","targetHints":{"allow":["GET"]}}],"collection":[{"href":"https:\/\/mussicom.com\/noticias\/wp-json\/wp\/v2\/posts"}],"about":[{"href":"https:\/\/mussicom.com\/noticias\/wp-json\/wp\/v2\/types\/post"}],"author":[{"embeddable":true,"href":"https:\/\/mussicom.com\/noticias\/wp-json\/wp\/v2\/users\/5"}],"replies":[{"embeddable":true,"href":"https:\/\/mussicom.com\/noticias\/wp-json\/wp\/v2\/comments?post=33773"}],"version-history":[{"count":0,"href":"https:\/\/mussicom.com\/noticias\/wp-json\/wp\/v2\/posts\/33773\/revisions"}],"wp:featuredmedia":[{"embeddable":true,"href":"https:\/\/mussicom.com\/noticias\/wp-json\/wp\/v2\/media\/33774"}],"wp:attachment":[{"href":"https:\/\/mussicom.com\/noticias\/wp-json\/wp\/v2\/media?parent=33773"}],"wp:term":[{"taxonomy":"category","embeddable":true,"href":"https:\/\/mussicom.com\/noticias\/wp-json\/wp\/v2\/categories?post=33773"},{"taxonomy":"post_tag","embeddable":true,"href":"https:\/\/mussicom.com\/noticias\/wp-json\/wp\/v2\/tags?post=33773"}],"curies":[{"name":"wp","href":"https:\/\/api.w.org\/{rel}","templated":true}]}}