{"id":33724,"date":"2025-07-30T19:45:55","date_gmt":"2025-07-30T22:45:55","guid":{"rendered":"https:\/\/mussicom.com\/apesar-de-excecoes-25-das-exportacoes-de-minerios-serao-taxadas\/"},"modified":"2025-07-30T19:45:55","modified_gmt":"2025-07-30T22:45:55","slug":"apesar-de-excecoes-25-das-exportacoes-de-minerios-serao-taxadas","status":"publish","type":"post","link":"https:\/\/mussicom.com\/noticias\/apesar-de-excecoes-25-das-exportacoes-de-minerios-serao-taxadas\/","title":{"rendered":"Apesar de exce\u00e7\u00f5es, 25% das exporta\u00e7\u00f5es de min\u00e9rios ser\u00e3o taxadas"},"content":{"rendered":"<p> <br \/>\n<\/p>\n<div>\n<p>O <strong>Instituto Brasileiro de Minera\u00e7\u00e3o (Ibram) informou que 75% dos min\u00e9rios exportados para os Estados Unidos entraram na lista de exce\u00e7\u00f5es<\/strong>, <strong>mas o setor ainda sofrer\u00e1 impacto<\/strong>.\u00a0<img decoding=\"async\" src=\"https:\/\/agenciabrasil.ebc.com.br\/ebc.gif?id=1652613&amp;o=node\" style=\"width:1px; height:1px; display:inline;\"\/><\/p>\n<p>O presidente dos Estados Unidos, Donald Trump, assinou nesta quarta-feira (30)<strong> Ordem Executiva que confirma a aplica\u00e7\u00e3o de taxa de\u00a050% sobre os produtos brasileiros exportados para o mercado norte-americano<\/strong>. O documento traz tamb\u00e9m<strong> uma lista com cerca de 700 produtos que ficar\u00e3o de fora do tarifa\u00e7o<\/strong>, como <strong>suco e polpa de laranja, combust\u00edveis, min\u00e9rios,\u00a0fertilizantes e\u00a0aeronaves civis<\/strong>.<\/p>\n<blockquote>\n<p>\u201cUma an\u00e1lise preliminar do Instituto Brasileiro de Minera\u00e7\u00e3o (IBRAM), com base no documento divulgado nesta quarta-feira (30) pelo governo dos Estados Unidos, indica que, dos 1,53 bilh\u00f5es de d\u00f3lares \u2014 valor que representa 4% das exporta\u00e7\u00f5es minerais brasileiras destinadas ao mercado norte-americano \u2014 cerca de 75% est\u00e3o inclu\u00eddos nas exce\u00e7\u00f5es previstas pelo decreto. Com isso, 25% das exporta\u00e7\u00f5es ser\u00e3o impactadas\u201d, aponta a nota divulgada pela entidade.<\/p>\n<\/blockquote>\n<p>De acordo com o Ibram, os <strong>minerais liberados da taxa\u00e7\u00e3o imposta por Trump s\u00e3o: caulim, cobre, mangan\u00eas, van\u00e1dio, bauxita e algumas pedras e rochas ornamentais<\/strong>.<\/p>\n<p>\u201cO Ibram\u00a0continua analisando os detalhes do decreto para compreender plenamente seus impactos e reafirma seu compromisso de atuar para que todos os minerais brasileiros sejam exclu\u00eddos da\u00a0nova\u00a0sobretaxa&#8221;, destaca o setor.<\/p>\n<p>As <strong>taxas entram em vigor em sete dias, ou seja, no dia 6 de agosto<\/strong>.\u00a0<\/p>\n<h2>Entenda o tarifa\u00e7o<\/h2>\n<p>Na Ordem Executiva, que elevou a tarifa para os produtos brasileiros em 50%, <strong>Trump argumenta que\u00a0o Brasil \u00e9 uma amea\u00e7a incomum e extraordin\u00e1ria \u00e0 seguran\u00e7a nacional dos EUA<\/strong>,\u00a0classifica\u00e7\u00e3o semelhante \u00e0 adotada contra pa\u00edses considerados hostis a\u00a0Washington, como Cuba, Venezuela e Ir\u00e3.<\/p>\n<p>O documento afirma\u00a0que o <strong>Brasil estaria\u00a0perseguindo, intimidando e censurando &#8220;o ex-presidente brasileiro Jair Bolsonaro e milhares de seus apoiadores que\u00a0s\u00e3o graves viola\u00e7\u00f5es dos direitos humanos que minaram o Estado de Direito no Brasil\u201d<\/strong>.\u00a0<\/p>\n<p>Al\u00e9m do julgamento do ex-presidente Jair Bolsonaro, <strong>medidas do governo brasileiro em rela\u00e7\u00e3o a plataformas digitais e decis\u00f5es do ministro do Supremo Tribunal Federal (STF) Alexandre de Moraes<\/strong><strong> foram citadas como justificativas<\/strong> para as tarifas aplicadas pelos Estados Unidos ao Brasil.\u00a0<\/p>\n<p>\u201cA persegui\u00e7\u00e3o pol\u00edtica, por meio de processos forjados, amea\u00e7a o desenvolvimento ordenado das institui\u00e7\u00f5es pol\u00edticas, administrativas e econ\u00f4micas do Brasil, inclusive minando a capacidade do Brasil de realizar uma elei\u00e7\u00e3o presidencial livre e justa em 2026. O tratamento dado pelo governo do Brasil ao ex-presidente Bolsonaro tamb\u00e9m contribui para o colapso deliberado do Estado de Direito no Brasil, para a intimida\u00e7\u00e3o politicamente motivada naquele pa\u00eds e para abusos de direitos humanos\u201d, diz o texto.<\/p>\n<p>No documento do governo norte-americano, o <strong>ministro Alexandre de Moraes \u00e9 acusado de abusar de sua autoridade judicial<\/strong> \u201cpara atingir oponentes pol\u00edticos, proteger aliados corruptos e suprimir dissid\u00eancias, muitas vezes em coordena\u00e7\u00e3o com outras autoridades brasileiras\u201d.\u00a0Trump acusa o ministro de confiscar passaportes, prender pessoas sem julgamento e impor multas a empresas que n\u00e3o cumpriram \u201csuas exig\u00eancias ilegais de censura\u201d.\u00a0\u00a0<\/p>\n<p>      <!-- Relacionada --><\/p>\n<p>            <!-- Relacionada -->\n    <\/div>\n<p><br \/>\n<br \/>Fonte: <a href=\"https:\/\/agenciabrasil.ebc.com.br\/economia\/noticia\/2025-07\/apesar-de-excecoes-25-das-exportacoes-de-minerios-serao-taxadas\">Gazeta do Povo<\/a><\/p>\n","protected":false},"excerpt":{"rendered":"<p>O Instituto Brasileiro de Minera\u00e7\u00e3o (Ibram) informou que 75% dos min\u00e9rios exportados para os Estados Unidos entraram na lista de exce\u00e7\u00f5es, mas o setor ainda sofrer\u00e1 impacto.\u00a0 O presidente dos Estados Unidos, Donald Trump, assinou nesta quarta-feira (30) Ordem Executiva que confirma a aplica\u00e7\u00e3o de taxa de\u00a050% sobre os produtos brasileiros exportados para o mercado [&hellip;]<\/p>\n","protected":false},"author":5,"featured_media":33725,"comment_status":"open","ping_status":"open","sticky":false,"template":"","format":"standard","meta":{"_seopress_robots_primary_cat":"","_seopress_titles_title":"","_seopress_titles_desc":"","_seopress_robots_index":"","footnotes":""},"categories":[45],"tags":[],"class_list":["post-33724","post","type-post","status-publish","format-standard","has-post-thumbnail","hentry","category-economia"],"_links":{"self":[{"href":"https:\/\/mussicom.com\/noticias\/wp-json\/wp\/v2\/posts\/33724","targetHints":{"allow":["GET"]}}],"collection":[{"href":"https:\/\/mussicom.com\/noticias\/wp-json\/wp\/v2\/posts"}],"about":[{"href":"https:\/\/mussicom.com\/noticias\/wp-json\/wp\/v2\/types\/post"}],"author":[{"embeddable":true,"href":"https:\/\/mussicom.com\/noticias\/wp-json\/wp\/v2\/users\/5"}],"replies":[{"embeddable":true,"href":"https:\/\/mussicom.com\/noticias\/wp-json\/wp\/v2\/comments?post=33724"}],"version-history":[{"count":0,"href":"https:\/\/mussicom.com\/noticias\/wp-json\/wp\/v2\/posts\/33724\/revisions"}],"wp:featuredmedia":[{"embeddable":true,"href":"https:\/\/mussicom.com\/noticias\/wp-json\/wp\/v2\/media\/33725"}],"wp:attachment":[{"href":"https:\/\/mussicom.com\/noticias\/wp-json\/wp\/v2\/media?parent=33724"}],"wp:term":[{"taxonomy":"category","embeddable":true,"href":"https:\/\/mussicom.com\/noticias\/wp-json\/wp\/v2\/categories?post=33724"},{"taxonomy":"post_tag","embeddable":true,"href":"https:\/\/mussicom.com\/noticias\/wp-json\/wp\/v2\/tags?post=33724"}],"curies":[{"name":"wp","href":"https:\/\/api.w.org\/{rel}","templated":true}]}}