{"id":33713,"date":"2025-07-30T19:13:08","date_gmt":"2025-07-30T22:13:08","guid":{"rendered":"https:\/\/mussicom.com\/mulheres-representam-60-das-inscricoes-no-enem-2025\/"},"modified":"2025-07-30T19:13:08","modified_gmt":"2025-07-30T22:13:08","slug":"mulheres-representam-60-das-inscricoes-no-enem-2025","status":"publish","type":"post","link":"https:\/\/mussicom.com\/noticias\/mulheres-representam-60-das-inscricoes-no-enem-2025\/","title":{"rendered":"Mulheres representam 60% das inscri\u00e7\u00f5es no Enem 2025"},"content":{"rendered":"<p> <br \/>\n<\/p>\n<div>\n<p><strong>As mulheres s\u00e3o maioria entre os inscritos no Exame Nacional do Ensino M\u00e9dio de 2025 (Enem), o que corresponde a 60,06%<\/strong>, enquanto os homens representam 39,94%. Os dados constam no\u00a0Painel Enem 2025,\u00a0divulgado pelo Minist\u00e9rio da Educa\u00e7\u00e3o (MEC) e o Instituto Nacional de Estudos e Pesquisas Educacionais An\u00edsio Teixeira (Inep), nesta quarta-feira (30)<img decoding=\"async\" src=\"https:\/\/agenciabrasil.ebc.com.br\/ebc.gif?id=1652584&amp;o=node\" style=\"width:1px; height:1px; display:inline;\"\/><\/p>\n<p>A plataforma\u00a0online permite o acesso aos n\u00fameros gerais dos 4.811.338\u00a0inscritos confirmados nesta edi\u00e7\u00e3o do exame. Em 2025 houve o aumento de 11,63% no n\u00famero de candidatos em rela\u00e7\u00e3o ao ano passado e de 20% em rela\u00e7\u00e3o a 2023.\u00a0\u200b\u200b<\/p>\n<h2>Ra\u00e7a e cor<\/h2>\n<div class=\"dnd-widget-wrapper context-medio_4colunas type-image atom-align-right\">\n<div class=\"dnd-atom-rendered\"><!-- scald=404904:medio_4colunas {\"additionalClasses\":\"\"} --><br \/>\n            <img decoding=\"async\" src=\"https:\/\/imagens.ebc.com.br\/QuPBLqe8q6p3wA4Tb0jN2lt1wLI=\/365x0\/smart\/https:\/\/agenciabrasil.ebc.com.br\/sites\/default\/files\/thumbnails\/image\/2024\/11\/10\/sp_enem22.jpg?itok=5JQG7LMY\" alt=\"S\u00e3o Paulo (SP), 10\/11\/2024 - Estudantes  no segundo dia de provas do ENEM na UNIP Vergueiro em S\u00e3o Paulo. Foto: Paulo Pinto\/Ag\u00eancia Brasil\" title=\"Paulo Pinto\/Ag\u00eancia Brasil\"\/><br \/>\n        <img decoding=\"async\" src=\"https:\/\/imagens.ebc.com.br\/QuPBLqe8q6p3wA4Tb0jN2lt1wLI=\/365x0\/smart\/https:\/\/agenciabrasil.ebc.com.br\/sites\/default\/files\/thumbnails\/image\/2024\/11\/10\/sp_enem22.jpg?itok=5JQG7LMY\" alt=\"S\u00e3o Paulo (SP), 10\/11\/2024 - Estudantes  no segundo dia de provas do ENEM na UNIP Vergueiro em S\u00e3o Paulo. Foto: Paulo Pinto\/Ag\u00eancia Brasil\" title=\"Paulo Pinto\/Ag\u00eancia Brasil\"\/><br \/>\n    <!-- END scald=404904 --><\/div>\n<p><h6 class=\"meta\"><!--copyright=404904-->Painel online permite o acesso aos n\u00fameros gerais dos mais de 4,8 milh\u00f5es de candidatos confirmados nesta edi\u00e7\u00e3o do exame. &#8211; <strong>Paulo Pinto\/Ag\u00eancia Brasil<\/strong><!--END copyright=404904--><\/h6>\n<\/p>\n<\/div>\n<p>Conforme dados da ferramenta relativos \u00e0 ra\u00e7a e\/ou cor dos candidatos \u2013 declarada no momento de inscri\u00e7\u00e3o \u2013 <strong>a maioria deles se reconhece como pardos\u00a0(2.146.184), seguido\u00a0de brancos (1.903.041) e pretos (603.104).<\/strong><\/p>\n<p>Outros 67.203 candidatos se consideram amarelos\u00a0e 37.489 se declararam ind\u00edgenas.<\/p>\n<p>Mais de 54,3 mil participantes n\u00e3o fizeram a autodeclara\u00e7\u00e3o \u00e9tnico-racial.<\/p>\n<p>&gt;&gt; Siga o canal da <strong>Ag\u00eancia Brasil <\/strong>no WhatsApp<\/p>\n<h2>Idade<\/h2>\n<p>Sobre o perfil et\u00e1rio dos participantes, <strong>aqueles na\u00a0faixa dos 17 anos\u00a0concentram o maior n\u00famero de candidatos (1.081.120 inscritos).<\/strong><\/p>\n<p>Em seguida, figuram os candidatos de 19 anos, com 1.009.166 pessoas.<\/p>\n<p>Na terceira posi\u00e7\u00e3o, aparece o grupo que tem 16 anos de idade ou menos, com 678.122 inscritos.<\/p>\n<p>Entre 21 e 30 anos, s\u00e3o 315.035 candidatos. Os adultos de 31 a 59 anos somam 305.191 inscritos. Enquanto que os que t\u00eam 20 anos chegam a 229.189 inscritos. E por fim, os maiores de 60 anos s\u00e3o 109.779 inscritos.<\/p>\n<p>A predomin\u00e2ncia da\u00a0faixa et\u00e1ria de 17 anos\u00a0\u00e9 esperada, pois \u00e9 a idade em que muitos estudantes concluem o ensino m\u00e9dio e buscam acesso ao ensino superior.<\/p>\n<p>Neste ano, al\u00e9m do Enem ser uma porta de entrada para o ensino superior, o exame tamb\u00e9m pode ser usado para obter a certifica\u00e7\u00e3o de conclus\u00e3o do ensino m\u00e9dio para pessoas com 18\u00a0anos completos na data da primeira\u00a0prova de cada edi\u00e7\u00e3o do exame.\u00a0<\/p>\n<h2>Ensino m\u00e9dio<\/h2>\n<p>Do total de 4.811.338 inscritos no Enem 2025, o total de candidatos que j\u00e1 conclu\u00edram o ensino m\u00e9dio \u00e9 de 1.888.636.<\/p>\n<p>Enquanto que 1.811.524 s\u00e3o concluintes do ensino m\u00e9dio neste ano.<\/p>\n<p>J\u00e1 os estudantes do ensino m\u00e9dio que ainda n\u00e3o conclu\u00edram esta etapa de ensino em 2025 somam 1.030.163 estudantes que far\u00e3o o Enem para testar seus conhecimentos, conhecidos como treineiros.<\/p>\n<p>Outros 80.949 candidatos n\u00e3o cursam nem completaram o ensino m\u00e9dio.<\/p>\n<h2>Isentos<\/h2>\n<p><strong>Das 4.811.338 inscri\u00e7\u00f5es confirmadas, a maioria (3.049.710) foram de candidatos que tiveram direito \u00e0 gratuidade da taxa de inscri\u00e7\u00e3o, por exemplo, os concluintes do ensino m\u00e9dios de escolas p\u00fablicas.<\/strong> Outros 1.761.628 de candidatos pagaram a taxa de inscri\u00e7\u00e3o de R$ 85.<\/p>\n<p>O Inep explica que esses dados do painel Enem 2025 s\u00e3o autodeclarat\u00f3rios e que as informa\u00e7\u00f5es disponibilizadas pelo Inep servem como base para a sociedade; organiza\u00e7\u00f5es da sociedade civil; gestores educacionais; pesquisadores e imprensa, para promover a transpar\u00eancia do exame.<\/p>\n<p>      <!-- Relacionada --><\/p>\n<p>            <!-- Relacionada -->\n    <\/div>\n<p><br \/>\n<br \/>Fonte: <a href=\"https:\/\/agenciabrasil.ebc.com.br\/educacao\/noticia\/2025-07\/mulheres-representam-60-das-inscricoes-no-enem-2025\">Ag\u00eancia Brasil<\/a><\/p>\n","protected":false},"excerpt":{"rendered":"<p>As mulheres s\u00e3o maioria entre os inscritos no Exame Nacional do Ensino M\u00e9dio de 2025 (Enem), o que corresponde a 60,06%, enquanto os homens representam 39,94%. Os dados constam no\u00a0Painel Enem 2025,\u00a0divulgado pelo Minist\u00e9rio da Educa\u00e7\u00e3o (MEC) e o Instituto Nacional de Estudos e Pesquisas Educacionais An\u00edsio Teixeira (Inep), nesta quarta-feira (30) A plataforma\u00a0online permite [&hellip;]<\/p>\n","protected":false},"author":5,"featured_media":33714,"comment_status":"open","ping_status":"open","sticky":false,"template":"","format":"standard","meta":{"_seopress_robots_primary_cat":"","_seopress_titles_title":"","_seopress_titles_desc":"","_seopress_robots_index":"","footnotes":""},"categories":[44],"tags":[],"class_list":["post-33713","post","type-post","status-publish","format-standard","has-post-thumbnail","hentry","category-educacao"],"_links":{"self":[{"href":"https:\/\/mussicom.com\/noticias\/wp-json\/wp\/v2\/posts\/33713","targetHints":{"allow":["GET"]}}],"collection":[{"href":"https:\/\/mussicom.com\/noticias\/wp-json\/wp\/v2\/posts"}],"about":[{"href":"https:\/\/mussicom.com\/noticias\/wp-json\/wp\/v2\/types\/post"}],"author":[{"embeddable":true,"href":"https:\/\/mussicom.com\/noticias\/wp-json\/wp\/v2\/users\/5"}],"replies":[{"embeddable":true,"href":"https:\/\/mussicom.com\/noticias\/wp-json\/wp\/v2\/comments?post=33713"}],"version-history":[{"count":0,"href":"https:\/\/mussicom.com\/noticias\/wp-json\/wp\/v2\/posts\/33713\/revisions"}],"wp:featuredmedia":[{"embeddable":true,"href":"https:\/\/mussicom.com\/noticias\/wp-json\/wp\/v2\/media\/33714"}],"wp:attachment":[{"href":"https:\/\/mussicom.com\/noticias\/wp-json\/wp\/v2\/media?parent=33713"}],"wp:term":[{"taxonomy":"category","embeddable":true,"href":"https:\/\/mussicom.com\/noticias\/wp-json\/wp\/v2\/categories?post=33713"},{"taxonomy":"post_tag","embeddable":true,"href":"https:\/\/mussicom.com\/noticias\/wp-json\/wp\/v2\/tags?post=33713"}],"curies":[{"name":"wp","href":"https:\/\/api.w.org\/{rel}","templated":true}]}}