{"id":33705,"date":"2025-07-30T18:45:16","date_gmt":"2025-07-30T21:45:16","guid":{"rendered":"https:\/\/mussicom.com\/copom-mantem-juros-basicos-da-economia-em-15-ao-ano\/"},"modified":"2025-07-30T18:45:16","modified_gmt":"2025-07-30T21:45:16","slug":"copom-mantem-juros-basicos-da-economia-em-15-ao-ano","status":"publish","type":"post","link":"https:\/\/mussicom.com\/noticias\/copom-mantem-juros-basicos-da-economia-em-15-ao-ano\/","title":{"rendered":"Copom mant\u00e9m juros b\u00e1sicos da economia em 15% ao ano"},"content":{"rendered":"<p> <br \/>\n<\/p>\n<div>\n<p><strong>O recuo da infla\u00e7\u00e3o e o in\u00edcio da desacelera\u00e7\u00e3o da economia fizeram o Banco Central (BC) interromper o ciclo de aumento de juros. Por unanimidade, o Comit\u00ea de Pol\u00edtica Monet\u00e1ria (Copom) manteve a Taxa Selic, juros b\u00e1sicos da economia, em 15% ao ano. A decis\u00e3o, que j\u00e1 era esperada pelo mercado financeiro, foi un\u00e2nime.<\/strong><img decoding=\"async\" src=\"https:\/\/agenciabrasil.ebc.com.br\/ebc.gif?id=1652583&amp;o=node\" style=\"width:1px; height:1px; display:inline;\"\/><\/p>\n<p><strong>A taxa est\u00e1 no maior n\u00edvel desde julho de 2006,<\/strong> quando estava em 15,25% ao ano. A pausa no aperto monet\u00e1rio consolida um ciclo de contra\u00e7\u00e3o na pol\u00edtica monet\u00e1ria.<\/p>\n<p><strong>De setembro do ano passado a maio deste ano, a Selic foi elevada sete vezes.<\/strong> Ap\u00f3s chegar a 10,5% ao ano de junho a agosto do ano passado, a taxa come\u00e7ou a ser elevada em setembro do ano passado, com uma alta de 0,25 ponto, uma de 0,5 ponto, tr\u00eas de 1 ponto percentual, uma de 0,5 ponto e outra em 0,25 ponto.<\/p>\n<h2>Infla\u00e7\u00e3o<\/h2>\n<p><strong>A Selic \u00e9 o principal instrumento do Banco Central para manter sob controle a infla\u00e7\u00e3o oficial,<\/strong> medida pelo \u00cdndice Nacional de Pre\u00e7os ao Consumidor Amplo (IPCA). <strong>Em junho, o IPCA\u00a0recuou para 0,24%, <\/strong>mesmo com a press\u00e3o de alguns alimentos e da conta de energia. Com o resultado, o indicador acumula alta de 5,35% em 12 meses, acima do teto da meta cont\u00ednua de infla\u00e7\u00e3o.<\/p>\n<p>No entanto, o IPCA-15 de julho, que funciona como uma pr\u00e9via da infla\u00e7\u00e3o oficial, veio acima das expectativas. O indicador acelerou por causa de pre\u00e7os de energia e de passagens a\u00e9reas.<\/p>\n<p>Pelo novo sistema de meta cont\u00ednua, em vigor desde janeiro, <strong>a meta de infla\u00e7\u00e3o que deve ser perseguida pelo BC, definida pelo Conselho Monet\u00e1rio Nacional, \u00e9 de 3%<\/strong>, com intervalo de toler\u00e2ncia de 1,5 ponto percentual para cima ou para baixo. Ou seja, o limite inferior \u00e9 1,5% e o superior \u00e9 4,5%.<\/p>\n<p>No modelo de meta cont\u00ednua, a meta passa ser apurada m\u00eas a m\u00eas, considerando a infla\u00e7\u00e3o acumulada em 12 meses. Em junho de 2025, a infla\u00e7\u00e3o desde julho de 2024 \u00e9 comparada com a meta e o intervalo de toler\u00e2ncia. Em julho, o procedimento se repete, com apura\u00e7\u00e3o a partir de agosto de 2024. Dessa forma, a verifica\u00e7\u00e3o se desloca ao longo do tempo, n\u00e3o ficando mais restrita ao \u00edndice fechado de dezembro de cada ano.<\/p>\n<p>No \u00faltimo Relat\u00f3rio de Pol\u00edtica Monet\u00e1ria, divulgado no fim de junho pelo Banco Central, a autoridade monet\u00e1ria  diminuiu para 4,9% a previs\u00e3o do IPCA para 2025, mas a estimativa pode ser revista, dependendo do comportamento do d\u00f3lar e da infla\u00e7\u00e3o. A pr\u00f3xima edi\u00e7\u00e3o do documento, que substituiu o antigo Relat\u00f3rio de Infla\u00e7\u00e3o, ser\u00e1 divulgada no fim de setembro.<\/p>\n<p>As previs\u00f5es do mercado est\u00e3o mais pessimistas. De acordo com o boletim <em>Focus<\/em>, pesquisa semanal com institui\u00e7\u00f5es financeiras divulgada pelo BC, a infla\u00e7\u00e3o oficial dever\u00e1 fechar o ano  em 5,09%, quase 1 ponto acima do teto da meta. H\u00e1 um m\u00eas, as estimativas do mercado estavam em 5,2%.<\/p>\n<h2>Cr\u00e9dito mais caro<\/h2>\n<p><strong>O aumento da taxa Selic ajuda a conter a infla\u00e7\u00e3o. Isso porque juros mais altos encarecem o cr\u00e9dito e desestimulam a produ\u00e7\u00e3o e o consumo.<\/strong> Por outro lado, taxas maiores dificultam o crescimento econ\u00f4mico. No \u00faltimo <em>Relat\u00f3rio de Pol\u00edtica Monet\u00e1ria<\/em>, o Banco Central elevou para 2,1% a proje\u00e7\u00e3o de crescimento para a economia em 2025.<\/p>\n<p>O mercado projeta crescimento um pouco melhor. Segundo a \u00faltima edi\u00e7\u00e3o do boletim <em>Focus<\/em>, os analistas econ\u00f4micos preveem expans\u00e3o de 2,23% do PIB em 2025.<\/p>\n<p>A taxa b\u00e1sica de juros \u00e9 usada nas negocia\u00e7\u00f5es de t\u00edtulos p\u00fablicos no Sistema Especial de Liquida\u00e7\u00e3o e Cust\u00f3dia (Selic) e serve de refer\u00eancia para as demais taxas de juros da economia. Ao reajust\u00e1-la para cima, o Banco Central segura o excesso de demanda que pressiona os pre\u00e7os, porque juros mais altos encarecem o cr\u00e9dito e estimulam a poupan\u00e7a.<\/p>\n<p>Ao reduzir os juros b\u00e1sicos, o Copom barateia o cr\u00e9dito e incentiva a produ\u00e7\u00e3o e o consumo, mas enfraquece o controle da infla\u00e7\u00e3o. Para cortar a Selic, a autoridade monet\u00e1ria precisa estar segura de que os pre\u00e7os est\u00e3o sob controle e n\u00e3o correm risco de subir.<\/p>\n<div class=\"dnd-widget-wrapper context-grande_6colunas type-image atom-align-center\">\n<div class=\"dnd-atom-rendered\"><!-- scald=62797:grande_6colunas {\"additionalClasses\":\"\"} --><br \/>\n            <img decoding=\"async\" src=\"https:\/\/imagens.ebc.com.br\/fRme8BcIVf6R0vF-zc8aNUasRWU=\/463x0\/smart\/https:\/\/agenciabrasil.ebc.com.br\/sites\/default\/files\/atoms\/image\/infografia_selic.png?itok=Mb3f3w9o\" alt=\"infografia_selic\" title=\"ArteDJOR\"\/><br \/>\n        <img decoding=\"async\" src=\"https:\/\/imagens.ebc.com.br\/fRme8BcIVf6R0vF-zc8aNUasRWU=\/463x0\/smart\/https:\/\/agenciabrasil.ebc.com.br\/sites\/default\/files\/atoms\/image\/infografia_selic.png?itok=Mb3f3w9o\" alt=\"infografia_selic\" title=\"ArteDJOR\"\/><br \/>\n    <!-- END scald=62797 --><\/div>\n<div class=\"dnd-caption-wrapper\">\n<p><!--copyright=62797-->infografia_selic &#8211; <strong>ArteDJOR<\/strong><!--END copyright=62797--><\/p>\n<\/div>\n<\/div>\n<p>\u00a0<\/p>\n<p>      <!-- Relacionada --><\/p>\n<p>            <!-- Relacionada -->\n    <\/div>\n<p><br \/>\n<br \/>Fonte: <a href=\"https:\/\/agenciabrasil.ebc.com.br\/economia\/noticia\/2025-07\/copom-mantem-juros-basicos-da-economia-em-15-ao-ano\">Gazeta do Povo<\/a><\/p>\n","protected":false},"excerpt":{"rendered":"<p>O recuo da infla\u00e7\u00e3o e o in\u00edcio da desacelera\u00e7\u00e3o da economia fizeram o Banco Central (BC) interromper o ciclo de aumento de juros. Por unanimidade, o Comit\u00ea de Pol\u00edtica Monet\u00e1ria (Copom) manteve a Taxa Selic, juros b\u00e1sicos da economia, em 15% ao ano. A decis\u00e3o, que j\u00e1 era esperada pelo mercado financeiro, foi un\u00e2nime. A [&hellip;]<\/p>\n","protected":false},"author":5,"featured_media":33706,"comment_status":"open","ping_status":"open","sticky":false,"template":"","format":"standard","meta":{"_seopress_robots_primary_cat":"","_seopress_titles_title":"","_seopress_titles_desc":"","_seopress_robots_index":"","footnotes":""},"categories":[45],"tags":[],"class_list":["post-33705","post","type-post","status-publish","format-standard","has-post-thumbnail","hentry","category-economia"],"_links":{"self":[{"href":"https:\/\/mussicom.com\/noticias\/wp-json\/wp\/v2\/posts\/33705","targetHints":{"allow":["GET"]}}],"collection":[{"href":"https:\/\/mussicom.com\/noticias\/wp-json\/wp\/v2\/posts"}],"about":[{"href":"https:\/\/mussicom.com\/noticias\/wp-json\/wp\/v2\/types\/post"}],"author":[{"embeddable":true,"href":"https:\/\/mussicom.com\/noticias\/wp-json\/wp\/v2\/users\/5"}],"replies":[{"embeddable":true,"href":"https:\/\/mussicom.com\/noticias\/wp-json\/wp\/v2\/comments?post=33705"}],"version-history":[{"count":0,"href":"https:\/\/mussicom.com\/noticias\/wp-json\/wp\/v2\/posts\/33705\/revisions"}],"wp:featuredmedia":[{"embeddable":true,"href":"https:\/\/mussicom.com\/noticias\/wp-json\/wp\/v2\/media\/33706"}],"wp:attachment":[{"href":"https:\/\/mussicom.com\/noticias\/wp-json\/wp\/v2\/media?parent=33705"}],"wp:term":[{"taxonomy":"category","embeddable":true,"href":"https:\/\/mussicom.com\/noticias\/wp-json\/wp\/v2\/categories?post=33705"},{"taxonomy":"post_tag","embeddable":true,"href":"https:\/\/mussicom.com\/noticias\/wp-json\/wp\/v2\/tags?post=33705"}],"curies":[{"name":"wp","href":"https:\/\/api.w.org\/{rel}","templated":true}]}}