{"id":33660,"date":"2025-07-30T15:57:03","date_gmt":"2025-07-30T18:57:03","guid":{"rendered":"https:\/\/mussicom.com\/pf-faz-busca-na-cbf-em-operacao-que-investiga-crimes-eleitorais\/"},"modified":"2025-07-30T15:57:03","modified_gmt":"2025-07-30T18:57:03","slug":"pf-faz-busca-na-cbf-em-operacao-que-investiga-crimes-eleitorais","status":"publish","type":"post","link":"https:\/\/mussicom.com\/noticias\/pf-faz-busca-na-cbf-em-operacao-que-investiga-crimes-eleitorais\/","title":{"rendered":"PF faz busca na CBF em opera\u00e7\u00e3o que investiga crimes eleitorais"},"content":{"rendered":"<p> <br \/>\n<\/p>\n<div>\n<p class=\"postParagraph_post-paragraph-innerHtml__Q5vwc\">A sede da Confedera\u00e7\u00e3o Brasileira de Futebol (CBF), no Rio de Janeiro, foi alvo de busca e apreens\u00e3o na manh\u00e3 desta quarta-feira (30). A a\u00e7\u00e3o faz parte da <em>Opera\u00e7\u00e3o Caixa Preta<\/em>, deflagrada pela Pol\u00edcia Federal para investigar suspeitas de crimes eleitorais em Roraima.<\/p>\n<p class=\"postParagraph_post-paragraph__juWZN\">A a\u00e7\u00e3o, autorizada pela Justi\u00e7a Eleitoral, \u00e9 um desdobramento de uma investiga\u00e7\u00e3o iniciada ap\u00f3s a apreens\u00e3o de R$ 500 mil em setembro de 2024, \u00e0s v\u00e9speras das elei\u00e7\u00f5es municipais. Ao todo, a PF cumpre dez mandados de busca e apreens\u00e3o nos estados de Roraima e do Rio de Janeiro, al\u00e9m de bloqueios judiciais que somam mais de R$ 10 milh\u00f5es nas contas dos investigados.<\/p>\n<p class=\"postParagraph_post-paragraph-innerHtml__Q5vwc\">Um dos alvos da investiga\u00e7\u00e3o, segundo a <em>Folha de S\u00e3o Paulo<\/em>, seria o presidente da CBF, Samir Xaud. Apesar disso e da dilig\u00eancia na sede da entidade, a CBF afirma que o caso n\u00e3o tem rela\u00e7\u00e3o com o futebol brasileiro nem com suas atividades institucionais. Em nota oficial, a Confedera\u00e7\u00e3o informa que agentes federais estiveram no local entre 6h24 e 6h52, e que nenhum material ou equipamento foi levado pelos investigadores.<\/p>\n<p class=\"postParagraph_post-paragraph__juWZN\">A CBF tamb\u00e9m ressalta que Xaud n\u00e3o \u00e9 o centro das apura\u00e7\u00f5es e que a entidade ainda n\u00e3o recebeu informa\u00e7\u00f5es oficiais sobre o objeto da investiga\u00e7\u00e3o. Segundo o comunicado, Xaud &#8220;permanece tranquilo e \u00e0 disposi\u00e7\u00e3o das autoridades para quaisquer esclarecimentos que se fa\u00e7am necess\u00e1rios&#8221;.<\/p>\n<\/div>\n<p><br \/>\n<br \/>Fonte: <a href=\"https:\/\/www.gazetadopovo.com.br\/republica\/cbf-operacao-caixa-preta-pf\/\">Revista Oeste<\/a><\/p>\n","protected":false},"excerpt":{"rendered":"<p>A sede da Confedera\u00e7\u00e3o Brasileira de Futebol (CBF), no Rio de Janeiro, foi alvo de busca e apreens\u00e3o na manh\u00e3 desta quarta-feira (30). A a\u00e7\u00e3o faz parte da Opera\u00e7\u00e3o Caixa Preta, deflagrada pela Pol\u00edcia Federal para investigar suspeitas de crimes eleitorais em Roraima. A a\u00e7\u00e3o, autorizada pela Justi\u00e7a Eleitoral, \u00e9 um desdobramento de uma investiga\u00e7\u00e3o [&hellip;]<\/p>\n","protected":false},"author":5,"featured_media":33661,"comment_status":"open","ping_status":"open","sticky":false,"template":"","format":"standard","meta":{"_seopress_robots_primary_cat":"","_seopress_titles_title":"","_seopress_titles_desc":"","_seopress_robots_index":"","footnotes":""},"categories":[1],"tags":[],"class_list":["post-33660","post","type-post","status-publish","format-standard","has-post-thumbnail","hentry","category-ultimas-noticias"],"_links":{"self":[{"href":"https:\/\/mussicom.com\/noticias\/wp-json\/wp\/v2\/posts\/33660","targetHints":{"allow":["GET"]}}],"collection":[{"href":"https:\/\/mussicom.com\/noticias\/wp-json\/wp\/v2\/posts"}],"about":[{"href":"https:\/\/mussicom.com\/noticias\/wp-json\/wp\/v2\/types\/post"}],"author":[{"embeddable":true,"href":"https:\/\/mussicom.com\/noticias\/wp-json\/wp\/v2\/users\/5"}],"replies":[{"embeddable":true,"href":"https:\/\/mussicom.com\/noticias\/wp-json\/wp\/v2\/comments?post=33660"}],"version-history":[{"count":0,"href":"https:\/\/mussicom.com\/noticias\/wp-json\/wp\/v2\/posts\/33660\/revisions"}],"wp:featuredmedia":[{"embeddable":true,"href":"https:\/\/mussicom.com\/noticias\/wp-json\/wp\/v2\/media\/33661"}],"wp:attachment":[{"href":"https:\/\/mussicom.com\/noticias\/wp-json\/wp\/v2\/media?parent=33660"}],"wp:term":[{"taxonomy":"category","embeddable":true,"href":"https:\/\/mussicom.com\/noticias\/wp-json\/wp\/v2\/categories?post=33660"},{"taxonomy":"post_tag","embeddable":true,"href":"https:\/\/mussicom.com\/noticias\/wp-json\/wp\/v2\/tags?post=33660"}],"curies":[{"name":"wp","href":"https:\/\/api.w.org\/{rel}","templated":true}]}}