{"id":33600,"date":"2025-07-30T11:49:26","date_gmt":"2025-07-30T14:49:26","guid":{"rendered":"https:\/\/mussicom.com\/brasil-pode-ser-um-pais-imbativel-na-transicao-energetica-diz-lula-no-porto-do-acu\/"},"modified":"2025-07-30T11:49:26","modified_gmt":"2025-07-30T14:49:26","slug":"brasil-pode-ser-um-pais-imbativel-na-transicao-energetica-diz-lula-no-porto-do-acu","status":"publish","type":"post","link":"https:\/\/mussicom.com\/noticias\/brasil-pode-ser-um-pais-imbativel-na-transicao-energetica-diz-lula-no-porto-do-acu\/","title":{"rendered":"&#8220;Brasil pode ser um pa\u00eds imbat\u00edvel na transi\u00e7\u00e3o energ\u00e9tica&#8221;, diz Lula no Porto do A\u00e7u"},"content":{"rendered":"<p> <br \/>\n<\/p>\n<p>\n\t\t\t\t\t\tCom capacidade para abastecer at\u00e9 8 milh\u00f5es de resid\u00eancias, a GNA II responde por cerca de 10% da gera\u00e7\u00e3o de energia a g\u00e1s natural da matriz el\u00e9trica nacional<br \/>\n\t\t\t\t\t\t &#8211; \t\t\t\t\t\tRicardo Stuckert\n\t\t\t\t\t<\/p>\n<div id=\"texto\">\n<p>O presidente Luiz In\u00e1cio Lula da Silva participou, nesta segunda-feira, 28 de julho, da inaugura\u00e7\u00e3o da Usina Termel\u00e9trica GNA II, no Porto do A\u00e7u, em S\u00e3o Jo\u00e3o da Barra (RJ). O empreendimento, com investimento de R$ 7 bilh\u00f5es, integra o maior complexo de gera\u00e7\u00e3o de energia a g\u00e1s natural da Am\u00e9rica Latina, com 3 gigawatts (GW) de capacidade instalada. A planta foi selecionada como projeto estrat\u00e9gico do Novo PAC e representa um avan\u00e7o importante rumo \u00e0 transi\u00e7\u00e3o energ\u00e9tica do pa\u00eds.<\/p>\n<p>&#13;<br \/>\n<strong>Aquilo que parecia um sonho distante virou realidade. E isso s\u00f3 acontece quando a gente acredita que \u00e9 poss\u00edvel fazer. Em se tratando de transi\u00e7\u00e3o energ\u00e9tica, o Brasil pode ser um pa\u00eds imbat\u00edvel&#8221;<\/strong><br \/>&#13;<br \/>\n<em><strong>LUIZ IN\u00c1CIO LULA DA SILVA<\/strong><\/em><br \/>&#13;<br \/>\n<em><strong>Presidente da Rep\u00fablica<\/strong><\/em><br \/>&#13;<br \/>\n\u00a0<\/p>\n<p>Com capacidade para abastecer at\u00e9 8 milh\u00f5es de resid\u00eancias, a GNA II responde por cerca de 10% da gera\u00e7\u00e3o de energia a g\u00e1s natural da matriz el\u00e9trica nacional. A usina opera em ciclo combinado, modelo de alta efici\u00eancia que permite gerar energia com menor consumo de combust\u00edvel e redu\u00e7\u00e3o nas emiss\u00f5es de carbono. Projetada para operar com at\u00e9 50% de hidrog\u00eanio em substitui\u00e7\u00e3o ao g\u00e1s natural, a GNA II sinaliza uma transi\u00e7\u00e3o energ\u00e9tica gradual e segura. O uso de \u00e1gua do mar na opera\u00e7\u00e3o tamb\u00e9m contribui para a preserva\u00e7\u00e3o de recursos h\u00eddricos.<br \/>&#13;<br \/>\n\u00a0<\/p>\n<p>Durante a cerim\u00f4nia, o presidente Lula destacou o potencial do Brasil para liderar o processo de transi\u00e7\u00e3o energ\u00e9tica global. &#8220;Acreditem, em se tratando de transi\u00e7\u00e3o energ\u00e9tica, o Brasil pode ser um pa\u00eds imbat\u00edvel&#8221;, afirmou. Ao relembrar uma visita feita ao local em 2012, Lula disse ter se surpreendido com a dimens\u00e3o do projeto: &#8220;Aquilo que parecia um sonho distante virou realidade. E isso s\u00f3 acontece quando a gente acredita que \u00e9 poss\u00edvel fazer&#8221;, ressaltou.<br \/>&#13;<br \/>\n\u00a0<\/p>\n<p>Lula destacou ainda a import\u00e2ncia da confian\u00e7a dos investidores privados no pa\u00eds. &#8220;\u00c9 de se perguntar por que as coisas est\u00e3o acontecendo. As coisas s\u00f3 acontecem quando voc\u00ea come\u00e7a a acreditar que \u00e9 poss\u00edvel. Eu n\u00e3o conhe\u00e7o nenhum investidor estrangeiro que vai investir em um pa\u00eds que ele n\u00e3o acredite&#8221;, frisou.<\/p>\n<p>&#13;<br \/>\nDurante a cerim\u00f4nia, o ministro de Minas e Energia, Alexandre Silveira, reiterou a fala do presidente Lula ao pontuar que a GNA II \u00e9 fruto da confian\u00e7a renovada de investidores externos e do esfor\u00e7o do governo para garantir seguran\u00e7a energ\u00e9tica com sustentabilidade. &#8220;Seu governo, presidente, convenceu as empresas estrangeiras a voltarem a investir aqui, deixarem de lado o capital especulativo e vol\u00e1til. Confiarem em investimentos de longo prazo, rent\u00e1veis, gerando emprego e renda para a nossa gente. Investimentos que movimentam a economia e trazem desenvolvimento. Avan\u00e7amos muito no setor de minas e energia do Brasil. A usina termoel\u00e9trica da GNA, aqui no Porto de A\u00e7\u00fa, \u00e9 resultado dessa confian\u00e7a no pa\u00eds&#8221;, resumiu.<br \/>&#13;<br \/>\n\u00a0<\/p>\n<p><strong>PORTO DE A\u00c7U \u2014<\/strong>\u00a0O ministro de Portos e Aeroportos, Silvio Costa Filho, destacou a relev\u00e2ncia econ\u00f4mica e social do Porto do A\u00e7u, que atualmente representa 6% de toda a movimenta\u00e7\u00e3o portu\u00e1ria nacional, e responde por mais de 40% das exporta\u00e7\u00f5es de petr\u00f3leo do Brasil. Segundo ele, o terminal \u00e9 proporcionalmente o porto que mais gera empregos diretos no pa\u00eds, com mais de 7 mil empregos diretos e outros 20 mil indiretos.<br \/>&#13;<br \/>\n\u00a0<\/p>\n<p>&#8220;O Governo Federal tem trabalhado com firmeza pela moderniza\u00e7\u00e3o dos portos brasileiros. Somente no \u00faltimo m\u00eas, anunciamos R$ 4,7 bilh\u00f5es em novos Terminais de Uso Privado, e a proje\u00e7\u00e3o \u00e9 ultrapassar os R$ 10 bilh\u00f5es at\u00e9 o fim do ano. Aqui no Porto do A\u00e7u, assinamos R$ 350 milh\u00f5es em investimentos voltados \u00e0 expans\u00e3o das atividades, o que refor\u00e7a o compromisso do Governo Federal com o crescimento da infraestrutura portu\u00e1ria nacional&#8221;, afirmou Costa Filho.<br \/>&#13;<br \/>\n\u00a0<\/p>\n<p><strong>Inauguramos hoje, no Rio de Janeiro, a UTE GNA II, a maior usina termel\u00e9trica a g\u00e1s natural da Am\u00e9rica Latina. Projeto estrat\u00e9gico do Novo PAC, esta usina tem capacidade para atender 8 milh\u00f5es de resid\u00eancias.<\/strong><\/p>\n<p><strong>A usina gera energia com menos emiss\u00f5es, e foi projetada para operar&#8230;\u00a0<\/strong><a href=\"https:\/\/t.co\/Miuqceq6Tj\" rel=\"noreferrer\" target=\"_blank\">pic.twitter.com\/Miuqceq6Tj<\/a><\/p>\n<p><strong>\u2014 Lula (@LulaOficial)\u00a0<\/strong><a href=\"https:\/\/twitter.com\/LulaOficial\/status\/1949901244836806715?ref_src=twsrc%5Etfw\" rel=\"noreferrer\" target=\"_blank\">July 28, 2025<\/a><\/p>\n<p>\u00a0<\/p>\n<p>\u00a0<\/p>\n<p><strong>PROJETOS ESTRUTURANTES \u2014<\/strong>\u00a0Silvio Costa Silva anunciou ainda outros seis projetos do Porto do A\u00e7u, que ser\u00e3o priorit\u00e1rios no Novo PAC (Programa de Acelera\u00e7\u00e3o do Crescimento). S\u00e3o eles: o novo terminal de l\u00edquidos do A\u00e7u, a dragagem e manuten\u00e7\u00e3o dos canais de navega\u00e7\u00e3o, a nova base de desmantelamento sustent\u00e1vel, expans\u00e3o da infraestrutura do cais, amplia\u00e7\u00e3o do terminal de multicargas e o novo TUP para movimenta\u00e7\u00e3o de gr\u00e3os.<br \/>&#13;<br \/>\n\u00a0<\/p>\n<p>O Porto do A\u00e7u j\u00e1 acumula R$ 60 bilh\u00f5es em investimentos privados e concentra 50% do g\u00e1s natural importado pelo Brasil, gerando mais de 30 mil empregos indiretos. O Minist\u00e9rio de Portos e Aeroportos tamb\u00e9m autorizou R$ 275,3 milh\u00f5es para ampliar o Terminal de Combust\u00edveis Mar\u00edtimos do A\u00e7u (Tecma), fortalecendo a infraestrutura log\u00edstica e energ\u00e9tica do estado. &#8220;O presidente Lula j\u00e1 determinou que, junto \u00e0 Casa Civil, aceleremos os projetos pleiteados pelo Minist\u00e9rio de Portos e Aeroportos. Esses seis projetos ser\u00e3o inclu\u00eddos no novo PAC como prioridade do governo federal, para que sejam efetivamente viabilizados&#8221;, completou o ministro.<\/p>\n<table align=\"left\" style=\"width:727px\">&#13;<\/p>\n<tbody>&#13;<\/p>\n<tr width=\"727\">&#13;<\/p>\n<td width=\"727\"><\/td>\n<p>&#13;<br \/>\n\t\t<\/tr>\n<p>&#13;<br \/>\n\t<\/tbody>\n<p>&#13;<br \/>\n<\/table>\n<p>\u00a0<\/p>\n<p>&#13;<br \/>\n<strong>CONEX\u00c3O \u2014<\/strong>\u00a0A conex\u00e3o do porto com outros estados \u00e9 prioridade para o Governo Federal, segundo o ministro dos Transportes, Renan Filho. Ele citou o papel da Ferrovia EF-118, que liga o Esp\u00edrito Santo ao Rio de Janeiro, como estrat\u00e9gica para consolidar o local como eixo log\u00edstico nacional. &#8220;A usina \u00e9 um dos orgulhos da infraestrutura do Brasil, que gera tantos empregos e colabora para o desenvolvimento do pa\u00eds. Essa ferrovia ser\u00e1 transformadora&#8221;, afirmou.<br \/>&#13;<br \/>\n\u00a0<\/p>\n<p><strong>USINAS \u2014<\/strong>\u00a0Com as usinas GNA I e II, o complexo soma R$ 12 bilh\u00f5es em investimentos e gera energia para abastecer cerca de 14 milh\u00f5es de resid\u00eancias. No pico das obras, foram criados 22 mil empregos diretos. A nova usina representa n\u00e3o s\u00f3 um marco para a gera\u00e7\u00e3o de energia, mas tamb\u00e9m um vetor de desenvolvimento para a regi\u00e3o Norte Fluminense.<\/p>\n<p><em>\u00a0Secretaria de Comunica\u00e7\u00e3o Social da Presid\u00eancia da Rep\u00fablica<\/em><\/p>\n<\/p><\/div>\n<p><script async src=\"\/\/platform.twitter.com\/widgets.js\" charset=\"utf-8\"><\/script><script async defer crossorigin=\"anonymous\" src=\"https:\/\/connect.facebook.net\/pt_BR\/sdk.js#xfbml=1&#038;version=v12.0&#038;appId=&#038;autoLogAppEvents=1\" nonce=\"ou0fI1lo\"><\/script><br \/>\n<br \/><br \/>\n<br \/>Fonte: <a href=\"https:\/\/www.bs9.com.br\/brasil\/brasil-pode-ser-um-pais-imbativel-na-transicao-energetica-diz-lula\/33604\/\">BS9<\/a><\/p>\n","protected":false},"excerpt":{"rendered":"<p>Com capacidade para abastecer at\u00e9 8 milh\u00f5es de resid\u00eancias, a GNA II responde por cerca de 10% da gera\u00e7\u00e3o de energia a g\u00e1s natural da matriz el\u00e9trica nacional &#8211; Ricardo Stuckert O presidente Luiz In\u00e1cio Lula da Silva participou, nesta segunda-feira, 28 de julho, da inaugura\u00e7\u00e3o da Usina Termel\u00e9trica GNA II, no Porto do A\u00e7u, [&hellip;]<\/p>\n","protected":false},"author":5,"featured_media":33601,"comment_status":"open","ping_status":"open","sticky":false,"template":"","format":"standard","meta":{"_seopress_robots_primary_cat":"","_seopress_titles_title":"","_seopress_titles_desc":"","_seopress_robots_index":"","footnotes":""},"categories":[52],"tags":[],"class_list":["post-33600","post","type-post","status-publish","format-standard","has-post-thumbnail","hentry","category-santoseregiao"],"_links":{"self":[{"href":"https:\/\/mussicom.com\/noticias\/wp-json\/wp\/v2\/posts\/33600","targetHints":{"allow":["GET"]}}],"collection":[{"href":"https:\/\/mussicom.com\/noticias\/wp-json\/wp\/v2\/posts"}],"about":[{"href":"https:\/\/mussicom.com\/noticias\/wp-json\/wp\/v2\/types\/post"}],"author":[{"embeddable":true,"href":"https:\/\/mussicom.com\/noticias\/wp-json\/wp\/v2\/users\/5"}],"replies":[{"embeddable":true,"href":"https:\/\/mussicom.com\/noticias\/wp-json\/wp\/v2\/comments?post=33600"}],"version-history":[{"count":0,"href":"https:\/\/mussicom.com\/noticias\/wp-json\/wp\/v2\/posts\/33600\/revisions"}],"wp:featuredmedia":[{"embeddable":true,"href":"https:\/\/mussicom.com\/noticias\/wp-json\/wp\/v2\/media\/33601"}],"wp:attachment":[{"href":"https:\/\/mussicom.com\/noticias\/wp-json\/wp\/v2\/media?parent=33600"}],"wp:term":[{"taxonomy":"category","embeddable":true,"href":"https:\/\/mussicom.com\/noticias\/wp-json\/wp\/v2\/categories?post=33600"},{"taxonomy":"post_tag","embeddable":true,"href":"https:\/\/mussicom.com\/noticias\/wp-json\/wp\/v2\/tags?post=33600"}],"curies":[{"name":"wp","href":"https:\/\/api.w.org\/{rel}","templated":true}]}}