{"id":33592,"date":"2025-07-30T11:33:13","date_gmt":"2025-07-30T14:33:13","guid":{"rendered":"https:\/\/mussicom.com\/sou-20-vezes-melhor-que-bolsonaro-diz-lula-ao-nyt\/"},"modified":"2025-07-30T11:33:13","modified_gmt":"2025-07-30T14:33:13","slug":"sou-20-vezes-melhor-que-bolsonaro-diz-lula-ao-nyt","status":"publish","type":"post","link":"https:\/\/mussicom.com\/noticias\/sou-20-vezes-melhor-que-bolsonaro-diz-lula-ao-nyt\/","title":{"rendered":"&#8220;Sou 20 vezes melhor que Bolsonaro&#8221;, diz Lula ao NYT"},"content":{"rendered":"<p> <br \/>\n<\/p>\n<div>\n<p class=\"postParagraph_post-paragraph-innerHtml__Q5vwc\">O presidente do Brasil, Luiz In\u00e1cio Lula da Silva (PT), falou sobre as medidas anunciadas pelo governo do hom\u00f3logo americano, Donald Trump, em rara entrevista ao jornal <em>The New York Times (NYT)<\/em>, dois dias antes da tarifa de 50% sobre importa\u00e7\u00f5es brasileiras entrar em vigor.<\/p>\n<p class=\"postParagraph_post-paragraph__juWZN\">Questionado sobre o que poderia ser usado para negociar com a gest\u00e3o republicana, j\u00e1 que o petista disse que interfer\u00eancias no julgamento do ex-presidente Jair Bolsonaro eram &#8220;inegoci\u00e1veis&#8221;, Lula focou em falar de diplomacia e acusou Trump de colocar a rela\u00e7\u00e3o comercial entre os pa\u00edses numa briga pol\u00edtica.<\/p>\n<p class=\"postParagraph_post-paragraph__juWZN\">Segundo o presidente Lula, &#8220;\u00e9 nisso que espero que ele [Trump] reflita. Sinceramente, n\u00e3o sei o que ele ouviu sobre mim. Mas se ele me conhecesse, saberia que sou 20 vezes melhor que (Bolsonaro)&#8221;, declarou o petista ao jornal.<\/p>\n<p class=\"postParagraph_post-paragraph__juWZN\">O governante do Brasil disse que tentou marcar conversas com o l\u00edder da Casa Branca h\u00e1 meses, mas foi ignorado. &#8220;O que impede isso \u00e9 que ningu\u00e9m quer conversar. Pedi para entrar em contato. Designei meu vice-presidente, meu ministro da Agricultura, meu ministro da Economia, para que cada um possa conversar com seu hom\u00f3logo e entender qual seria a possibilidade de di\u00e1logo. At\u00e9 agora, n\u00e3o foi poss\u00edvel&#8221;, afirmou.<\/p>\n<p class=\"postParagraph_post-paragraph-innerHtml__Q5vwc\">Lula ressaltou que, ap\u00f3s as tentativas de di\u00e1logo, s\u00f3 soube da imposi\u00e7\u00e3o de uma tarifa por meio da publica\u00e7\u00e3o de Trump do dia 9. Diante disso, o presidente brasileiro disse que aguarda &#8220;civilidade&#8221; na rela\u00e7\u00e3o Brasil-EUA. &#8220;O tom da carta de Trump \u00e9 definitivamente o de algu\u00e9m que n\u00e3o quer conversar&#8221;.<\/p>\n<p class=\"postParagraph_post-paragraph__juWZN\">O petista afirmou n\u00e3o ter medo de Trump, apesar de ter demonstrando &#8220;receio&#8221; com os impactos da medida para os brasileiros e a economia nacional. O governante foi enf\u00e1tico na entrevista dizendo que n\u00e3o colocaria o Brasil em uma posi\u00e7\u00e3o inferior na negocia\u00e7\u00e3o.<\/p>\n<p class=\"postParagraph_post-paragraph__juWZN\">&#8220;Isso n\u00e3o se consegue estufando o peito e gritando sobre coisas que n\u00e3o se pode realizar, nem abaixando a cabe\u00e7a e simplesmente dizendo &#8216;am\u00e9m&#8217; a tudo o que os Estados Unidos desejam&#8221;, disse. A dois dias do tarifa\u00e7o entrar em vigor, os dois l\u00edderes ainda n\u00e3o se falaram.<\/p>\n<h2 class=\"postParagraph_post-paragraph__juWZN postParagraph_type-tag-h2__TtFkT\">Lula diz que Bolsonaro est\u00e1 sendo julgado com &#8220;pleno direito de defesa&#8221;<\/h2>\n<p class=\"postParagraph_post-paragraph__juWZN\">Em um trecho da entrevista, Lula afirmou que Trump tornou o povo brasileiro e o povo americano v\u00edtimas de sua pol\u00edtica tarif\u00e1ria com fins pol\u00edticos.<\/p>\n<p class=\"postParagraph_post-paragraph__juWZN\">Segundo o petista, os cidad\u00e3os n\u00e3o merecem pagar mais por alguns produtos por causa do processo contra o ex-presidente Bolsonaro. Lula declarou que o Brasil possui uma Constitui\u00e7\u00e3o e &#8220;o ex-presidente est\u00e1 sendo julgado com pleno direito de defesa&#8221;.<\/p>\n<p class=\"postParagraph_post-paragraph__juWZN\">Em um tom combativo, o presidente do Brasil afirmou ainda que, se Trump buscar uma briga pol\u00edtica, &#8220;ent\u00e3o vamos trat\u00e1-la como uma briga pol\u00edtica. Se ele quer falar de com\u00e9rcio, vamos sentar e discutir com\u00e9rcio. Mas n\u00e3o se pode misturar tudo&#8221;.<\/p>\n<h2 class=\"postParagraph_post-paragraph__juWZN postParagraph_type-tag-h2__TtFkT\">Rela\u00e7\u00e3o &#8220;extraordin\u00e1ria&#8221; com a China<\/h2>\n<p class=\"postParagraph_post-paragraph__juWZN\">Em outro momento da entrevista, o petista disse que, caso os Estados Unidos n\u00e3o queiram continuar fazendo neg\u00f3cios com o Brasil, o pa\u00eds ir\u00e1 procurar novos parceiros comerciais.<\/p>\n<p class=\"postParagraph_post-paragraph__juWZN\">Ao jornal americano, Lula disse que mant\u00e9m uma &#8220;rela\u00e7\u00e3o extraordin\u00e1ria&#8221; com a China, pa\u00eds com o qual Washington negocia outro acordo ap\u00f3s meses de guerra comercial.<\/p>\n<p class=\"postParagraph_post-paragraph__juWZN\">&#8220;Se os Estados Unidos e a China quiserem uma Guerra Fria, n\u00e3o aceitaremos. N\u00e3o tenho prefer\u00eancia. Tenho interesse em vender para quem quiser comprar de mim &#8211; para quem pagar mais&#8221;.<\/p>\n<p class=\"postParagraph_post-paragraph-innerHtml__Q5vwc\">O <em>New York Times<\/em>, que classificou Lula como &#8220;o estadista latino-americano mais importante do s\u00e9culo, disse no artigo que &#8220;talvez n\u00e3o haja nenhum l\u00edder mundial desafiando o presidente Trump t\u00e3o fortemente quanto o Sr. Lula&#8221;.<\/p>\n<h2 class=\"postParagraph_post-paragraph__juWZN postParagraph_type-tag-h2__TtFkT\">&#8220;Aqui o Judici\u00e1rio \u00e9 independente&#8221;, diz Lula<\/h2>\n<p class=\"postParagraph_post-paragraph-innerHtml__Q5vwc\">Questionado sobre a possibilidade de san\u00e7\u00f5es do governo americano contra o ministro do Supremo Tribunal Federal Alexandre de Moraes e outros ju\u00edzes, que podem ser punidos com a aplica\u00e7\u00e3o da Lei Magnitsky, Lula classificou a medida como algo muito s\u00e9rio. Para ele, o STF &#8220;deve ser respeitado por seu pr\u00f3prio pa\u00eds e pelo mundo&#8221;.<\/p>\n<p class=\"postParagraph_post-paragraph__juWZN\">O petista deixou claro que o arquivamento do processo contra o ex-presidente Jair Bolsonaro \u00e9 inegoci\u00e1vel. &#8220;Talvez ele [Trump] n\u00e3o saiba que aqui no Brasil o Judici\u00e1rio \u00e9 independente&#8221;.<\/p>\n<\/div>\n<p><br \/>\n<br \/>Fonte: <a href=\"https:\/\/www.gazetadopovo.com.br\/mundo\/lula-diz-que-se-trump-conhecesse-saberia-que-20-vezes-melhor-que-bolsonaro\/\">Revista Oeste<\/a><\/p>\n","protected":false},"excerpt":{"rendered":"<p>O presidente do Brasil, Luiz In\u00e1cio Lula da Silva (PT), falou sobre as medidas anunciadas pelo governo do hom\u00f3logo americano, Donald Trump, em rara entrevista ao jornal The New York Times (NYT), dois dias antes da tarifa de 50% sobre importa\u00e7\u00f5es brasileiras entrar em vigor. Questionado sobre o que poderia ser usado para negociar com [&hellip;]<\/p>\n","protected":false},"author":5,"featured_media":33593,"comment_status":"open","ping_status":"open","sticky":false,"template":"","format":"standard","meta":{"_seopress_robots_primary_cat":"","_seopress_titles_title":"","_seopress_titles_desc":"","_seopress_robots_index":"","footnotes":""},"categories":[48],"tags":[],"class_list":["post-33592","post","type-post","status-publish","format-standard","has-post-thumbnail","hentry","category-internacional"],"_links":{"self":[{"href":"https:\/\/mussicom.com\/noticias\/wp-json\/wp\/v2\/posts\/33592","targetHints":{"allow":["GET"]}}],"collection":[{"href":"https:\/\/mussicom.com\/noticias\/wp-json\/wp\/v2\/posts"}],"about":[{"href":"https:\/\/mussicom.com\/noticias\/wp-json\/wp\/v2\/types\/post"}],"author":[{"embeddable":true,"href":"https:\/\/mussicom.com\/noticias\/wp-json\/wp\/v2\/users\/5"}],"replies":[{"embeddable":true,"href":"https:\/\/mussicom.com\/noticias\/wp-json\/wp\/v2\/comments?post=33592"}],"version-history":[{"count":0,"href":"https:\/\/mussicom.com\/noticias\/wp-json\/wp\/v2\/posts\/33592\/revisions"}],"wp:featuredmedia":[{"embeddable":true,"href":"https:\/\/mussicom.com\/noticias\/wp-json\/wp\/v2\/media\/33593"}],"wp:attachment":[{"href":"https:\/\/mussicom.com\/noticias\/wp-json\/wp\/v2\/media?parent=33592"}],"wp:term":[{"taxonomy":"category","embeddable":true,"href":"https:\/\/mussicom.com\/noticias\/wp-json\/wp\/v2\/categories?post=33592"},{"taxonomy":"post_tag","embeddable":true,"href":"https:\/\/mussicom.com\/noticias\/wp-json\/wp\/v2\/tags?post=33592"}],"curies":[{"name":"wp","href":"https:\/\/api.w.org\/{rel}","templated":true}]}}