{"id":33566,"date":"2025-07-30T09:47:10","date_gmt":"2025-07-30T12:47:10","guid":{"rendered":"https:\/\/mussicom.com\/fora-do-mapa-da-fome-polos-de-agricultura-irrigada-fortalecem-seguranca-alimentar-no-brasil\/"},"modified":"2025-07-30T09:47:10","modified_gmt":"2025-07-30T12:47:10","slug":"fora-do-mapa-da-fome-polos-de-agricultura-irrigada-fortalecem-seguranca-alimentar-no-brasil","status":"publish","type":"post","link":"https:\/\/mussicom.com\/noticias\/fora-do-mapa-da-fome-polos-de-agricultura-irrigada-fortalecem-seguranca-alimentar-no-brasil\/","title":{"rendered":"Fora do mapa da fome: Polos de Agricultura Irrigada fortalecem seguran\u00e7a alimentar no Brasil"},"content":{"rendered":"<p> <br \/>\n<\/p>\n<p>\n\t\t\t\t\t\t Um dos principais desafios identificados \u00e9 a falta de monitoramento e de dados t\u00e9cnicos atualizados sobre os recursos h\u00eddricos<br \/>\n\t\t\t\t\t\t &#8211; \t\t\t\t\t\t Valter Campanato\n\t\t\t\t\t<\/p>\n<div id=\"texto\">\n<p>O an\u00fancio da sa\u00edda do Brasil do Mapa da Fome, feito pela ONU nesta segunda-feira (28), \u00e9 reflexo de pol\u00edticas p\u00fablicas que fortalecem a produ\u00e7\u00e3o de alimentos, a inclus\u00e3o produtiva e o desenvolvimento regional. Entre elas, destaca-se os Polos de Agricultura Irrigada, coordenados pelo Minist\u00e9rio da Integra\u00e7\u00e3o e do Desenvolvimento Regional (MIDR), que t\u00eam papel estrat\u00e9gico na expans\u00e3o da agricultura irrigada em todo o pa\u00eds.<br \/>&#13;<br \/>\n\u00a0<\/p>\n<p>A iniciativa, coordenada pela Secretaria Nacional de Seguran\u00e7a H\u00eddrica (SNSH), integra a Pol\u00edtica Nacional de Irriga\u00e7\u00e3o e atua em articula\u00e7\u00e3o com diferentes esferas de governo e o setor privado. Ela consiste em conhecer as reais necessidades dos agricultores irrigantes em cada regi\u00e3o e definir, em conjunto, projetos estruturantes para fomentar a irriga\u00e7\u00e3o de forma sustent\u00e1vel e regionalmente adequada.<br \/>&#13;<br \/>\n\u00a0<\/p>\n<p>Atualmente, o Brasil j\u00e1 conta com 18 Polos de Agricultura Irrigada, que somam aproximadamente 1,5 milh\u00e3o de hectares irrigados. De acordo com estudos realizados em parceria com a Esalq\/USP, o pa\u00eds tem um potencial de expans\u00e3o de at\u00e9 53,4 milh\u00f5es de hectares, sendo 26,69 milh\u00f5es em \u00e1reas agr\u00edcolas e 26,72 milh\u00f5es em pastagens em \u00e1reas j\u00e1 antropizadas e com oferta h\u00eddrica suficiente, segundo dados da Ag\u00eancia Nacional de \u00c1guas e Saneamento B\u00e1sico (ANA).<br \/>&#13;<br \/>\n\u00a0<\/p>\n<p>&#8220;Esses polos s\u00e3o fundamentais para destravar o crescimento da agricultura irrigada, especialmente em regi\u00f5es que enfrentam desafios log\u00edsticos, de energia e de regulariza\u00e7\u00e3o ambiental. Com irriga\u00e7\u00e3o bem planejada, conseguimos produzir mais, com menos desperd\u00edcio, o ano inteiro. Isso significa comida na mesa do povo, emprego no campo e desenvolvimento nas regi\u00f5es mais vulner\u00e1veis&#8221;, afirma Ant\u00f4nio Guimar\u00e3es Leite, coordenador-geral de Sustentabilidade de Polos e Projetos de Irriga\u00e7\u00e3o da SNSH.<br \/>&#13;<br \/>\n\u00a0<\/p>\n<p>Al\u00e9m disso, a iniciativa tamb\u00e9m est\u00e1 promovendo o di\u00e1logo entre os setores p\u00fablico e privado para adequar os normativos ambientais e facilitar o licenciamento de novas \u00e1reas irrigadas, sempre com foco na sustentabilidade e na governan\u00e7a da \u00e1gua. Um dos principais desafios identificados \u00e9 a falta de monitoramento e de dados t\u00e9cnicos atualizados sobre os recursos h\u00eddricos, o que dificulta o planejamento e a autoriza\u00e7\u00e3o de novos empreendimentos agr\u00edcolas.<br \/>&#13;<br \/>\n\u00a0<\/p>\n<p><strong>Potencial produtivo<\/strong><\/p>\n<p>Como ressalta Ant\u00f4nio, o trabalho realizado nos Polos Irrigados vai al\u00e9m do campo. &#8220;A agricultura irrigada est\u00e1 diretamente ligada ao combate \u00e0 fome e \u00e0 seguran\u00e7a alimentar. O Brasil s\u00f3 conseguiu sair novamente do Mapa da Fome gra\u00e7as a pol\u00edticas p\u00fablicas como essa, que olham para o potencial produtivo do nosso territ\u00f3rio com intelig\u00eancia, t\u00e9cnica e compromisso social&#8221;, refor\u00e7a.<br \/>&#13;<br \/>\n\u00a0<\/p>\n<p>Com a mobiliza\u00e7\u00e3o de lideran\u00e7as locais, institui\u00e7\u00f5es de pesquisa e governos estaduais e municipais, o MIDR continua expandindo os Polos de Agricultura Irrigada e acompanhando a execu\u00e7\u00e3o dos projetos priorit\u00e1rios. A meta \u00e9 transformar o potencial h\u00eddrico do Brasil em desenvolvimento sustent\u00e1vel, inclus\u00e3o produtiva e mais qualidade de vida para milh\u00f5es de brasileiros.<\/p>\n<p>\u00a0<\/p>\n<p>\u00a0<\/p>\n<p><strong>Assessoria de Comunica\u00e7\u00e3o Social<\/strong>\u00a0<strong>do MIDR<\/strong><\/p>\n<\/p><\/div>\n<p><script async defer crossorigin=\"anonymous\" src=\"https:\/\/connect.facebook.net\/pt_BR\/sdk.js#xfbml=1&#038;version=v12.0&#038;appId=&#038;autoLogAppEvents=1\" nonce=\"ou0fI1lo\"><\/script><br \/>\n<br \/><br \/>\n<br \/>Fonte: <a href=\"https:\/\/www.bs9.com.br\/brasil\/fora-do-mapa-da-fome-polos-de-agricultura-irrigada-fortalecem\/33602\/\">BS9<\/a><\/p>\n","protected":false},"excerpt":{"rendered":"<p>Um dos principais desafios identificados \u00e9 a falta de monitoramento e de dados t\u00e9cnicos atualizados sobre os recursos h\u00eddricos &#8211; Valter Campanato O an\u00fancio da sa\u00edda do Brasil do Mapa da Fome, feito pela ONU nesta segunda-feira (28), \u00e9 reflexo de pol\u00edticas p\u00fablicas que fortalecem a produ\u00e7\u00e3o de alimentos, a inclus\u00e3o produtiva e o desenvolvimento [&hellip;]<\/p>\n","protected":false},"author":5,"featured_media":33567,"comment_status":"open","ping_status":"open","sticky":false,"template":"","format":"standard","meta":{"_seopress_robots_primary_cat":"","_seopress_titles_title":"","_seopress_titles_desc":"","_seopress_robots_index":"","footnotes":""},"categories":[52],"tags":[],"class_list":["post-33566","post","type-post","status-publish","format-standard","has-post-thumbnail","hentry","category-santoseregiao"],"_links":{"self":[{"href":"https:\/\/mussicom.com\/noticias\/wp-json\/wp\/v2\/posts\/33566","targetHints":{"allow":["GET"]}}],"collection":[{"href":"https:\/\/mussicom.com\/noticias\/wp-json\/wp\/v2\/posts"}],"about":[{"href":"https:\/\/mussicom.com\/noticias\/wp-json\/wp\/v2\/types\/post"}],"author":[{"embeddable":true,"href":"https:\/\/mussicom.com\/noticias\/wp-json\/wp\/v2\/users\/5"}],"replies":[{"embeddable":true,"href":"https:\/\/mussicom.com\/noticias\/wp-json\/wp\/v2\/comments?post=33566"}],"version-history":[{"count":0,"href":"https:\/\/mussicom.com\/noticias\/wp-json\/wp\/v2\/posts\/33566\/revisions"}],"wp:featuredmedia":[{"embeddable":true,"href":"https:\/\/mussicom.com\/noticias\/wp-json\/wp\/v2\/media\/33567"}],"wp:attachment":[{"href":"https:\/\/mussicom.com\/noticias\/wp-json\/wp\/v2\/media?parent=33566"}],"wp:term":[{"taxonomy":"category","embeddable":true,"href":"https:\/\/mussicom.com\/noticias\/wp-json\/wp\/v2\/categories?post=33566"},{"taxonomy":"post_tag","embeddable":true,"href":"https:\/\/mussicom.com\/noticias\/wp-json\/wp\/v2\/tags?post=33566"}],"curies":[{"name":"wp","href":"https:\/\/api.w.org\/{rel}","templated":true}]}}