{"id":33560,"date":"2025-07-30T09:35:10","date_gmt":"2025-07-30T12:35:10","guid":{"rendered":"https:\/\/mussicom.com\/alckmin-e-haddad-podem-viajar-a-washington-para-negociar-tarifaco\/"},"modified":"2025-07-30T09:35:10","modified_gmt":"2025-07-30T12:35:10","slug":"alckmin-e-haddad-podem-viajar-a-washington-para-negociar-tarifaco","status":"publish","type":"post","link":"https:\/\/mussicom.com\/noticias\/alckmin-e-haddad-podem-viajar-a-washington-para-negociar-tarifaco\/","title":{"rendered":"Alckmin e Haddad podem viajar a Washington para negociar tarifa\u00e7o"},"content":{"rendered":"<p> <br \/>\n<\/p>\n<div>\n<p class=\"postParagraph_post-paragraph-innerHtml__Q5vwc\">O ministro Fernando Haddad (PT), da Fazenda, afirmou nesta quarta (30) que n\u00e3o descarta viajar a Washington com o vice-presidente Geraldo Alckmin (PSB) para negociar a taxa\u00e7\u00e3o de 50% imposta pelo presidente dos Estados Unidos, Donald Trump. No entanto, uma miss\u00e3o do alto escal\u00e3o do governo n\u00e3o deve ocorrer antes de sexta (1\u00ba), quando a tarifa entra em vigor.<\/p>\n<p class=\"postParagraph_post-paragraph-innerHtml__Q5vwc\">Membros do governo v\u00eam se reunindo diariamente e tentando ampliar os canais de di\u00e1logo com as autoridades norte-americanas, que est\u00e3o restritos no momento ao secret\u00e1rio de Com\u00e9rcio Howard Lutnick. Ele j\u00e1 sinalizou a possibilidade de isen\u00e7\u00e3o a alguns itens agr\u00edcolas, como caf\u00e9, manga e cacau,<\/p>\n<p class=\"postParagraph_post-paragraph__juWZN\">\u201cAssim que tiver uma agenda estruturada, sim. Eu j\u00e1 estive na Calif\u00f3rnia com o secret\u00e1rio Scott Bessent [Tesouro dos Estados Unidos] e tenho tentado contato com ele, mas est\u00e1 na Europa fechando acordos. A assessoria disse que ao ele regressar aos Estados Unidos a gente teria possibilidade de uma conversa\u201d, disse o ministro a jornalistas mais cedo.<\/p>\n<div class=\"postViewMore_post-view-more-container___5wai\" data-mrf-recirculation=\"Post - Veja tamb\u00e9m\">\n<p class=\"gp-styles-module-size-small-afeYRa gp-styles-module-font-family2-afeYRa gp-styles-module-color-secondary-afeYRa gp-styles-module-weight-bold-afeYRa\">VEJA TAMB\u00c9M:<\/p>\n<ul class=\"postViewMore_post-view-more-list__CU_CE\">\n<li class=\"postViewMore_post-view-more-item__2MzRb\">\n<div class=\"postViewMore_post-view-more-image__5gUSe\"><picture class=\"imageDefault_image-container__XGd8_\"><\/picture><\/div>\n<p>Tarifa\u00e7o pode \u201caliviar\u201d infla\u00e7\u00e3o, mas cen\u00e1rio fiscal deve impedir corte da Selic<\/li>\n<\/ul>\n<\/div>\n<p class=\"postParagraph_post-paragraph__juWZN\">Haddad afirmou que vem tendo reuni\u00f5es di\u00e1rias para discutir o tarifa\u00e7o e que dificilmente se chegar\u00e1 a um acordo antes de sexta (1\u00ba), pontuando que as negocia\u00e7\u00f5es se prolongar\u00e3o mesmo ap\u00f3s o in\u00edcio da cobran\u00e7a.<\/p>\n<p class=\"postParagraph_post-paragraph__juWZN\">O ministro ressaltou que \u00e9 preciso aguardar o in\u00edcio efetivo da taxa\u00e7\u00e3o para o governo avaliar o que deve ser feito \u2013 incluindo a aplica\u00e7\u00e3o do plano de conting\u00eancia \u00e0s empresas brasileiras que venham a ser afetadas.<\/p>\n<p class=\"postParagraph_post-paragraph__juWZN\">&#8220;As conversas est\u00e3o evoluindo independentemente da decis\u00e3o que for tomada no dia 1\u00ba. [&#8230;] Essa semana foi melhor e, se depender do Brasil, essa tens\u00e3o desaparece, porque ela \u00e9 artificial e produzida por pessoas do pr\u00f3prio pa\u00eds. N\u00e3o faz sentido, essa tens\u00e3o vai se dissipar e a racionalidade vai presidir os trabalhos e vamos chegar a um denominador&#8221;, completou.<\/p>\n<p class=\"postParagraph_post-paragraph__juWZN\">Ele ainda elogiou o trabalho que vem sendo feito por Alckmin ao liderar as negocia\u00e7\u00f5es com os Estados Unidos, tanto pelo que j\u00e1 foi tornado p\u00fablico como nas conversas sob reserva.<\/p>\n<p class=\"postParagraph_post-paragraph-innerHtml__Q5vwc\">Na v\u00e9spera, o ministro afirmou que as equipes do governo lideradas por Alckmin, pelo ministro Mauro Vieira (Rela\u00e7\u00f5es Exteriores) e de senadores brasileiros em Washington est\u00e3o fazer uma \u201cprepara\u00e7\u00e3o protocolar\u201d para azeitar o di\u00e1logo entre Lula e Trump.<\/p>\n<p class=\"postParagraph_post-paragraph__juWZN\">\u201cQuando dois chefes de Estado v\u00e3o conversar, tem uma prepara\u00e7\u00e3o antes para que n\u00e3o seja uma coisa que subordine um pa\u00eds ao outro. De dois pa\u00edses soberanos, n\u00e3o \u00e9 uma coisa que sai correndo atr\u00e1s. A gente tem que entender que o Brasil \u00e9 um pa\u00eds grande, isso n\u00e3o \u00e9 arrog\u00e2ncia nenhuma. A gente se d\u00e1 bem com todo mundo\u201d, disse.<\/p>\n<p class=\"postParagraph_post-paragraph-innerHtml__Q5vwc\">No entanto, o l\u00edder do governo no Senado, Jaques Wagner (PT-BA), e a ministra das Rela\u00e7\u00f5es Institucionais, Gleisi Hoffmann (PT-PR), descartam uma conversa dos dois presidentes antes de sexta (1\u00ba) por conta dos preparativos necess\u00e1rios. H\u00e1, ainda, o receio de que o di\u00e1logo evolua para hostilidades como ocorreu com os l\u00edderes da Ucr\u00e2nia e da \u00c1frica do Sul.<\/p>\n<\/div>\n<p><br \/>\n<br \/>Fonte: <a href=\"https:\/\/www.gazetadopovo.com.br\/economia\/alckmin-haddad-viajar-washington-negociar-tarifaco\/\">Gazeta do Povo<\/a><\/p>\n","protected":false},"excerpt":{"rendered":"<p>O ministro Fernando Haddad (PT), da Fazenda, afirmou nesta quarta (30) que n\u00e3o descarta viajar a Washington com o vice-presidente Geraldo Alckmin (PSB) para negociar a taxa\u00e7\u00e3o de 50% imposta pelo presidente dos Estados Unidos, Donald Trump. No entanto, uma miss\u00e3o do alto escal\u00e3o do governo n\u00e3o deve ocorrer antes de sexta (1\u00ba), quando a [&hellip;]<\/p>\n","protected":false},"author":5,"featured_media":33561,"comment_status":"open","ping_status":"open","sticky":false,"template":"","format":"standard","meta":{"_seopress_robots_primary_cat":"","_seopress_titles_title":"","_seopress_titles_desc":"","_seopress_robots_index":"","footnotes":""},"categories":[45],"tags":[],"class_list":["post-33560","post","type-post","status-publish","format-standard","has-post-thumbnail","hentry","category-economia"],"_links":{"self":[{"href":"https:\/\/mussicom.com\/noticias\/wp-json\/wp\/v2\/posts\/33560","targetHints":{"allow":["GET"]}}],"collection":[{"href":"https:\/\/mussicom.com\/noticias\/wp-json\/wp\/v2\/posts"}],"about":[{"href":"https:\/\/mussicom.com\/noticias\/wp-json\/wp\/v2\/types\/post"}],"author":[{"embeddable":true,"href":"https:\/\/mussicom.com\/noticias\/wp-json\/wp\/v2\/users\/5"}],"replies":[{"embeddable":true,"href":"https:\/\/mussicom.com\/noticias\/wp-json\/wp\/v2\/comments?post=33560"}],"version-history":[{"count":0,"href":"https:\/\/mussicom.com\/noticias\/wp-json\/wp\/v2\/posts\/33560\/revisions"}],"wp:featuredmedia":[{"embeddable":true,"href":"https:\/\/mussicom.com\/noticias\/wp-json\/wp\/v2\/media\/33561"}],"wp:attachment":[{"href":"https:\/\/mussicom.com\/noticias\/wp-json\/wp\/v2\/media?parent=33560"}],"wp:term":[{"taxonomy":"category","embeddable":true,"href":"https:\/\/mussicom.com\/noticias\/wp-json\/wp\/v2\/categories?post=33560"},{"taxonomy":"post_tag","embeddable":true,"href":"https:\/\/mussicom.com\/noticias\/wp-json\/wp\/v2\/tags?post=33560"}],"curies":[{"name":"wp","href":"https:\/\/api.w.org\/{rel}","templated":true}]}}