{"id":33547,"date":"2025-07-30T08:44:12","date_gmt":"2025-07-30T11:44:12","guid":{"rendered":"https:\/\/mussicom.com\/alckmin-se-reune-com-big-techs-para-discutir-tarifaco-e-regulacao-das-redes\/"},"modified":"2025-07-30T08:44:12","modified_gmt":"2025-07-30T11:44:12","slug":"alckmin-se-reune-com-big-techs-para-discutir-tarifaco-e-regulacao-das-redes","status":"publish","type":"post","link":"https:\/\/mussicom.com\/noticias\/alckmin-se-reune-com-big-techs-para-discutir-tarifaco-e-regulacao-das-redes\/","title":{"rendered":"Alckmin se re\u00fane com big techs para discutir tarifa\u00e7o e regula\u00e7\u00e3o das redes"},"content":{"rendered":"<p> <br \/>\n<\/p>\n<div>\n<p class=\"postParagraph_post-paragraph-innerHtml__Q5vwc\">O vice-presidente Geraldo Alckmin (PSB) se reuniu com representantes das chamadas big techs americanas nesta ter\u00e7a (29) para discutir o tarifa\u00e7o imposto pelo presidente Donald Trump, dos Estados Unidos, ao Brasil e a regula\u00e7\u00e3o das redes sociais \u2013 uma das principais bandeiras do governo.<\/p>\n<p class=\"postParagraph_post-paragraph__juWZN\">Durante o encontro, Alckmin afirmou \u00e0s empresas que a taxa\u00e7\u00e3o de 50% \u00e9 \u201cinjusta ao nosso pa\u00eds\u201d e que houve avan\u00e7o para uma segunda reuni\u00e3o com a participa\u00e7\u00e3o de um representante do Departamento de Com\u00e9rcio dos Estados Unidos para discutir a regula\u00e7\u00e3o e seguran\u00e7a jur\u00eddica.<\/p>\n<p class=\"postParagraph_post-paragraph__juWZN\">\u201cRecebemos as big techs e, na conversa com o [Howard] Lutnick, eu disse a ele que ter\u00edamos um segundo encontro com as empresas de tecnologia americanas e ele pediu se poderia um representante dele participar\u201d, disse o vice-presidente que \u00e9 tamb\u00e9m ministro do Desenvolvimento, Ind\u00fastria e Com\u00e9rcio (MDIC).<\/p>\n<div class=\"postViewMore_post-view-more-container___5wai\" data-mrf-recirculation=\"Post - Veja tamb\u00e9m\">\n<p class=\"gp-styles-module-size-small-afeYRa gp-styles-module-font-family2-afeYRa gp-styles-module-color-secondary-afeYRa gp-styles-module-weight-bold-afeYRa\">VEJA TAMB\u00c9M:<\/p>\n<ul class=\"postViewMore_post-view-more-list__CU_CE\">\n<li class=\"postViewMore_post-view-more-item__2MzRb\">\n<div class=\"postViewMore_post-view-more-image__5gUSe\"><picture class=\"imageDefault_image-container__XGd8_\"><\/picture><\/div>\n<p>Tarifa\u00e7o pode \u201caliviar\u201d infla\u00e7\u00e3o, mas cen\u00e1rio fiscal deve impedir corte da Selic<\/li>\n<\/ul>\n<\/div>\n<p class=\"postParagraph_post-paragraph__juWZN\">A reuni\u00e3o teve a participa\u00e7\u00e3o de representantes da Meta (propriet\u00e1ria do WhatsApp, Facebook, Instagram e Threads), Google, Amazon, Apple, Expedia e Visa \u2013 gigante dos cart\u00f5es de cr\u00e9dito que estaria mirando diretamente o PIX, um dos pontos controversos na carta de Trump para investiga\u00e7\u00e3o de supostas pr\u00e1ticas ilegais em pagamentos.<\/p>\n<p class=\"postParagraph_post-paragraph__juWZN\">\u201cFoi uma reuni\u00e3o bastante proveitosa. Tiramos at\u00e9 uma mesa de trabalho onde a gente vai verificar o ambiente regulat\u00f3rio, a inova\u00e7\u00e3o tecnol\u00f3gica, oportunidade econ\u00f4mica e seguran\u00e7a jur\u00eddica\u201d, completou Alckmin.<\/p>\n<p class=\"postParagraph_post-paragraph__juWZN\">O vice-presidente reafirmou que o governo est\u00e1 \u201cempenhado em evitar que tenhamos uma tarifa totalmente injustific\u00e1vel\u201d. \u201cN\u00e3o tem justificativa voc\u00ea ter uma al\u00edquota de 50% para um pa\u00eds que \u00e9 um grande comprador, e que voc\u00ea tem uma balan\u00e7a comercial superavit\u00e1ria\u201d, completou.<\/p>\n<p class=\"postParagraph_post-paragraph__juWZN\">Ainda segundo Alckmin, de janeiro a junho deste ano, as exporta\u00e7\u00f5es do Brasil para os Estados Unidos cresceram 4,8%, e quase 12% no caminho contr\u00e1rio.<\/p>\n<p class=\"postParagraph_post-paragraph__juWZN\">\u201cEnt\u00e3o, n\u00f3s queremos uma redu\u00e7\u00e3o tarif\u00e1ria para todos, evitar que isso [tarifa\u00e7o de 50%] seja implementado\u201d, concluiu.<\/p>\n<p class=\"postParagraph_post-paragraph__juWZN\">Um pouco mais cedo, Lutnick afirmou que alguns produtos n\u00e3o cultivados nos Estados Unidos poderiam ter a tarifa zerada, como o caf\u00e9, manga, abacaxi e cacau, mas sem citar diretamente o Brasil.<\/p>\n<p class=\"postParagraph_post-paragraph__juWZN\">Tamb\u00e9m h\u00e1 a expectativa de que a ind\u00fastria aeron\u00e1utica consiga isen\u00e7\u00e3o da taxa ap\u00f3s press\u00e3o de empresas americanas e da Embraer, por conta dos altos custos destes produtos que seriam ainda mais encarecidos.<\/p>\n<\/div>\n<p><br \/>\n<br \/>Fonte: <a href=\"https:\/\/www.gazetadopovo.com.br\/republica\/alckmin-big-techs-tarifaco-regulacao-redes\/\">Revista Oeste<\/a><\/p>\n","protected":false},"excerpt":{"rendered":"<p>O vice-presidente Geraldo Alckmin (PSB) se reuniu com representantes das chamadas big techs americanas nesta ter\u00e7a (29) para discutir o tarifa\u00e7o imposto pelo presidente Donald Trump, dos Estados Unidos, ao Brasil e a regula\u00e7\u00e3o das redes sociais \u2013 uma das principais bandeiras do governo. Durante o encontro, Alckmin afirmou \u00e0s empresas que a taxa\u00e7\u00e3o de [&hellip;]<\/p>\n","protected":false},"author":5,"featured_media":33548,"comment_status":"open","ping_status":"open","sticky":false,"template":"","format":"standard","meta":{"_seopress_robots_primary_cat":"","_seopress_titles_title":"","_seopress_titles_desc":"","_seopress_robots_index":"","footnotes":""},"categories":[1],"tags":[],"class_list":["post-33547","post","type-post","status-publish","format-standard","has-post-thumbnail","hentry","category-ultimas-noticias"],"_links":{"self":[{"href":"https:\/\/mussicom.com\/noticias\/wp-json\/wp\/v2\/posts\/33547","targetHints":{"allow":["GET"]}}],"collection":[{"href":"https:\/\/mussicom.com\/noticias\/wp-json\/wp\/v2\/posts"}],"about":[{"href":"https:\/\/mussicom.com\/noticias\/wp-json\/wp\/v2\/types\/post"}],"author":[{"embeddable":true,"href":"https:\/\/mussicom.com\/noticias\/wp-json\/wp\/v2\/users\/5"}],"replies":[{"embeddable":true,"href":"https:\/\/mussicom.com\/noticias\/wp-json\/wp\/v2\/comments?post=33547"}],"version-history":[{"count":0,"href":"https:\/\/mussicom.com\/noticias\/wp-json\/wp\/v2\/posts\/33547\/revisions"}],"wp:featuredmedia":[{"embeddable":true,"href":"https:\/\/mussicom.com\/noticias\/wp-json\/wp\/v2\/media\/33548"}],"wp:attachment":[{"href":"https:\/\/mussicom.com\/noticias\/wp-json\/wp\/v2\/media?parent=33547"}],"wp:term":[{"taxonomy":"category","embeddable":true,"href":"https:\/\/mussicom.com\/noticias\/wp-json\/wp\/v2\/categories?post=33547"},{"taxonomy":"post_tag","embeddable":true,"href":"https:\/\/mussicom.com\/noticias\/wp-json\/wp\/v2\/tags?post=33547"}],"curies":[{"name":"wp","href":"https:\/\/api.w.org\/{rel}","templated":true}]}}