{"id":33493,"date":"2025-07-30T03:55:17","date_gmt":"2025-07-30T06:55:17","guid":{"rendered":"https:\/\/mussicom.com\/valorizacao-do-feijao-mas-precos-ainda-abaixo-da-media\/"},"modified":"2025-07-30T03:55:17","modified_gmt":"2025-07-30T06:55:17","slug":"valorizacao-do-feijao-mas-precos-ainda-abaixo-da-media","status":"publish","type":"post","link":"https:\/\/mussicom.com\/noticias\/valorizacao-do-feijao-mas-precos-ainda-abaixo-da-media\/","title":{"rendered":"Valoriza\u00e7\u00e3o do feij\u00e3o, mas pre\u00e7os ainda abaixo da m\u00e9dia"},"content":{"rendered":"<p> <br \/>\n<\/p>\n<div>\n<p style=\"text-align:justify\">O mercado de feij\u00e3o registrou nova valoriza\u00e7\u00e3o para os gr\u00e3os carioca de melhor qualidade no per\u00edodo de 17 a 25 de julho, aponta o Indicador Cepea\/CNA.\u00a0Segundo a an\u00e1lise, a valoriza\u00e7\u00e3o se destaca em um cen\u00e1rio de colheita avan\u00e7ada nas principais regi\u00f5es produtoras e com compradores adquirindo a leguminosa de forma pontual. A prefer\u00eancia segue concentrada em lotes com colora\u00e7\u00e3o clara e escurecimento lento, o que tem sustentado os pre\u00e7os nessas categorias.&#13;\n<\/p>\n<p style=\"text-align:justify\">Feij\u00e3o carioca &#8211; O feij\u00e3o carioca nota 9 ou superior liderou as altas em v\u00e1rias regi\u00f5es do pa\u00eds. Em Itapeva (SP), a valoriza\u00e7\u00e3o foi de 6,36% fechando a R$ 240,72 a saca. No Centro\/Noroeste de Goi\u00e1s, os pre\u00e7os subiram 5,35% (R$ 218,43\/sc), e no Leste Goiano, 3,68% (R$ 213,22\/sc).<\/p>\n<p style=\"text-align:justify\">Em Minas Gerais houve avan\u00e7os de 3,95% no Noroeste e 3,29% no Sul\/Sudoeste. No Tri\u00e2ngulo Mineiro\/Alto Parana\u00edba, a alta foi mais t\u00edmida, de 0,62%, com a saca a R$ 218.<\/p>\n<p style=\"text-align:justify\">De acordo com o indicador, apesar da rea\u00e7\u00e3o semanal, os pre\u00e7os atuais seguem abaixo da m\u00e9dia acumulada desde setembro de 2024 em quase todas as pra\u00e7as. Em Itapeva (SP), por exemplo, a m\u00e9dia hist\u00f3rica nesse per\u00edodo \u00e9 de R$ 260,32\/sc, enquanto o valor atual \u00e9 de R$ 240,72\/sc, uma diferen\u00e7a de quase 8%.&#13;\n<\/p>\n<p style=\"text-align:justify\">Para os gr\u00e3os comerciais (notas 8 e 8,5), os novos lotes com colora\u00e7\u00e3o mais clara tamb\u00e9m impulsionaram os pre\u00e7os. O Tri\u00e2ngulo Mineiro\/Alto Parana\u00edba apresentou a maior valoriza\u00e7\u00e3o da semana: 16,56%, com a saca a R$ 203,33. Itapeva teve aumento de 15,41%, seguida por Curitiba (+14,68%) e Metade Sul do Paran\u00e1 (+12,29%). Em Sorriso (MT), o avan\u00e7o foi de 4,13%, enquanto em Belo Horizonte (MG) a alta foi de 5,23%.<\/p>\n<p style=\"text-align:justify\">Apesar dos resultados, algumas pra\u00e7as seguem operando abaixo da m\u00e9dia hist\u00f3rica. Em Curitiba, por exemplo, a m\u00e9dia foi de R$ 197,23\/sc no per\u00edodo de setembro de 2024 a julho de 2025, contra os R$ 168,67\/sc atuais. Em Itapeva, a m\u00e9dia hist\u00f3rica \u00e9 de R$ 212,16\/sc. O Tri\u00e2ngulo Mineiro, por outro lado, j\u00e1 se aproxima da m\u00e9dia acumulada, sinalizando recupera\u00e7\u00e3o.&#13;\n<\/p>\n<p style=\"text-align:justify\">Feij\u00e3o preto &#8211; No mercado do feij\u00e3o preto tipo 1, a oferta segue abastecida por estoques e colheitas j\u00e1 encerradas. A maioria das pra\u00e7as teve varia\u00e7\u00f5es discretas. No Noroeste do Paran\u00e1, houve queda expressiva de 6,35% (R$ 126,43\/sc).<\/p>\n<p style=\"text-align:justify\">Em Curitiba e na Metade Sul do estado, os pre\u00e7os subiram ligeiramente: 1% (R$ 132,41\/sc) e 0,95% (R$ 126,48\/sc), respectivamente. No Nordeste do Rio Grande do Sul, os pre\u00e7os permaneceram est\u00e1veis em R$ 141,43\/sc. J\u00e1 no Oeste Catarinense, houve leve recuo de 0,67%, com a saca a R$ 133.<\/p>\n<p style=\"text-align:justify\">Aten\u00e7\u00e3o &#8211; O assessor t\u00e9cnico da CNA, Tiago Pereira, orienta que o momento tamb\u00e9m exige aten\u00e7\u00e3o dos produtores.<\/p>\n<p style=\"text-align:justify\">\u201cCom o mercado priorizando lotes de melhor padr\u00e3o, muitos produtores come\u00e7am a avaliar o uso de c\u00e2maras frias como alternativa para preservar a qualidade e buscar melhores oportunidades de comercializa\u00e7\u00e3o mais \u00e0 frente.\u201d<\/p>\n<p style=\"text-align:justify\">Os pre\u00e7os m\u00e9dios regionais podem ser acompanhados pelo canal do Cepea no WhatsApp ou na p\u00e1gina oficial do Indicador.<\/p>\n<p style=\"text-align:justify\">Comunica\u00e7\u00e3o Sistema Faeg\/Senar\/Ifag, com informa\u00e7\u00f5es da CNA<\/p>\n<\/p><\/div>\n<p><script data-cfasync=\"false\">\n    !function (f, b, e, v, n, t, s) {\n        if (f.fbq) return; n = f.fbq = function () {\n            n.callMethod ?\n                n.callMethod.apply(n, arguments) : n.queue.push(arguments)\n        };\n        if (!f._fbq) f._fbq = n; n.push = n; n.loaded = !0; n.version = '2.0';\n        n.queue = []; t = b.createElement(e); t.async = !0;\n        t.src = v; s = b.getElementsByTagName(e)[0];\n        s.parentNode.insertBefore(t, s)\n    }(window, document, 'script',\n        'https:\/\/connect.facebook.net\/en_US\/fbevents.js');\n    fbq('init', '522546078623747');\n    fbq('track', 'PageView');\n<\/script><br \/>\n<br \/><br \/>\n<br \/>Fonte: <a href=\"https:\/\/www.agrolink.com.br\/noticias\/feijao-de-melhor-qualidade-puxa-alta-de-precos--mas-valores-seguem-abaixo-da-media-historica_504429.html\">AGROLINK<\/a><\/p>\n","protected":false},"excerpt":{"rendered":"<p>O mercado de feij\u00e3o registrou nova valoriza\u00e7\u00e3o para os gr\u00e3os carioca de melhor qualidade no per\u00edodo de 17 a 25 de julho, aponta o Indicador Cepea\/CNA.\u00a0Segundo a an\u00e1lise, a valoriza\u00e7\u00e3o se destaca em um cen\u00e1rio de colheita avan\u00e7ada nas principais regi\u00f5es produtoras e com compradores adquirindo a leguminosa de forma pontual. A prefer\u00eancia segue concentrada [&hellip;]<\/p>\n","protected":false},"author":5,"featured_media":33494,"comment_status":"open","ping_status":"open","sticky":false,"template":"","format":"standard","meta":{"_seopress_robots_primary_cat":"","_seopress_titles_title":"","_seopress_titles_desc":"","_seopress_robots_index":"","footnotes":""},"categories":[53],"tags":[],"class_list":["post-33493","post","type-post","status-publish","format-standard","has-post-thumbnail","hentry","category-agronegocio"],"_links":{"self":[{"href":"https:\/\/mussicom.com\/noticias\/wp-json\/wp\/v2\/posts\/33493","targetHints":{"allow":["GET"]}}],"collection":[{"href":"https:\/\/mussicom.com\/noticias\/wp-json\/wp\/v2\/posts"}],"about":[{"href":"https:\/\/mussicom.com\/noticias\/wp-json\/wp\/v2\/types\/post"}],"author":[{"embeddable":true,"href":"https:\/\/mussicom.com\/noticias\/wp-json\/wp\/v2\/users\/5"}],"replies":[{"embeddable":true,"href":"https:\/\/mussicom.com\/noticias\/wp-json\/wp\/v2\/comments?post=33493"}],"version-history":[{"count":0,"href":"https:\/\/mussicom.com\/noticias\/wp-json\/wp\/v2\/posts\/33493\/revisions"}],"wp:featuredmedia":[{"embeddable":true,"href":"https:\/\/mussicom.com\/noticias\/wp-json\/wp\/v2\/media\/33494"}],"wp:attachment":[{"href":"https:\/\/mussicom.com\/noticias\/wp-json\/wp\/v2\/media?parent=33493"}],"wp:term":[{"taxonomy":"category","embeddable":true,"href":"https:\/\/mussicom.com\/noticias\/wp-json\/wp\/v2\/categories?post=33493"},{"taxonomy":"post_tag","embeddable":true,"href":"https:\/\/mussicom.com\/noticias\/wp-json\/wp\/v2\/tags?post=33493"}],"curies":[{"name":"wp","href":"https:\/\/api.w.org\/{rel}","templated":true}]}}