{"id":33438,"date":"2025-07-29T23:51:04","date_gmt":"2025-07-30T02:51:04","guid":{"rendered":"https:\/\/mussicom.com\/adubacao-nitrogenada-teve-bom-aproveito\/"},"modified":"2025-07-29T23:51:04","modified_gmt":"2025-07-30T02:51:04","slug":"adubacao-nitrogenada-teve-bom-aproveito","status":"publish","type":"post","link":"https:\/\/mussicom.com\/noticias\/adubacao-nitrogenada-teve-bom-aproveito\/","title":{"rendered":"aduba\u00e7\u00e3o nitrogenada teve bom aproveito"},"content":{"rendered":"<p> <br \/>\n<\/p>\n<div>\n<div class=\"row\">\n<div class=\"col-lg col-infos mt-0 mt-lg-0\">\n<div class=\"section-sub-title\">\n<p itemprop=\"description\">&#13;<br \/>\n                                Controle de pragas e doen\u00e7as \u00e9 intensificado&#13;\n                            <\/p>\n<\/p><\/div>\n<div class=\"container\">\n<div class=\"row\">\n<div class=\"col-lg p-0\">\n<div>\n<div class=\"block-news-main-infos mt-3 text-start\">\n<p>                                            <strong class=\"fn\" itemprop=\"author\" style=\"color: rgb(112, 112, 112); \">&#13;<br \/>\n                                                Agrolink&#13;<br \/>\n&#13;<br \/>\n                                                    &#8211; Seane Lennon&#13;<br \/>\n&#13;<br \/>\n                                            <\/strong><br \/>\n                                        <\/p>\n<p>                                            <abbr><time datetime=\"2025-07-29T17:24\" itemprop=\"datePublished dateModified\">Publicado em 29\/07\/2025 \u00e0s 17:24h.<\/time><\/abbr><br \/>\n                                            <\/p><\/div>\n<\/p><\/div>\n<\/p><\/div>\n<div class=\"col-lg p-0 text-lg-end\">\n<div>\n<div id=\"mdEnviarPagina\" class=\"modal fade\" role=\"dialog\">\n<div class=\"modal-dialog\">\n<div class=\"modal-content\">\n<div class=\"modal-body\">\n<p><strong>Estimado usu\u00e1rio.<\/strong><br \/>Preencha o formul\u00e1rio abaixo para remeter a p\u00e1gina.<\/p>\n<\/p><\/div>\n<\/p><\/div>\n<\/p><\/div>\n<\/div><\/div>\n<\/p><\/div>\n<\/p><\/div>\n<\/p><\/div>\n<\/p><\/div>\n<\/p><\/div>\n<div class=\"row justify-content-md-center mt-3\">\n<div class=\"col-lg-auto col-image block-news-main-image\">\n<p>                                <br \/>\n                                                <span class=\"publicity-photo d-block mt-1\">Foto: Canva<\/span><\/p><\/div>\n<\/p><\/div>\n<div class=\"section-description section-description-noticias mt-3\">\n<p style=\"text-align:justify\">As condi\u00e7\u00f5es clim\u00e1ticas registradas no Rio Grande do Sul no per\u00edodo analisado favoreceram o desenvolvimento das lavouras de trigo. As precipita\u00e7\u00f5es ocorridas entre os dias 16 e 17 de julho estimularam a germina\u00e7\u00e3o, a uniformiza\u00e7\u00e3o da popula\u00e7\u00e3o de plantas e a retomada do crescimento vegetativo, que havia sido afetado pela baixa umidade do solo.&#13;\n<\/p>\n<p style=\"text-align:justify\">Diante da previs\u00e3o de chuvas, produtores realizaram a aduba\u00e7\u00e3o nitrogenada em cobertura entre os dias 15 e 16 de julho. A opera\u00e7\u00e3o foi considerada tecnicamente eficiente, com maior aproveitamento do nitrog\u00eanio e menor compacta\u00e7\u00e3o do solo, j\u00e1 que o tr\u00e1fego de m\u00e1quinas ocorreu em condi\u00e7\u00f5es de umidade reduzida.<\/p>\n<p style=\"text-align:justify\">A semeadura se encontra em fase final, restando apenas \u00e1reas em regi\u00f5es com clima mais frio, onde a janela de plantio estabelecida pelo Zoneamento Agr\u00edcola de Risco Clim\u00e1tico \u00e9 mais extensa, a fim de reduzir riscos associados a geadas tardias em fases sens\u00edveis da cultura. At\u00e9 o momento, 97% da \u00e1rea estimada j\u00e1 foi semeada, e a finaliza\u00e7\u00e3o dos trabalhos deve ocorrer dentro do per\u00edodo recomendado.&#13;\n<\/p>\n<p style=\"text-align:justify\">A reposi\u00e7\u00e3o de umidade no solo permitiu tamb\u00e9m o manejo de plantas invasoras com aplica\u00e7\u00e3o de herbicidas em p\u00f3s-emerg\u00eancia. No aspecto fitossanit\u00e1rio, os produtores intensificaram o monitoramento e realizaram aplica\u00e7\u00f5es preventivas de fungicidas, em raz\u00e3o do aumento da umidade, condi\u00e7\u00e3o favor\u00e1vel \u00e0 ocorr\u00eancia de doen\u00e7as f\u00fangicas. Temperaturas amenas anteriores \u00e0s chuvas favoreceram o aumento populacional de pulg\u00f5es, especialmente no Noroeste do Estado, exigindo controle com inseticidas.<\/p>\n<p style=\"text-align:justify\">A Emater\/RS-Ascar projeta uma \u00e1rea cultivada de 1.198.276 hectares com trigo no Estado. A estimativa inicial de produtividade \u00e9 de 2.997 quilos por hectare.<\/p>\n<\/p><\/div>\n<\/p><\/div>\n<p><script data-cfasync=\"false\">\n    !function (f, b, e, v, n, t, s) {\n        if (f.fbq) return; n = f.fbq = function () {\n            n.callMethod ?\n                n.callMethod.apply(n, arguments) : n.queue.push(arguments)\n        };\n        if (!f._fbq) f._fbq = n; n.push = n; n.loaded = !0; n.version = '2.0';\n        n.queue = []; t = b.createElement(e); t.async = !0;\n        t.src = v; s = b.getElementsByTagName(e)[0];\n        s.parentNode.insertBefore(t, s)\n    }(window, document, 'script',\n        'https:\/\/connect.facebook.net\/en_US\/fbevents.js');\n    fbq('init', '522546078623747');\n    fbq('track', 'PageView');\n<\/script><br \/>\n<br \/><br \/>\n<br \/>Fonte: <a href=\"https:\/\/www.agrolink.com.br\/noticias\/trigo--adubacao-nitrogenada-teve-bom-aproveito_504436.html\">AGROLINK<\/a><\/p>\n","protected":false},"excerpt":{"rendered":"<p>&#13; Controle de pragas e doen\u00e7as \u00e9 intensificado&#13; &#13; Agrolink&#13; &#13; &#8211; Seane Lennon&#13; &#13; Publicado em 29\/07\/2025 \u00e0s 17:24h. Estimado usu\u00e1rio.Preencha o formul\u00e1rio abaixo para remeter a p\u00e1gina. Foto: Canva As condi\u00e7\u00f5es clim\u00e1ticas registradas no Rio Grande do Sul no per\u00edodo analisado favoreceram o desenvolvimento das lavouras de trigo. As precipita\u00e7\u00f5es ocorridas entre os [&hellip;]<\/p>\n","protected":false},"author":5,"featured_media":30051,"comment_status":"open","ping_status":"open","sticky":false,"template":"","format":"standard","meta":{"_seopress_robots_primary_cat":"","_seopress_titles_title":"","_seopress_titles_desc":"","_seopress_robots_index":"","footnotes":""},"categories":[53],"tags":[],"class_list":["post-33438","post","type-post","status-publish","format-standard","has-post-thumbnail","hentry","category-agronegocio"],"_links":{"self":[{"href":"https:\/\/mussicom.com\/noticias\/wp-json\/wp\/v2\/posts\/33438","targetHints":{"allow":["GET"]}}],"collection":[{"href":"https:\/\/mussicom.com\/noticias\/wp-json\/wp\/v2\/posts"}],"about":[{"href":"https:\/\/mussicom.com\/noticias\/wp-json\/wp\/v2\/types\/post"}],"author":[{"embeddable":true,"href":"https:\/\/mussicom.com\/noticias\/wp-json\/wp\/v2\/users\/5"}],"replies":[{"embeddable":true,"href":"https:\/\/mussicom.com\/noticias\/wp-json\/wp\/v2\/comments?post=33438"}],"version-history":[{"count":0,"href":"https:\/\/mussicom.com\/noticias\/wp-json\/wp\/v2\/posts\/33438\/revisions"}],"wp:featuredmedia":[{"embeddable":true,"href":"https:\/\/mussicom.com\/noticias\/wp-json\/wp\/v2\/media\/30051"}],"wp:attachment":[{"href":"https:\/\/mussicom.com\/noticias\/wp-json\/wp\/v2\/media?parent=33438"}],"wp:term":[{"taxonomy":"category","embeddable":true,"href":"https:\/\/mussicom.com\/noticias\/wp-json\/wp\/v2\/categories?post=33438"},{"taxonomy":"post_tag","embeddable":true,"href":"https:\/\/mussicom.com\/noticias\/wp-json\/wp\/v2\/tags?post=33438"}],"curies":[{"name":"wp","href":"https:\/\/api.w.org\/{rel}","templated":true}]}}