{"id":33384,"date":"2025-07-29T20:31:55","date_gmt":"2025-07-29T23:31:55","guid":{"rendered":"https:\/\/mussicom.com\/brasil-aplicara-sancoes-a-israel-por-genocidio-em-gaza-diz-chanceler-na-onu\/"},"modified":"2025-07-29T20:31:55","modified_gmt":"2025-07-29T23:31:55","slug":"brasil-aplicara-sancoes-a-israel-por-genocidio-em-gaza-diz-chanceler-na-onu","status":"publish","type":"post","link":"https:\/\/mussicom.com\/noticias\/brasil-aplicara-sancoes-a-israel-por-genocidio-em-gaza-diz-chanceler-na-onu\/","title":{"rendered":"Brasil aplicar\u00e1 san\u00e7\u00f5es a Israel por \u201cgenoc\u00eddio\u201d em Gaza, diz chanceler na ONU"},"content":{"rendered":"<p> <br \/>\n<\/p>\n<div>\n<p class=\"postParagraph_post-paragraph__juWZN\">O governo brasileiro endureceu o discurso contra Israel e anunciou nesta segunda (28) uma s\u00e9rie de medidas de retalia\u00e7\u00e3o diplom\u00e1tica, comercial e militar em resposta ao que classifica como \u201cgenoc\u00eddio\u201d na Faixa de Gaza. O an\u00fancio foi feito pelo ministro Mauro Vieira, das Rela\u00e7\u00f5es Exteriores, durante discurso na sede da ONU, em Nova York (EUA).<\/p>\n<p class=\"postParagraph_post-paragraph__juWZN\">Entre as medidas, est\u00e3o o bloqueio de exporta\u00e7\u00f5es de equipamentos de defesa para Israel e a investiga\u00e7\u00e3o sobre importa\u00e7\u00f5es provenientes de assentamentos ilegais na Cisjord\u00e2nia (veja abaixo na \u00edntegra).<\/p>\n<p class=\"postParagraph_post-paragraph__juWZN\">\u201cEssas s\u00e3o as a\u00e7\u00f5es legais que os Estados podem tomar agora. A credibilidade da ordem internacional depende dessa aplica\u00e7\u00e3o n\u00e3o seletiva. O que precisamos agora \u00e9 vontade pol\u00edtica e um robusto processo de acompanhamento dessa confer\u00eancia\u201d, defendeu o ministro em um dos discursos na confer\u00eancia.<\/p>\n<div class=\"postViewMore_post-view-more-container___5wai\" data-mrf-recirculation=\"Post - Veja tamb\u00e9m\">\n<p class=\"gp-styles-module-size-small-afeYRa gp-styles-module-font-family2-afeYRa gp-styles-module-color-secondary-afeYRa gp-styles-module-weight-bold-afeYRa\">VEJA TAMB\u00c9M:<\/p>\n<ul class=\"postViewMore_post-view-more-list__CU_CE\">\n<li class=\"postViewMore_post-view-more-item__2MzRb\">\n<div class=\"postViewMore_post-view-more-image__5gUSe\"><picture class=\"imageDefault_image-container__XGd8_\"><\/picture><\/div>\n<p>Brasil anuncia entrada formal em a\u00e7\u00e3o contra Israel por genoc\u00eddio em Gaza; Conib rebate<\/li>\n<\/ul>\n<\/div>\n<p class=\"postParagraph_post-paragraph__juWZN\">A retalia\u00e7\u00e3o vem em um momento em que o governo j\u00e1 havia suspendido compras militares israelenses e retirado o embaixador em Tel Aviv, al\u00e9m de postergar a acredita\u00e7\u00e3o de um novo representante diplom\u00e1tico israelense em Bras\u00edlia.<\/p>\n<p class=\"postParagraph_post-paragraph__juWZN\">\u201cQuando confrontadas com alega\u00e7\u00f5es cred\u00edveis de genoc\u00eddio, invocar a Lei internacional n\u00e3o \u00e9 suficiente, temos que aplic\u00e1-la com determina\u00e7\u00e3o\u201d, seguiu o ministro no discurso.<\/p>\n<p class=\"postParagraph_post-paragraph__juWZN\">Ele ressaltou que, em 2024, a Corte Internacional de Justi\u00e7a j\u00e1 havia definido diretrizes para que os pa\u00edses cumpram suas obriga\u00e7\u00f5es em rela\u00e7\u00e3o \u00e0 ocupa\u00e7\u00e3o ilegal da Palestina. Agora, anunciou medidas com a alega\u00e7\u00e3o de que o Brasil &#8220;n\u00e3o tolerar\u00e1 a impunidade cont\u00ednua&#8221;:<\/p>\n<ul class=\"postList_post-list-container__W0E4y postList_visual-type-unordered-list__M8U7t\">\n<li class=\"postList_post-list-item__34Ck1\">Interven\u00e7\u00e3o do Brasil no caso levado \u00e0 Corte Internacional de Justi\u00e7a pela \u00c1frica do Sul com base na Conven\u00e7\u00e3o para a Preven\u00e7\u00e3o e Repress\u00e3o do Crime de Genoc\u00eddio;<\/li>\n<li class=\"postList_post-list-item__34Ck1\">Investiga\u00e7\u00e3o e maior controle sobre importa\u00e7\u00f5es provenientes de assentamentos ilegais e de outros territ\u00f3rios ocupados ilegalmente;<\/li>\n<li class=\"postList_post-list-item__34Ck1\">Continuidade da suspens\u00e3o das exporta\u00e7\u00f5es de material de defesa para Israel, em conformidade com o Tratado sobre o Com\u00e9rcio de Armas;<\/li>\n<li class=\"postList_post-list-item__34Ck1\">Apoio \u00e0 cria\u00e7\u00e3o de uma miss\u00e3o internacional de verifica\u00e7\u00e3o liderada pelas Na\u00e7\u00f5es Unidas para monitorar o cumprimento do direito internacional e a cria\u00e7\u00e3o de um mecanismo inspirado no Comit\u00ea Especial contra o Apartheid;<\/li>\n<li class=\"postList_post-list-item__34Ck1\">Apoio t\u00e9cnico \u00e0 Autoridade Palestina em \u00e1reas-chave de constru\u00e7\u00e3o do Estado, conforme suas necessidades;<\/li>\n<li class=\"postList_post-list-item__34Ck1\">Manuten\u00e7\u00e3o do apoio \u00e0s atividades da UNRWA (Ag\u00eancia das Na\u00e7\u00f5es Unidas de Assist\u00eancia aos Refugiados da Palestina no Pr\u00f3ximo Oriente), incluindo a assun\u00e7\u00e3o da presid\u00eancia de sua Comiss\u00e3o Consultiva;<\/li>\n<li class=\"postList_post-list-item__34Ck1\">Garantia de uma distin\u00e7\u00e3o de princ\u00edpios entre cr\u00edticas leg\u00edtimas a pol\u00edticas e pr\u00e1ticas estatais que afetam os palestinos e antissemitismo, seguindo recomenda\u00e7\u00f5es de Relatores Especiais das Na\u00e7\u00f5es Unidas.<\/li>\n<\/ul>\n<p class=\"postParagraph_post-paragraph__juWZN\">O Brasil apresentou quest\u00f5es que considera como uma a\u00e7\u00e3o internacional em apoio aos palestinos, como medidas que os demais pa\u00edses podem adotar para promover o cumprimento do Direito Internacional, repara\u00e7\u00f5es \u00e0 popula\u00e7\u00e3o de Gaza e a\u00e7\u00f5es preventivas podem evitar o colapso da proposta de dois Estados.<\/p>\n<p class=\"postParagraph_post-paragraph__juWZN\">\u201cO Ministro Mauro Vieira reiterou a condena\u00e7\u00e3o do Brasil \u00e0s graves viola\u00e7\u00f5es do direito internacional e do direito internacional humanit\u00e1rio cometidas em Gaza. Exortou os pa\u00edses que ainda n\u00e3o reconheceram o Estado da Palestina a que se juntem aos 147 Estados membros da ONU que j\u00e1 o fizeram, como o Brasil\u201d, completou o Itamaraty em nota.<\/p>\n<p class=\"postParagraph_post-paragraph__juWZN\">O ministro emendou e afirmou que \u201co sofrimento do povo palestino \u00e9 o teste moral mais urgente de nosso tempo. Ele desafia nosso compromisso com o direito internacional e a dignidade humana\u201d.<\/p>\n<p class=\"postParagraph_post-paragraph__juWZN\">\u201cO Brasil est\u00e1 pronto para continuar trabalhando com os Estados-Membros para tornar a Solu\u00e7\u00e3o de Dois Estados uma realidade \u2014 n\u00e3o apenas para Israel, mas tamb\u00e9m para a Palestina\u201d, completou.<\/p>\n<p class=\"postParagraph_post-paragraph-innerHtml__Q5vwc\">Na semana passada, o governo decidiu retirar o Brasil da Alian\u00e7a Internacional para a Mem\u00f3ria do Holocausto (IHRA), uma entidade criada em 1998 na Su\u00e9cia para preservar a mem\u00f3ria dos judeus e outras v\u00edtimas do Holocausto e combater o antissemitismo em \u00e2mbito global. A alega\u00e7\u00e3o \u00e9 de que ela teria sido \u201cinstrumentalizada por uma determinada pauta geopol\u00edtica\u201d.<\/p>\n<p class=\"postParagraph_post-paragraph-innerHtml__Q5vwc\">O ato provocou rea\u00e7\u00e3o da Organiza\u00e7\u00e3o dos Estados Americanos (OEA), que classificou a decis\u00e3o como um \u201cequ\u00edvoco em meio \u00e0 tens\u00e3o diplom\u00e1tica com Israel\u201d.<\/p>\n<p class=\"postParagraph_post-paragraph__juWZN\">\u201cO Brasil tem a segunda maior comunidade judaica da Am\u00e9rica Latina e estar integrado \u00e0 IHRA \u00e9 uma forma de mostrar comprometimento com a cultura de paz e com a promo\u00e7\u00e3o da educa\u00e7\u00e3o, por meio da pesquisa e lembran\u00e7a do Holocausto em todo o mundo, motivos que fundamentam a cria\u00e7\u00e3o da organiza\u00e7\u00e3o intergovernamental desde 1998\u201d, afirmou a entidade.<\/p>\n<p class=\"postParagraph_post-paragraph-innerHtml__Q5vwc\">A decis\u00e3o do governo de Lula veio um dia ap\u00f3s o Itamaraty anunciar a entrada formal do Brasil na a\u00e7\u00e3o movida pela \u00c1frica do Sul contra Israel na Corte Internacional de Justi\u00e7a da ONU, na qual, o pa\u00eds africano acusa autoridades israelenses de cometerem um \u201cgenoc\u00eddio\u201d contra o povo palestino.<\/p>\n<\/div>\n<p><br \/>\n<br \/>Fonte: <a href=\"https:\/\/www.gazetadopovo.com.br\/republica\/brasil-sancoes-israel-por-genocidio-gaza-chanceler-onu\/\">Revista Oeste<\/a><\/p>\n","protected":false},"excerpt":{"rendered":"<p>O governo brasileiro endureceu o discurso contra Israel e anunciou nesta segunda (28) uma s\u00e9rie de medidas de retalia\u00e7\u00e3o diplom\u00e1tica, comercial e militar em resposta ao que classifica como \u201cgenoc\u00eddio\u201d na Faixa de Gaza. O an\u00fancio foi feito pelo ministro Mauro Vieira, das Rela\u00e7\u00f5es Exteriores, durante discurso na sede da ONU, em Nova York (EUA). [&hellip;]<\/p>\n","protected":false},"author":5,"featured_media":33385,"comment_status":"open","ping_status":"open","sticky":false,"template":"","format":"standard","meta":{"_seopress_robots_primary_cat":"","_seopress_titles_title":"","_seopress_titles_desc":"","_seopress_robots_index":"","footnotes":""},"categories":[1],"tags":[],"class_list":["post-33384","post","type-post","status-publish","format-standard","has-post-thumbnail","hentry","category-ultimas-noticias"],"_links":{"self":[{"href":"https:\/\/mussicom.com\/noticias\/wp-json\/wp\/v2\/posts\/33384","targetHints":{"allow":["GET"]}}],"collection":[{"href":"https:\/\/mussicom.com\/noticias\/wp-json\/wp\/v2\/posts"}],"about":[{"href":"https:\/\/mussicom.com\/noticias\/wp-json\/wp\/v2\/types\/post"}],"author":[{"embeddable":true,"href":"https:\/\/mussicom.com\/noticias\/wp-json\/wp\/v2\/users\/5"}],"replies":[{"embeddable":true,"href":"https:\/\/mussicom.com\/noticias\/wp-json\/wp\/v2\/comments?post=33384"}],"version-history":[{"count":0,"href":"https:\/\/mussicom.com\/noticias\/wp-json\/wp\/v2\/posts\/33384\/revisions"}],"wp:featuredmedia":[{"embeddable":true,"href":"https:\/\/mussicom.com\/noticias\/wp-json\/wp\/v2\/media\/33385"}],"wp:attachment":[{"href":"https:\/\/mussicom.com\/noticias\/wp-json\/wp\/v2\/media?parent=33384"}],"wp:term":[{"taxonomy":"category","embeddable":true,"href":"https:\/\/mussicom.com\/noticias\/wp-json\/wp\/v2\/categories?post=33384"},{"taxonomy":"post_tag","embeddable":true,"href":"https:\/\/mussicom.com\/noticias\/wp-json\/wp\/v2\/tags?post=33384"}],"curies":[{"name":"wp","href":"https:\/\/api.w.org\/{rel}","templated":true}]}}