{"id":33380,"date":"2025-07-29T20:19:55","date_gmt":"2025-07-29T23:19:55","guid":{"rendered":"https:\/\/mussicom.com\/dolar-cai-para-r-556-com-possivel-recuo-em-tarifaco-nos-eua\/"},"modified":"2025-07-29T20:19:55","modified_gmt":"2025-07-29T23:19:55","slug":"dolar-cai-para-r-556-com-possivel-recuo-em-tarifaco-nos-eua","status":"publish","type":"post","link":"https:\/\/mussicom.com\/noticias\/dolar-cai-para-r-556-com-possivel-recuo-em-tarifaco-nos-eua\/","title":{"rendered":"D\u00f3lar cai para R$ 5,56 com poss\u00edvel recuo em tarifa\u00e7o nos EUA"},"content":{"rendered":"<p> <br \/>\n<\/p>\n<div>\n<p>Em dia de ajustes no mercado internacional e de um poss\u00edvel recuo no tarifa\u00e7o sobre alimentos n\u00e3o cultivados nos Estados Unidos, o d\u00f3lar caiu, mas continua acima de R$ 5,55. A bolsa de valores interrompeu uma sequ\u00eancia de tr\u00eas quedas e subiu.<img decoding=\"async\" src=\"https:\/\/agenciabrasil.ebc.com.br\/ebc.gif?id=1652485&amp;o=node\" style=\"width:1px; height:1px; display:inline;\"\/><\/p>\n<p><strong>O d\u00f3lar comercial encerrou esta ter\u00e7a-feira (29) vendido a R$ 5,569, com recuo de R$ 0,021 (-0,38%). <\/strong>A cota\u00e7\u00e3o operou pr\u00f3xima da estabilidade nas primeiras horas de negocia\u00e7\u00e3o, mas passou a recuar com for\u00e7a no in\u00edcio da tarde. Na m\u00ednima do dia, por volta das 13h, encostou em R$ 5,55.<\/p>\n<p><strong>A divisa acumula alta de 2,48% em julho. Em 2025, recua 9,88%. <\/strong>Ainda sob reflexo do acordo comercial com os Estados Unidos, o euro comercial caiu 0,73% e fechou a R$ 6,43.<\/p>\n<p>No mercado de a\u00e7\u00f5es, o dia foi marcado pela recupera\u00e7\u00e3o. <strong>O \u00edndice Ibovespa, da B3, fechou aos 132.726 pontos, com alta de 0,45%. Apesar da alta desta ter\u00e7a, o indicador recua 4,41% em julho.<\/strong><\/p>\n<p>Na v\u00e9spera das reuni\u00f5es do Federal Reserve (Fed, Banco Central norte-americano) e do Comit\u00ea de Pol\u00edtica Monet\u00e1ria (Copom) no Brasil, o mercado financeiro teve um dia de ajustes. Investidores aproveitaram as altas recentes do d\u00f3lar para vender moeda e aproveitaram a queda no pre\u00e7o das a\u00e7\u00f5es para comprar.<\/p>\n<p>O principal motivo, no entanto, que diminuiu as tens\u00f5es no mercado financeiro foi uma declara\u00e7\u00e3o do secret\u00e1rio de Com\u00e9rcio dos Estados Unidos, Howard Lutnick, de que produtos n\u00e3o cultivados no territ\u00f3rio estadunidense, como caf\u00e9 e cacau, podem ficar fora do tarifa\u00e7o. O Brasil \u00e9 um dos maiores exportadores de caf\u00e9 para os Estados Unidos.<\/p>\n<p><em>*com informa\u00e7\u00f5es da Reuters<\/em><\/p>\n<p>      <!-- Relacionada --><\/p>\n<p>            <!-- Relacionada -->\n    <\/div>\n<p><br \/>\n<br \/>Fonte: <a href=\"https:\/\/agenciabrasil.ebc.com.br\/economia\/noticia\/2025-07\/dolar-cai-para-r-556-com-possivel-recuo-em-tarifaco-nos-eua\">Gazeta do Povo<\/a><\/p>\n","protected":false},"excerpt":{"rendered":"<p>Em dia de ajustes no mercado internacional e de um poss\u00edvel recuo no tarifa\u00e7o sobre alimentos n\u00e3o cultivados nos Estados Unidos, o d\u00f3lar caiu, mas continua acima de R$ 5,55. A bolsa de valores interrompeu uma sequ\u00eancia de tr\u00eas quedas e subiu. O d\u00f3lar comercial encerrou esta ter\u00e7a-feira (29) vendido a R$ 5,569, com recuo [&hellip;]<\/p>\n","protected":false},"author":5,"featured_media":33381,"comment_status":"open","ping_status":"open","sticky":false,"template":"","format":"standard","meta":{"_seopress_robots_primary_cat":"","_seopress_titles_title":"","_seopress_titles_desc":"","_seopress_robots_index":"","footnotes":""},"categories":[45],"tags":[],"class_list":["post-33380","post","type-post","status-publish","format-standard","has-post-thumbnail","hentry","category-economia"],"_links":{"self":[{"href":"https:\/\/mussicom.com\/noticias\/wp-json\/wp\/v2\/posts\/33380","targetHints":{"allow":["GET"]}}],"collection":[{"href":"https:\/\/mussicom.com\/noticias\/wp-json\/wp\/v2\/posts"}],"about":[{"href":"https:\/\/mussicom.com\/noticias\/wp-json\/wp\/v2\/types\/post"}],"author":[{"embeddable":true,"href":"https:\/\/mussicom.com\/noticias\/wp-json\/wp\/v2\/users\/5"}],"replies":[{"embeddable":true,"href":"https:\/\/mussicom.com\/noticias\/wp-json\/wp\/v2\/comments?post=33380"}],"version-history":[{"count":0,"href":"https:\/\/mussicom.com\/noticias\/wp-json\/wp\/v2\/posts\/33380\/revisions"}],"wp:featuredmedia":[{"embeddable":true,"href":"https:\/\/mussicom.com\/noticias\/wp-json\/wp\/v2\/media\/33381"}],"wp:attachment":[{"href":"https:\/\/mussicom.com\/noticias\/wp-json\/wp\/v2\/media?parent=33380"}],"wp:term":[{"taxonomy":"category","embeddable":true,"href":"https:\/\/mussicom.com\/noticias\/wp-json\/wp\/v2\/categories?post=33380"},{"taxonomy":"post_tag","embeddable":true,"href":"https:\/\/mussicom.com\/noticias\/wp-json\/wp\/v2\/tags?post=33380"}],"curies":[{"name":"wp","href":"https:\/\/api.w.org\/{rel}","templated":true}]}}