{"id":33378,"date":"2025-07-29T20:16:55","date_gmt":"2025-07-29T23:16:55","guid":{"rendered":"https:\/\/mussicom.com\/o-que-se-sabe-sobre-o-tiroteio-que-deixou-5-mortos-em-nova-york\/"},"modified":"2025-07-29T20:16:55","modified_gmt":"2025-07-29T23:16:55","slug":"o-que-se-sabe-sobre-o-tiroteio-que-deixou-5-mortos-em-nova-york","status":"publish","type":"post","link":"https:\/\/mussicom.com\/noticias\/o-que-se-sabe-sobre-o-tiroteio-que-deixou-5-mortos-em-nova-york\/","title":{"rendered":"O que se sabe sobre o tiroteio que deixou 5 mortos em Nova York"},"content":{"rendered":"<p> <br \/>\n<\/p>\n<div>\n<p class=\"postParagraph_post-paragraph__juWZN\">O prefeito de Nova York, Eric Adams, afirmou nesta ter\u00e7a-feira (29) que o autor do tiroteio fatal ocorrido no centro de Manhattan tinha como alvo os escrit\u00f3rios da NFL, a principal liga de futebol americano dos Estados Unidos.<\/p>\n<p class=\"postParagraph_post-paragraph__juWZN\">Adams deu detalhes sobre o crime, no qual quatro pessoas morreram, incluindo um agente do Departamento de Pol\u00edcia de Nova York, e informou que os investigadores encontraram uma nota em que o atirador falava sobre encefalopatia traum\u00e1tica cr\u00f4nica (ETC). Trata-se de uma les\u00e3o cerebral causada por traumas repetidos na cabe\u00e7a, diagnosticada em atletas de alto n\u00edvel.<\/p>\n<p class=\"postParagraph_post-paragraph__juWZN\">O homem em quest\u00e3o, de 27 anos, havia sido jogador de futebol americano no ensino m\u00e9dio, mas nunca alcan\u00e7ou sequer categorias universit\u00e1rias, muito menos a NFL.<\/p>\n<p class=\"postParagraph_post-paragraph__juWZN\">O prefeito acrescentou que o atirador morreu \u201cpor um aparente ferimento de bala autoinfligido&#8221;.<\/p>\n<p class=\"postParagraph_post-paragraph-innerHtml__Q5vwc\">&#8220;Ele tinha uma nota consigo. A nota aludia ao fato de que sentia que tinha ETC, uma les\u00e3o cerebral conhecida em quem participa de esportes de contato. Aparentemente, culpou a NFL por sua les\u00e3o&#8221;, disse o prefeito \u00e0 rede <em>CBS<\/em>.<\/p>\n<h2 class=\"postParagraph_post-paragraph__juWZN postParagraph_type-tag-h2__TtFkT\">Atirador teria errado entrada da sede da NFL, aponta investiga\u00e7\u00e3o<\/h2>\n<p class=\"postParagraph_post-paragraph__juWZN\">De acordo com a investiga\u00e7\u00e3o preliminar divulgada pelo prefeito de Nova York, o homem, chamado Shane Tamura, se dirigia \u00e0 sede da NFL, mas se enganou de elevador e acabou sendo levado at\u00e9 o andar da empresa imobili\u00e1ria Rudin Management, &#8220;onde cometeu mais tiroteios e tirou a vida de mais funcion\u00e1rios&#8221;.<\/p>\n<p class=\"postParagraph_post-paragraph__juWZN\">Al\u00e9m dos mortos, um funcion\u00e1rio da NFL ficou gravemente ferido no tiroteio e est\u00e1 hospitalizado em condi\u00e7\u00e3o est\u00e1vel, segundo uma mensagem que o comiss\u00e1rio da liga, Roger Goodell, enviou aos funcion\u00e1rios.<\/p>\n<p class=\"postParagraph_post-paragraph__juWZN\">A NFL pediu aos trabalhadores que permane\u00e7am em casa nesta ter\u00e7a-feira, e enquanto o local segue sendo analisado como cena de crime, a organiza\u00e7\u00e3o refor\u00e7ou a seguran\u00e7a do pr\u00e9dio e contratou terapeutas para lidar com o luto.<\/p>\n<p class=\"postParagraph_post-paragraph__juWZN\">Os investigadores afirmaram que Tamura viajou de carro de Las Vegas at\u00e9 Nova York, onde estacionou seu BMW preto em fila dupla em frente ao pr\u00e9dio de 44 andares na Park Avenue, entre as ruas 51 e 52.<\/p>\n<p class=\"postParagraph_post-paragraph__juWZN\">O incidente come\u00e7ou por volta das 18h20 (hor\u00e1rio local, 19h20 de Bras\u00edlia) quando o agressor saiu do ve\u00edculo com uma arma longa sob o bra\u00e7o, entrou no lobby do pr\u00e9dio e disparou contra o policial de 36 anos e com tr\u00eas anos de experi\u00eancia na corpora\u00e7\u00e3o, que morreu no local.<\/p>\n<p class=\"postParagraph_post-paragraph__juWZN\">Posteriormente, atirou em uma mulher e em um seguran\u00e7a, ap\u00f3s o que subiu de elevador at\u00e9 o 33\u00ba andar e come\u00e7ou a atirar \u00e0 medida que avan\u00e7ava.<\/p>\n<p class=\"postParagraph_post-paragraph__juWZN\">&#8220;Em seguida, (o agressor) avan\u00e7ou por um corredor e atirou no pr\u00f3prio peito&#8221;, explicou a comiss\u00e1ria de Pol\u00edcia de Nova York, Jessica S. Tisch.<\/p>\n<p class=\"postParagraph_post-paragraph__juWZN\">O tiroteio ocorreu em um arranha-c\u00e9u que tamb\u00e9m abriga a sede de empresas como o gigante de investimentos Blackstone e a empresa de consultoria cont\u00e1bil e financeira KPMG, entre outras.<\/p>\n<p class=\"postParagraph_post-paragraph__juWZN\">Este foi o 254\u00ba tiroteio em massa registrado nos Estados Unidos em 2025, segundo dados do Gun Violence Archive, que contabiliza este tipo de incidente. A organiza\u00e7\u00e3o considera como tiroteio em massa aqueles em que o n\u00famero de mortos \u00e9 acima de pessoas, sem incluir o atirador.<\/p>\n<h2 class=\"postParagraph_post-paragraph__juWZN postParagraph_type-tag-h2__TtFkT\">Trump chama atirador de &#8220;lun\u00e1tico&#8221; e lamenta perdas <\/h2>\n<p class=\"postParagraph_post-paragraph__juWZN\">O presidente dos EUA, Donald Trump, lamentou o tiroteio fatal ocorrido em Nova York na segunda-feira, classificando-o como um epis\u00f3dio tr\u00e1gico.<\/p>\n<p class=\"postParagraph_post-paragraph__juWZN\">Na Truth Social, o l\u00edder da Casa Branca chamou o autor do crime de &#8220;lun\u00e1tico&#8221; e disse que aguarda mais informa\u00e7\u00f5es do caso.<\/p>\n<p class=\"postParagraph_post-paragraph__juWZN\">\u201cFui informado sobre o tr\u00e1gico tiroteio ocorrido em Manhattan, um lugar que conhe\u00e7o e amo. Confio em nossas ag\u00eancias de seguran\u00e7a para descobrir o motivo desse lun\u00e1tico enlouquecido ter cometido um ato de viol\u00eancia t\u00e3o insensato. Meu cora\u00e7\u00e3o est\u00e1 com as fam\u00edlias das quatro pessoas mortas, incluindo o policial de Nova York, que fez o sacrif\u00edcio supremo. Deus aben\u00e7oe o Departamento de Pol\u00edcia de Nova York e Deus aben\u00e7oe Nova York!\u201d, escreveu Trump.<\/p>\n<\/div>\n<p><br \/>\n<br \/>Fonte: <a href=\"https:\/\/www.gazetadopovo.com.br\/mundo\/o-que-se-sabe-sobre-tiroteio-que-deixou-cinco-mortos-em-nova-york\/\">Revista Oeste<\/a><\/p>\n","protected":false},"excerpt":{"rendered":"<p>O prefeito de Nova York, Eric Adams, afirmou nesta ter\u00e7a-feira (29) que o autor do tiroteio fatal ocorrido no centro de Manhattan tinha como alvo os escrit\u00f3rios da NFL, a principal liga de futebol americano dos Estados Unidos. Adams deu detalhes sobre o crime, no qual quatro pessoas morreram, incluindo um agente do Departamento de [&hellip;]<\/p>\n","protected":false},"author":5,"featured_media":33379,"comment_status":"open","ping_status":"open","sticky":false,"template":"","format":"standard","meta":{"_seopress_robots_primary_cat":"","_seopress_titles_title":"","_seopress_titles_desc":"","_seopress_robots_index":"","footnotes":""},"categories":[48],"tags":[],"class_list":["post-33378","post","type-post","status-publish","format-standard","has-post-thumbnail","hentry","category-internacional"],"_links":{"self":[{"href":"https:\/\/mussicom.com\/noticias\/wp-json\/wp\/v2\/posts\/33378","targetHints":{"allow":["GET"]}}],"collection":[{"href":"https:\/\/mussicom.com\/noticias\/wp-json\/wp\/v2\/posts"}],"about":[{"href":"https:\/\/mussicom.com\/noticias\/wp-json\/wp\/v2\/types\/post"}],"author":[{"embeddable":true,"href":"https:\/\/mussicom.com\/noticias\/wp-json\/wp\/v2\/users\/5"}],"replies":[{"embeddable":true,"href":"https:\/\/mussicom.com\/noticias\/wp-json\/wp\/v2\/comments?post=33378"}],"version-history":[{"count":0,"href":"https:\/\/mussicom.com\/noticias\/wp-json\/wp\/v2\/posts\/33378\/revisions"}],"wp:featuredmedia":[{"embeddable":true,"href":"https:\/\/mussicom.com\/noticias\/wp-json\/wp\/v2\/media\/33379"}],"wp:attachment":[{"href":"https:\/\/mussicom.com\/noticias\/wp-json\/wp\/v2\/media?parent=33378"}],"wp:term":[{"taxonomy":"category","embeddable":true,"href":"https:\/\/mussicom.com\/noticias\/wp-json\/wp\/v2\/categories?post=33378"},{"taxonomy":"post_tag","embeddable":true,"href":"https:\/\/mussicom.com\/noticias\/wp-json\/wp\/v2\/tags?post=33378"}],"curies":[{"name":"wp","href":"https:\/\/api.w.org\/{rel}","templated":true}]}}