{"id":33339,"date":"2025-07-29T17:29:05","date_gmt":"2025-07-29T20:29:05","guid":{"rendered":"https:\/\/mussicom.com\/moraes-reforca-que-bolsonaro-pode-dar-entrevistas-apos-pedido-de-youtuber\/"},"modified":"2025-07-29T17:29:05","modified_gmt":"2025-07-29T20:29:05","slug":"moraes-reforca-que-bolsonaro-pode-dar-entrevistas-apos-pedido-de-youtuber","status":"publish","type":"post","link":"https:\/\/mussicom.com\/noticias\/moraes-reforca-que-bolsonaro-pode-dar-entrevistas-apos-pedido-de-youtuber\/","title":{"rendered":"Moraes refor\u00e7a que Bolsonaro pode dar entrevistas ap\u00f3s pedido de youtuber"},"content":{"rendered":"<p> <br \/>\n<\/p>\n<div>\n<p class=\"postParagraph_post-paragraph-innerHtml__Q5vwc\">O ministro Alexandre de Moraes, do Supremo Tribunal Federal (STF), refor\u00e7ou nesta ter\u00e7a-feira (29) que o ex-presidente Jair Bolsonaro (PL) n\u00e3o est\u00e1 proibido de conceder entrevistas. Moraes julgou \u201cprejudicado\u201d, ou seja, nem chegou a analisar o pedido de autoriza\u00e7\u00e3o apresentado pelo youtuber e advogado Marcelo Suave para realizar a entrevista, pois j\u00e1 estabeleceu que &#8220;n\u00e3o h\u00e1 qualquer veda\u00e7\u00e3o&#8221;.<\/p>\n<p class=\"postParagraph_post-paragraph__juWZN\">\u201cNos termos do art. 21 do RiSTF, julgo prejudicado o pedido pois, dentre as medidas cautelares impostas ao r\u00e9u Jair Messias Bolsonaro, n\u00e3o h\u00e1 qualquer veda\u00e7\u00e3o \u00e0 concess\u00e3o de entrevistas\u201d, escreveu o ministro.<\/p>\n<p class=\"postParagraph_post-paragraph__juWZN\">Mais cedo, o advogado Luiz Felipe Cunha, que representa o youtuber, disse que o pedido tinha o objetivo de \u201cgarantir o pleno exerc\u00edcio da liberdade de express\u00e3o e do direito \u00e0 informa\u00e7\u00e3o, sem preju\u00edzo das restri\u00e7\u00f5es impostas pelas autoridades judiciais\u201d.<\/p>\n<div class=\"postViewMore_post-view-more-container___5wai\" data-mrf-recirculation=\"Post - Veja tamb\u00e9m\">\n<p class=\"gp-styles-module-size-small-afeYRa gp-styles-module-font-family2-afeYRa gp-styles-module-color-secondary-afeYRa gp-styles-module-weight-bold-afeYRa\">VEJA TAMB\u00c9M:<\/p>\n<ul class=\"postViewMore_post-view-more-list__CU_CE\">\n<li class=\"postViewMore_post-view-more-item__2MzRb\"><span class=\"postViewMore_post-view-more-link-icon___stPC\"><svg xmlns=\"http:\/\/www.w3.org\/2000\/svg\" width=\"16\" height=\"16\" viewbox=\"0 0 16 16\"><rect width=\"16\" height=\"16\" fill=\"none\"\/><g transform=\"translate(3 3)\"><path d=\"M22.5,15l3.4,3.4-3.4,3.4\" transform=\"translate(-15.896 -11.793)\" fill=\"none\" stroke=\"#717171\" stroke-linecap=\"round\" stroke-width=\"1.4\"\/><path d=\"M6,6v4.2a2.452,2.452,0,0,0,2.5,2.4H16\" transform=\"translate(-6 -6)\" fill=\"none\" stroke=\"#717171\" stroke-linecap=\"round\" stroke-width=\"1.4\"\/><\/g><\/svg><\/span><span class=\"postViewMore_post-view-more-link-text__hO_kM\">Gleisi chama Eduardo Bolsonaro de \u201ctra\u00edra\u201d e diz que san\u00e7\u00f5es dos EUA \u201cn\u00e3o se justificam\u201d<\/span><\/li>\n<\/ul>\n<\/div>\n<p class=\"postParagraph_post-paragraph-innerHtml__Q5vwc\">Moraes imp\u00f4s uma s\u00e9rie de medidas cautelares ao ex-presidente, que \u00e9 r\u00e9u na a\u00e7\u00e3o penal sobre a suposta tentativa de golpe de Estado em 2022. O ministro atendeu a uma solicita\u00e7\u00e3o da Pol\u00edcia Federal, com aval da Procuradoria-Geral da Rep\u00fablica (PGR), que apontou que Bolsonaro e seu filho, o deputado licenciado Eduardo Bolsonaro (PL-SP), estariam tentando atrapalhar o andamento do processo sobre a trama golpista.<\/p>\n<p class=\"postParagraph_post-paragraph__juWZN\">As restri\u00e7\u00f5es s\u00e3o: uso de tornozeleira eletr\u00f4nica; recolhimento domiciliar no per\u00edodo noturno e aos fins de semana; proibi\u00e7\u00e3o de acesso a embaixadas e consulados e de manter contato com embaixadores e autoridades estrangeiras; e proibi\u00e7\u00e3o de utiliza\u00e7\u00e3o de redes sociais, direta ou indiretamente, inclusive por interm\u00e9dio de terceiros.<\/p>\n<p class=\"postParagraph_post-paragraph-innerHtml__Q5vwc\">Na semana passada, Moraes esclareceu que n\u00e3o proibiu entrevistas de Bolsonaro ap\u00f3s o ex-presidente falar com a imprensa durante uma visita \u00e0 C\u00e2mara dos Deputados.<\/p>\n<p class=\"postParagraph_post-paragraph__juWZN\">No entanto, o magistrado destacou que \u201cn\u00e3o ser\u00e1 admitida a utiliza\u00e7\u00e3o de subterf\u00fagios para a manuten\u00e7\u00e3o da pr\u00e1tica de atividades criminosas, com a instrumentaliza\u00e7\u00e3o de entrevistas ou discursos p\u00fablicos como &#8216;material pr\u00e9-fabricado&#8217; para posterior postagens nas redes sociais de terceiros previamente coordenados\u201d. Dessa forma, a depender do que for dito, Bolsonaro pode ser punido.<\/p>\n<\/div>\n<p><br \/>\n<br \/>Fonte: <a href=\"https:\/\/www.gazetadopovo.com.br\/republica\/moraes-reforca-que-bolsonaro-pode-dar-entrevistas-apos-pedido-de-youtuber\/\">Revista Oeste<\/a><\/p>\n","protected":false},"excerpt":{"rendered":"<p>O ministro Alexandre de Moraes, do Supremo Tribunal Federal (STF), refor\u00e7ou nesta ter\u00e7a-feira (29) que o ex-presidente Jair Bolsonaro (PL) n\u00e3o est\u00e1 proibido de conceder entrevistas. Moraes julgou \u201cprejudicado\u201d, ou seja, nem chegou a analisar o pedido de autoriza\u00e7\u00e3o apresentado pelo youtuber e advogado Marcelo Suave para realizar a entrevista, pois j\u00e1 estabeleceu que &#8220;n\u00e3o [&hellip;]<\/p>\n","protected":false},"author":5,"featured_media":33340,"comment_status":"open","ping_status":"open","sticky":false,"template":"","format":"standard","meta":{"_seopress_robots_primary_cat":"","_seopress_titles_title":"","_seopress_titles_desc":"","_seopress_robots_index":"","footnotes":""},"categories":[1],"tags":[],"class_list":["post-33339","post","type-post","status-publish","format-standard","has-post-thumbnail","hentry","category-ultimas-noticias"],"_links":{"self":[{"href":"https:\/\/mussicom.com\/noticias\/wp-json\/wp\/v2\/posts\/33339","targetHints":{"allow":["GET"]}}],"collection":[{"href":"https:\/\/mussicom.com\/noticias\/wp-json\/wp\/v2\/posts"}],"about":[{"href":"https:\/\/mussicom.com\/noticias\/wp-json\/wp\/v2\/types\/post"}],"author":[{"embeddable":true,"href":"https:\/\/mussicom.com\/noticias\/wp-json\/wp\/v2\/users\/5"}],"replies":[{"embeddable":true,"href":"https:\/\/mussicom.com\/noticias\/wp-json\/wp\/v2\/comments?post=33339"}],"version-history":[{"count":0,"href":"https:\/\/mussicom.com\/noticias\/wp-json\/wp\/v2\/posts\/33339\/revisions"}],"wp:featuredmedia":[{"embeddable":true,"href":"https:\/\/mussicom.com\/noticias\/wp-json\/wp\/v2\/media\/33340"}],"wp:attachment":[{"href":"https:\/\/mussicom.com\/noticias\/wp-json\/wp\/v2\/media?parent=33339"}],"wp:term":[{"taxonomy":"category","embeddable":true,"href":"https:\/\/mussicom.com\/noticias\/wp-json\/wp\/v2\/categories?post=33339"},{"taxonomy":"post_tag","embeddable":true,"href":"https:\/\/mussicom.com\/noticias\/wp-json\/wp\/v2\/tags?post=33339"}],"curies":[{"name":"wp","href":"https:\/\/api.w.org\/{rel}","templated":true}]}}