{"id":33250,"date":"2025-07-29T11:24:07","date_gmt":"2025-07-29T14:24:07","guid":{"rendered":"https:\/\/mussicom.com\/seduc-de-praia-grande-sp-realiza-inscricoes-para-vagas-remanescentes-da-eja\/"},"modified":"2025-07-29T11:24:07","modified_gmt":"2025-07-29T14:24:07","slug":"seduc-de-praia-grande-sp-realiza-inscricoes-para-vagas-remanescentes-da-eja","status":"publish","type":"post","link":"https:\/\/mussicom.com\/noticias\/seduc-de-praia-grande-sp-realiza-inscricoes-para-vagas-remanescentes-da-eja\/","title":{"rendered":"Seduc de Praia Grande\/SP realiza inscri\u00e7\u00f5es para vagas remanescentes da EJA"},"content":{"rendered":"<p> <br \/>\n<\/p>\n<div id=\"texto\">\n<p>A Secretaria de Educa\u00e7\u00e3o (Seduc) realiza novo per\u00edodo de inscri\u00e7\u00f5es para preenchimento de vagas remanescentes para turmas de Educa\u00e7\u00e3o de\u00a0Jovens e Adultos (EJA). De 4 a 8 de agosto, os interessados em recuperar o tempo perdido e voltar a estudar podem se candidatar ao efetuar o cadastro. Para isso, basta procurar uma das quatro unidades que oferecem o atendimento para este segmento.<\/p>\n<p>Para efetuar a inscri\u00e7\u00e3o, os interessados devem estar munidos de certid\u00e3o de nascimento, carteira de identidade, comprovante de \u00a0endere\u00e7o, certificado de reservista (para alunos de 18 a 45 anos) e c\u00f3pia autenticada do hist\u00f3rico escolar e tamb\u00e9m 2 fotos 3&#215;4. A Seduc divulgar\u00e1 a resposta com o nome dos contemplados em 19 de agosto.\u00a0Segue abaixo quais unidades de ensino e endere\u00e7o das escolas municipais que atendem turmas de Educa\u00e7\u00e3o de Jovens e Adultos:<\/p>\n<p>&#13;<br \/>\nEM S\u00e3o Francisco de Assis \u2013 Rua Corn\u00e9lio Proc\u00f3pio, 300, Bairro Boqueir\u00e3o<\/p>\n<p>EM Dr. Roberto Shoji \u2013 Rua Ildefonso Galeano, 100, Bairro Tupiry<\/p>\n<p>EM Jos\u00e9 Padin Mouta \u2013 Rua Boror\u00f3s, 150, Bairro Tupi<\/p>\n<p>EM Albert Einstein \u2013 Esquina da Avenida Lasar Segall com a Rua Dom \u00a0Pedro I, Bairro Samambaia.<\/p>\n<p><strong>Para mais informa\u00e7\u00f5es os interessados podem entrar em contato com a \u00a0Central de Vagas pelo telefone 3496-1431.<\/strong><\/p>\n<\/p><\/div>\n<p><script async defer crossorigin=\"anonymous\" src=\"https:\/\/connect.facebook.net\/pt_BR\/sdk.js#xfbml=1&#038;version=v12.0&#038;appId=&#038;autoLogAppEvents=1\" nonce=\"ou0fI1lo\"><\/script><br \/>\n<br \/><br \/>\n<br \/>Fonte: <a href=\"https:\/\/www.bs9.com.br\/litoral\/seduc-de-praia-grandesp-realiza-inscricoes-para-vagas-remanescentes\/33571\/\">BS9<\/a><\/p>\n","protected":false},"excerpt":{"rendered":"<p>A Secretaria de Educa\u00e7\u00e3o (Seduc) realiza novo per\u00edodo de inscri\u00e7\u00f5es para preenchimento de vagas remanescentes para turmas de Educa\u00e7\u00e3o de\u00a0Jovens e Adultos (EJA). De 4 a 8 de agosto, os interessados em recuperar o tempo perdido e voltar a estudar podem se candidatar ao efetuar o cadastro. Para isso, basta procurar uma das quatro unidades [&hellip;]<\/p>\n","protected":false},"author":5,"featured_media":33251,"comment_status":"open","ping_status":"open","sticky":false,"template":"","format":"standard","meta":{"_seopress_robots_primary_cat":"","_seopress_titles_title":"","_seopress_titles_desc":"","_seopress_robots_index":"","footnotes":""},"categories":[52],"tags":[],"class_list":["post-33250","post","type-post","status-publish","format-standard","has-post-thumbnail","hentry","category-santoseregiao"],"_links":{"self":[{"href":"https:\/\/mussicom.com\/noticias\/wp-json\/wp\/v2\/posts\/33250","targetHints":{"allow":["GET"]}}],"collection":[{"href":"https:\/\/mussicom.com\/noticias\/wp-json\/wp\/v2\/posts"}],"about":[{"href":"https:\/\/mussicom.com\/noticias\/wp-json\/wp\/v2\/types\/post"}],"author":[{"embeddable":true,"href":"https:\/\/mussicom.com\/noticias\/wp-json\/wp\/v2\/users\/5"}],"replies":[{"embeddable":true,"href":"https:\/\/mussicom.com\/noticias\/wp-json\/wp\/v2\/comments?post=33250"}],"version-history":[{"count":0,"href":"https:\/\/mussicom.com\/noticias\/wp-json\/wp\/v2\/posts\/33250\/revisions"}],"wp:featuredmedia":[{"embeddable":true,"href":"https:\/\/mussicom.com\/noticias\/wp-json\/wp\/v2\/media\/33251"}],"wp:attachment":[{"href":"https:\/\/mussicom.com\/noticias\/wp-json\/wp\/v2\/media?parent=33250"}],"wp:term":[{"taxonomy":"category","embeddable":true,"href":"https:\/\/mussicom.com\/noticias\/wp-json\/wp\/v2\/categories?post=33250"},{"taxonomy":"post_tag","embeddable":true,"href":"https:\/\/mussicom.com\/noticias\/wp-json\/wp\/v2\/tags?post=33250"}],"curies":[{"name":"wp","href":"https:\/\/api.w.org\/{rel}","templated":true}]}}