{"id":33220,"date":"2025-07-29T10:08:11","date_gmt":"2025-07-29T13:08:11","guid":{"rendered":"https:\/\/mussicom.com\/rubio-culpa-juizes-radicais-por-condenacao-de-uribe-na-colombia\/"},"modified":"2025-07-29T10:08:11","modified_gmt":"2025-07-29T13:08:11","slug":"rubio-culpa-juizes-radicais-por-condenacao-de-uribe-na-colombia","status":"publish","type":"post","link":"https:\/\/mussicom.com\/noticias\/rubio-culpa-juizes-radicais-por-condenacao-de-uribe-na-colombia\/","title":{"rendered":"Rubio culpa &#8220;ju\u00edzes radicais&#8221; por condena\u00e7\u00e3o de Uribe na Col\u00f4mbia"},"content":{"rendered":"<p> <br \/>\n<\/p>\n<div>\n<p class=\"postParagraph_post-paragraph__juWZN\">O secret\u00e1rio de Estado americano, Marco Rubio, criticou a condena\u00e7\u00e3o do ex-presidente colombiano \u00c1lvaro Uribe nesta segunda-feira (28), dizendo que o julgamento foi instrumentalizado por ju\u00edzes radicais do Judici\u00e1rio colombiano.<\/p>\n<p class=\"postParagraph_post-paragraph__juWZN\">&#8220;A instrumentaliza\u00e7\u00e3o do poder judicial por parte de ju\u00edzes radicais estabeleceu agora um precedente preocupante&#8221;, disse o chefe da diplomacia americana no X, argumentando que &#8220;o \u00fanico crime do ex-presidente colombiano Uribe foi ter lutado incansavelmente para defender sua p\u00e1tria&#8221;.<\/p>\n<p class=\"postParagraph_post-paragraph__juWZN\">Uribe, de 73 anos e l\u00edder do partido opositor Centro Democr\u00e1tico, tornou-se o primeiro ex-presidente colombiano condenado criminalmente, ap\u00f3s ser considerado respons\u00e1vel, em primeira inst\u00e2ncia, pelos crimes de suborno em atua\u00e7\u00e3o penal e fraude processual. Ele pode enfrentar uma pena de quatro a oito anos de pris\u00e3o.<\/p>\n<p class=\"postParagraph_post-paragraph__juWZN\">O processo contra o ex-mandat\u00e1rio teve in\u00edcio em 2012, quando Uribe processou o senador de esquerda Iv\u00e1n Cepeda na Suprema Corte por suposta manipula\u00e7\u00e3o de testemunhas. Naquela \u00e9poca, Cepeda preparava uma den\u00fancia no Senado contra Uribe por supostos v\u00ednculos com o paramilitarismo.<\/p>\n<p class=\"postParagraph_post-paragraph__juWZN\">Na ocasi\u00e3o, o magistrado Jos\u00e9 Luis Barcel\u00f3 n\u00e3o abriu investiga\u00e7\u00e3o contra o congressista, mas iniciou um processo contra o antigo mandat\u00e1rio por suposta manipula\u00e7\u00e3o de testemunhas para que n\u00e3o depusessem contra ele.<\/p>\n<h2 class=\"postParagraph_post-paragraph__juWZN postParagraph_type-tag-h2__TtFkT\">&#8220;Homem mais poderoso do pa\u00eds&#8221;, diz ju\u00edza na leitura da decis\u00e3o<\/h2>\n<p class=\"postParagraph_post-paragraph__juWZN\">Na leitura da decis\u00e3o, que se estendeu por mais de dez horas, a ju\u00edza do Circuito Penal de Bogot\u00e1, Sandra Heredia, validou quase todas as provas apresentadas pela acusa\u00e7\u00e3o, entre elas as intercepta\u00e7\u00f5es do celular de Uribe e as grava\u00e7\u00f5es com um rel\u00f3gio espi\u00e3o, que a defesa pedia para serem descartadas por suposta ilegalidade.<\/p>\n<p class=\"postParagraph_post-paragraph__juWZN\">Nas conversas interceptadas do telefone celular de Uribe, o ex-mandat\u00e1rio fala com o advogado Diego Cadena, que tamb\u00e9m est\u00e1 sendo julgado por supostamente tentar subornar em pris\u00f5es o ex-paramilitar Juan Guillermo Monsalve e outras supostas testemunhas para favorecer o ex-presidente contra o senador Cepeda, segundo a acusa\u00e7\u00e3o.<\/p>\n<p class=\"postParagraph_post-paragraph__juWZN\">A ju\u00edza definiu Uribe como &#8220;o homem mais poderoso do pa\u00eds&#8221;, enquanto sobre Cadena disse que &#8220;era um advogado em ascens\u00e3o, com grandes aspira\u00e7\u00f5es profissionais&#8221; e com &#8220;car\u00eancias intelectuais&#8221; que viu na aproxima\u00e7\u00e3o com o ex-presidente &#8220;a expectativa de ter a oportunidade de escalar a uma posi\u00e7\u00e3o de poder e prest\u00edgio profissional&#8221;.<\/p>\n<p class=\"postParagraph_post-paragraph__juWZN\">Com rela\u00e7\u00e3o \u00e0 leitura da senten\u00e7a contra Uribe, marcada para a pr\u00f3xima sexta-feira (1\u00ba), a ju\u00edza disse que a lei prev\u00ea para os crimes pelos quais foi condenado &#8220;um valor superior a quatro anos e inferior a oito&#8221;.<\/p>\n<h2 class=\"postParagraph_post-paragraph__juWZN postParagraph_type-tag-h2__TtFkT\">Petro acusa Rubio de violar soberania da Col\u00f4mbia com cr\u00edticas<\/h2>\n<p class=\"postParagraph_post-paragraph__juWZN\">O presidente da Col\u00f4mbia, Gustavo Petro, acusou o secret\u00e1rio de Estado dos Estados Unidos, Marco Rubio, de violar a soberania do pa\u00eds, ap\u00f3s ter afirmado que a condena\u00e7\u00e3o do ex-presidente \u00c1lvaro Uribe se deve a uma &#8220;instrumentaliza\u00e7\u00e3o do poder judicial colombiano&#8221;.<\/p>\n<p class=\"postParagraph_post-paragraph__juWZN\">&#8220;Uma intromiss\u00e3o em assuntos judiciais de outro pa\u00eds \u00e9 uma intromiss\u00e3o na soberania nacional&#8221;, escreveu Petro na rede social X ainda na noite de segunda-feira, quando ressaltou que &#8220;o mundo deve respeitar os ju\u00edzes da Col\u00f4mbia&#8221; porque &#8220;muitos foram assassinados por ajudar o mundo&#8221;.<\/p>\n<\/div>\n<p><br \/>\n<br \/>Fonte: <a href=\"https:\/\/www.gazetadopovo.com.br\/mundo\/rubio-culpa-instrumentalizacao-do-judiciario-por-condenacao-de-uribe-na-colombia\/\">Revista Oeste<\/a><\/p>\n","protected":false},"excerpt":{"rendered":"<p>O secret\u00e1rio de Estado americano, Marco Rubio, criticou a condena\u00e7\u00e3o do ex-presidente colombiano \u00c1lvaro Uribe nesta segunda-feira (28), dizendo que o julgamento foi instrumentalizado por ju\u00edzes radicais do Judici\u00e1rio colombiano. &#8220;A instrumentaliza\u00e7\u00e3o do poder judicial por parte de ju\u00edzes radicais estabeleceu agora um precedente preocupante&#8221;, disse o chefe da diplomacia americana no X, argumentando que [&hellip;]<\/p>\n","protected":false},"author":5,"featured_media":25171,"comment_status":"open","ping_status":"open","sticky":false,"template":"","format":"standard","meta":{"_seopress_robots_primary_cat":"","_seopress_titles_title":"","_seopress_titles_desc":"","_seopress_robots_index":"","footnotes":""},"categories":[48],"tags":[],"class_list":["post-33220","post","type-post","status-publish","format-standard","has-post-thumbnail","hentry","category-internacional"],"_links":{"self":[{"href":"https:\/\/mussicom.com\/noticias\/wp-json\/wp\/v2\/posts\/33220","targetHints":{"allow":["GET"]}}],"collection":[{"href":"https:\/\/mussicom.com\/noticias\/wp-json\/wp\/v2\/posts"}],"about":[{"href":"https:\/\/mussicom.com\/noticias\/wp-json\/wp\/v2\/types\/post"}],"author":[{"embeddable":true,"href":"https:\/\/mussicom.com\/noticias\/wp-json\/wp\/v2\/users\/5"}],"replies":[{"embeddable":true,"href":"https:\/\/mussicom.com\/noticias\/wp-json\/wp\/v2\/comments?post=33220"}],"version-history":[{"count":0,"href":"https:\/\/mussicom.com\/noticias\/wp-json\/wp\/v2\/posts\/33220\/revisions"}],"wp:featuredmedia":[{"embeddable":true,"href":"https:\/\/mussicom.com\/noticias\/wp-json\/wp\/v2\/media\/25171"}],"wp:attachment":[{"href":"https:\/\/mussicom.com\/noticias\/wp-json\/wp\/v2\/media?parent=33220"}],"wp:term":[{"taxonomy":"category","embeddable":true,"href":"https:\/\/mussicom.com\/noticias\/wp-json\/wp\/v2\/categories?post=33220"},{"taxonomy":"post_tag","embeddable":true,"href":"https:\/\/mussicom.com\/noticias\/wp-json\/wp\/v2\/tags?post=33220"}],"curies":[{"name":"wp","href":"https:\/\/api.w.org\/{rel}","templated":true}]}}