{"id":33208,"date":"2025-07-29T09:21:06","date_gmt":"2025-07-29T12:21:06","guid":{"rendered":"https:\/\/mussicom.com\/pf-mira-suspeita-de-desvio-de-emendas-parlamentares-em-3-estados-e-no-df\/"},"modified":"2025-07-29T09:21:06","modified_gmt":"2025-07-29T12:21:06","slug":"pf-mira-suspeita-de-desvio-de-emendas-parlamentares-em-3-estados-e-no-df","status":"publish","type":"post","link":"https:\/\/mussicom.com\/noticias\/pf-mira-suspeita-de-desvio-de-emendas-parlamentares-em-3-estados-e-no-df\/","title":{"rendered":"PF mira suspeita de desvio de emendas parlamentares em 3 estados e no DF"},"content":{"rendered":"<p> <br \/>\n<\/p>\n<div>\n<p class=\"postParagraph_post-paragraph__juWZN\">Dezesseis mandados de busca e apreens\u00e3o s\u00e3o cumpridos nesta ter\u00e7a (29), pela Pol\u00edcia Federal, contra um grupo suspeito de desviar emendas parlamentares atrav\u00e9s de contratos com o Minist\u00e9rio do Esporte. De acordo com as primeiras informa\u00e7\u00f5es, h\u00e1 ind\u00edcios de irregularidades na execu\u00e7\u00e3o de cerca de R$ 15 milh\u00f5es em recursos p\u00fablicos.<\/p>\n<p class=\"postParagraph_post-paragraph__juWZN\">Os 16 mandados de busca e apreens\u00e3o foram autorizados pelo Supremo Tribunal Federal (STF) e s\u00e3o cumpridos nos estados do Acre, Paran\u00e1 e Goi\u00e1s e no Distrito Federal. Os nomes dos alvos n\u00e3o foram divulgados.<\/p>\n<p class=\"postParagraph_post-paragraph__juWZN\">As investiga\u00e7\u00f5es apontam que uma associa\u00e7\u00e3o do Distrito Federal teria firmado um contrato com o Minist\u00e9rio do Esporte para financiar, com o uso de emendas parlamentares, a realiza\u00e7\u00e3o de jogos estudantis de esportes digitais entre os anos de 2023 e 2024.<\/p>\n<p class=\"postParagraph_post-paragraph-innerHtml__Q5vwc\">A <strong>Gazeta do Povo<\/strong> procurou o Minist\u00e9rio do Esporte e aguarda retorno.<\/p>\n<div class=\"postViewMore_post-view-more-container___5wai\" data-mrf-recirculation=\"Post - Veja tamb\u00e9m\">\n<p class=\"gp-styles-module-size-small-afeYRa gp-styles-module-font-family2-afeYRa gp-styles-module-color-secondary-afeYRa gp-styles-module-weight-bold-afeYRa\">VEJA TAMB\u00c9M:<\/p>\n<ul class=\"postViewMore_post-view-more-list__CU_CE\">\n<li class=\"postViewMore_post-view-more-item__2MzRb\">\n<div class=\"postViewMore_post-view-more-image__5gUSe\"><picture class=\"imageDefault_image-container__XGd8_\"><\/picture><\/div>\n<p>TV ligada a sindicatos recebeu R$ 5,5 milh\u00f5es em emendas de petistas<\/li>\n<\/ul>\n<\/div>\n<p class=\"postParagraph_post-paragraph__juWZN\">Al\u00e9m dos mandados, tamb\u00e9m foram determinadas medidas de sequestro de bens avaliados em R$ 25 milh\u00f5es, como ve\u00edculos e im\u00f3veis e o bloqueio de contas banc\u00e1rias de empresas investigadas.<\/p>\n<p class=\"postParagraph_post-paragraph__juWZN\">Outras medidas foram determinadas pelo STF, como a suspens\u00e3o de novos repasses de recursos federais \u00e0 associa\u00e7\u00e3o investigada e a proibi\u00e7\u00e3o de que a entidade transfira valores \u00e0s empresas subcontratadas no \u00e2mbito dos termos de fomento analisados.<\/p>\n<p class=\"postParagraph_post-paragraph__juWZN\">O nome da entidade alvo da opera\u00e7\u00e3o n\u00e3o foi divulgado pela Pol\u00edcia Federal.<\/p>\n<p class=\"postParagraph_post-paragraph__juWZN\">A opera\u00e7\u00e3o \u00e9 realizada no \u00e2mbito da a\u00e7\u00e3o no STF pedida pelo PSOL para investigar o desvio de recursos de emendas, e que levou a uma crise entre o ministro Fl\u00e1vio Dino, relator, e o Legislativo no ano passado.<\/p>\n<p class=\"postParagraph_post-paragraph__juWZN\">&#8220;O dano potencial ao projeto pode impactar a qualidade da capacita\u00e7\u00e3o profissional e digital fornecida nesses eventos a alunos da rede p\u00fablica de ensino, al\u00e9m de dificultar o atendimento a p\u00fablico-alvo ainda maior, caso os or\u00e7amentos desses conv\u00eanios n\u00e3o tenham sido desviados&#8221;, disse a Controladoria-Geral da Uni\u00e3o (CGU) em nota.<\/p>\n<h2 class=\"postParagraph_post-paragraph__juWZN postParagraph_type-tag-h2__TtFkT\">PP comanda minist\u00e9rio<\/h2>\n<p class=\"postParagraph_post-paragraph-innerHtml__Q5vwc\">O Minist\u00e9rio do Esporte \u00e9 comandado pelo deputado federal licenciado Andr\u00e9 Fufuca (PP-MA), nomeado ao cargo pelo presidente Luiz In\u00e1cio Lula da Silva (PT) em setembro de 2023 como parte da abertura do governo para legendas da oposi\u00e7\u00e3o. Embora ocupe uma pasta na Esplanada, o PP \u00e9 majoritariamente oposicionista.<\/p>\n<p class=\"postParagraph_post-paragraph__juWZN\">Fufuca assumiu o minist\u00e9rio no lugar de Ana Moser, que teria ficado magoada com o PT ap\u00f3s ter sido removida do cargo para que o governo pudesse abrigar o \u201ccentr\u00e3o\u201d para tentar ampliar a coaliz\u00e3o.<\/p>\n<h2 class=\"postParagraph_post-paragraph__juWZN postParagraph_type-tag-h2__TtFkT\">Desvios de emendas<\/h2>\n<p class=\"postParagraph_post-paragraph__juWZN\">As opera\u00e7\u00f5es da Pol\u00edcia Federal contra a suspeita de desvio de emendas parlamentares t\u00eam se tornado frequentes, todas com liga\u00e7\u00e3o com o andamento de a\u00e7\u00f5es no STF para investigar o direcionamento de recursos sem transpar\u00eancia.<\/p>\n<p class=\"postParagraph_post-paragraph-innerHtml__Q5vwc\">No \u00faltimo dia 17, a quinta fase da Opera\u00e7\u00e3o Overclean cumpriu mandados em cidades da Bahia e de Pernambuco por suspeita de desvio de emendas mediante o pagamento de propina, manipula\u00e7\u00e3o de licita\u00e7\u00f5es e obstru\u00e7\u00e3o da investiga\u00e7\u00e3o. Um servidor p\u00fablico foi afastado da fun\u00e7\u00e3o e R$ 85,7 milh\u00f5es em bens de pessoas f\u00edsicas e jur\u00eddicas foram bloqueados.<\/p>\n<p class=\"postParagraph_post-paragraph-innerHtml__Q5vwc\">Tamb\u00e9m neste m\u00eas, o deputado federal J\u00fanior Mano (PSB-CE) foi alvo de uma opera\u00e7\u00e3o que investigava o desvio de emendas para bancar a campanha eleitoral de candidatos aliados a ele em prefeituras do interior do Cear\u00e1. Na ocasi\u00e3o, foram cumpridos mandados de busca e apreens\u00e3o e o bloqueio de R$ 54,6 milh\u00f5es em bens.<\/p>\n<p class=\"postParagraph_post-paragraph-innerHtml__Q5vwc\">J\u00e1 no final do m\u00eas passado, pol\u00edticos do PT, do PSB e do PDT tamb\u00e9m na Bahia foram alvos de outra opera\u00e7\u00e3o que incluiu um assessor parlamentar do deputado federal F\u00e9lix Mendon\u00e7a J\u00fanior (PDT-BA). O pr\u00f3prio parlamentar foi alvo de um mandato de quebra de sigilo telef\u00f4nico, segundo fontes.<\/p>\n<\/div>\n<p><br \/>\n<br \/>Fonte: <a href=\"https:\/\/www.gazetadopovo.com.br\/republica\/pf-suspeita-desvio-emendas-parlamentares-3-estados-df\/\">Revista Oeste<\/a><\/p>\n","protected":false},"excerpt":{"rendered":"<p>Dezesseis mandados de busca e apreens\u00e3o s\u00e3o cumpridos nesta ter\u00e7a (29), pela Pol\u00edcia Federal, contra um grupo suspeito de desviar emendas parlamentares atrav\u00e9s de contratos com o Minist\u00e9rio do Esporte. De acordo com as primeiras informa\u00e7\u00f5es, h\u00e1 ind\u00edcios de irregularidades na execu\u00e7\u00e3o de cerca de R$ 15 milh\u00f5es em recursos p\u00fablicos. Os 16 mandados de [&hellip;]<\/p>\n","protected":false},"author":5,"featured_media":33209,"comment_status":"open","ping_status":"open","sticky":false,"template":"","format":"standard","meta":{"_seopress_robots_primary_cat":"","_seopress_titles_title":"","_seopress_titles_desc":"","_seopress_robots_index":"","footnotes":""},"categories":[1],"tags":[],"class_list":["post-33208","post","type-post","status-publish","format-standard","has-post-thumbnail","hentry","category-ultimas-noticias"],"_links":{"self":[{"href":"https:\/\/mussicom.com\/noticias\/wp-json\/wp\/v2\/posts\/33208","targetHints":{"allow":["GET"]}}],"collection":[{"href":"https:\/\/mussicom.com\/noticias\/wp-json\/wp\/v2\/posts"}],"about":[{"href":"https:\/\/mussicom.com\/noticias\/wp-json\/wp\/v2\/types\/post"}],"author":[{"embeddable":true,"href":"https:\/\/mussicom.com\/noticias\/wp-json\/wp\/v2\/users\/5"}],"replies":[{"embeddable":true,"href":"https:\/\/mussicom.com\/noticias\/wp-json\/wp\/v2\/comments?post=33208"}],"version-history":[{"count":0,"href":"https:\/\/mussicom.com\/noticias\/wp-json\/wp\/v2\/posts\/33208\/revisions"}],"wp:featuredmedia":[{"embeddable":true,"href":"https:\/\/mussicom.com\/noticias\/wp-json\/wp\/v2\/media\/33209"}],"wp:attachment":[{"href":"https:\/\/mussicom.com\/noticias\/wp-json\/wp\/v2\/media?parent=33208"}],"wp:term":[{"taxonomy":"category","embeddable":true,"href":"https:\/\/mussicom.com\/noticias\/wp-json\/wp\/v2\/categories?post=33208"},{"taxonomy":"post_tag","embeddable":true,"href":"https:\/\/mussicom.com\/noticias\/wp-json\/wp\/v2\/tags?post=33208"}],"curies":[{"name":"wp","href":"https:\/\/api.w.org\/{rel}","templated":true}]}}