{"id":33184,"date":"2025-07-29T07:20:17","date_gmt":"2025-07-29T10:20:17","guid":{"rendered":"https:\/\/mussicom.com\/enem-autores-e-livros-mais-citados-e-como-se-preparar-para-a-prova\/"},"modified":"2025-07-29T07:20:17","modified_gmt":"2025-07-29T10:20:17","slug":"enem-autores-e-livros-mais-citados-e-como-se-preparar-para-a-prova","status":"publish","type":"post","link":"https:\/\/mussicom.com\/noticias\/enem-autores-e-livros-mais-citados-e-como-se-preparar-para-a-prova\/","title":{"rendered":"Enem: autores e livros mais citados e como se preparar para a prova"},"content":{"rendered":"<p> <br \/>\n<\/p>\n<div id=\"texto\">\n<p>Ao contr\u00e1rio de vestibulares como a Fuvest e da Unicamp, o Exame Nacional do Ensino M\u00e9dio (Enem) n\u00e3o exige uma lista fixa de livros espec\u00edficos, mas as obras cl\u00e1ssicas brasileiras t\u00eam um papel essencial na prova. Segundo educadores, o segredo para o candidato se dar bem na parte de literatura \u00e9 aprofundar-se nos t\u00edtulos consagrados que dialogam com temas sociais, culturais e hist\u00f3ricos relevantes para o Brasil.<\/p>\n<p>No Enem, os textos liter\u00e1rios aparecem em perguntas que exigem an\u00e1lise de trechos, compara\u00e7\u00e3o entre autores, reconhecimento de cr\u00edtica social e interpreta\u00e7\u00e3o simb\u00f3lica. Al\u00e9m disso, muitos desses livros fornecem repert\u00f3rio para o aluno argumentar na reda\u00e7\u00e3o com profundidade e originalidade.<br \/>&#13;<br \/>\n\u00a0<\/p>\n<p>Na opini\u00e3o do professor de L\u00edngua Portuguesa da Escola Internacional de Alphaville, de Barueri, Thiago Silverio Barbosa, entender literatura \u00e9 tamb\u00e9m entender o pa\u00eds \u2014 e isso se reflete em v\u00e1rios tipos de quest\u00f5es, especialmente na prova de Linguagens e na reda\u00e7\u00e3o. &#8220;O Enem cobra muito al\u00e9m de nomes e datas. A literatura aparece na prova de maneira interdisciplinar e exige que o estudante reconhe\u00e7a escolas liter\u00e1rias, estilos de linguagem, temas e valores sociais presentes nas obras&#8221;, afirma.<\/p>\n<p>No Enem, as quest\u00f5es relacionadas \u00e0 literatura t\u00eam por objetivo avaliar, sobretudo, a compet\u00eancia 5 da BNCC: analisar, interpretar e aplicar recursos expressivos das linguagens, relacionando textos com seus contextos, mediante a natureza, fun\u00e7\u00e3o, organiza\u00e7\u00e3o, estrutura das manifesta\u00e7\u00f5es, de acordo com as condi\u00e7\u00f5es de produ\u00e7\u00e3o e recep\u00e7\u00e3o. Desta forma, como explica a professora de literatura da Escola Bil\u00edngue Aubrick, Jana\u00edna Arruda, as quest\u00f5es trazem \u00e0 tona textos em que se verifica a possibilidade de relacionar l\u00edngua e literatura, arte e literatura, literatura e humanidades, abordando cr\u00edtica social, desigualdades e identidade nacional.<br \/>&#13;<br \/>\n\u00a0<\/p>\n<p>&#8220;Consequentemente, o ENEM n\u00e3o se mostra t\u00e3o inclinado, como outros vestibulares, a avaliar a literatura strictu sensu e, por isso, n\u00e3o encontramos apenas textos liter\u00e1rios tradicionais e autores do c\u00e2none, mas textos cr\u00edticos, letras de can\u00e7\u00f5es, poemas contempor\u00e2neos, quadrinhos, ou qualquer manifesta\u00e7\u00e3o em que se verifique frui\u00e7\u00e3o est\u00e9tica&#8221;, afirma Jana\u00edna.<br \/>&#13;<br \/>\n\u00a0<\/p>\n<p>Segundo a coordenadora pedag\u00f3gica do Brazilian International School &#8211; BIS, de S\u00e3o Paulo, Ana Claudia Gomes, d\u00e1 tempo de estudar as principais obras que caem no Enem, desde que o estudante adote uma estrat\u00e9gia focada e inteligente. &#8220;Seria ideal ler todos os livros, mas se n\u00e3o for poss\u00edvel, o indicado \u00e9 compreender o contexto hist\u00f3rico, os personagens centrais, os conflitos e os temas principais&#8221;, afirma. Ainda segundo a docente, adotar recursos como v\u00eddeos, resumos cr\u00edticos, podcasts e filmes pode otimizar a prepara\u00e7\u00e3o. Ler trechos representativos e fazer anota\u00e7\u00f5es tamb\u00e9m ajuda na fixa\u00e7\u00e3o dos conte\u00fados.<br \/>&#13;<br \/>\n\u00a0<\/p>\n<p>O diretor do col\u00e9gio Progresso Bil\u00edngue de Itu, Osmar Savioli Jr, aponta que a literatura exige habilidades que s\u00e3o avaliadas em toda a prova: interpreta\u00e7\u00e3o de texto, an\u00e1lise cr\u00edtica, empatia, vis\u00e3o de mundo e capacidade de argumentar com profundidade. &#8220;Al\u00e9m disso, ler e conhecer tais obras ajuda o aluno a escrever melhor, interpretar textos com mais aten\u00e7\u00e3o e entender contextos hist\u00f3ricos e sociais, compet\u00eancias valiosas tanto na reda\u00e7\u00e3o quanto nas outras disciplinas da prova&#8221;, diz.<br \/>&#13;<br \/>\n\u00a0<\/p>\n<p><strong>Dicas para estudar literatura com foco no Enem<\/strong><br \/>&#13;<br \/>\n\u00a0<\/p>\n<p>Contextualize historicamente: saiba em que \u00e9poca e sob quais influ\u00eancias a obra foi escrita;<br \/>&#13;<br \/>\n\u00a0<\/p>\n<p>Relacione com temas atuais: muitas quest\u00f5es pedem paralelos entre os dilemas antigos e os desafios contempor\u00e2neos;<br \/>&#13;<br \/>\n\u00a0<\/p>\n<p>Use outras m\u00eddias: v\u00eddeos explicativos, podcasts e filmes podem facilitar a compreens\u00e3o de obras complexas;<br \/>&#13;<br \/>\n\u00a0<\/p>\n<p>Foque nos elementos principais: personagens, conflitos centrais e cr\u00edtica social s\u00e3o os pontos mais cobrados;<br \/>&#13;<br \/>\n\u00a0<\/p>\n<p>Pratique leitura ativa: anote, destaque, fa\u00e7a mapas mentais e resumos para revisar depois.<br \/>&#13;<br \/>\n\u00a0<\/p>\n<p>Livros e autores e que mais caem no Enem<br \/>&#13;<br \/>\n\u00a0<\/p>\n<p>Os educadores elencaram t\u00edtulos que j\u00e1 foram citados em edi\u00e7\u00f5es anteriores da prova e podem cair na edi\u00e7\u00e3o deste ano. Muitos dos livros j\u00e1 est\u00e3o em dom\u00ednio p\u00fablico ou foram adaptados em forma de filmes e s\u00e9ries, o que ajuda a ter acesso e entender melhor as obras.<br \/>&#13;<br \/>\n\u00a0<\/p>\n<p><strong>1. A Hora da Estrela \u2013 Clarice Lispector<\/strong><\/p>\n<p>\u00c9 um romance sobre o desamparo, lan\u00e7ado em 1977. A protagonista, a nordestina Macab\u00e9a, \u00e9 uma mulher miser\u00e1vel, que mal tem consci\u00eancia de existir. Depois de perder seu \u00fanico elo com o mundo, uma velha tia, ela viaja para o Rio, onde aluga um quarto, se emprega como datil\u00f3grafa e gasta suas horas ouvindo a R\u00e1dio Rel\u00f3gio. Apaixona-se, ent\u00e3o, por Ol\u00edmpico de Jesus, um metal\u00fargico nordestino, que logo a trai com uma colega de trabalho. Desesperada, Macab\u00e9a consulta uma cartomante, que lhe prev\u00ea um futuro luminoso, bem diferente do que a espera. O livro trata de um tema tradicional da literatura brasileira: o contato do imigrante nordestino com a cidade grande.<br \/>&#13;<br \/>\n\u00a0<\/p>\n<p><strong>2. Capit\u00e3es da Areia \u2013 Jorge Amado<\/strong><\/p>\n<p>\u00c9 uma obra sobre a inf\u00e2ncia abandonada. Conta a hist\u00f3ria crua e comovente de meninos pobres e infratores que moram num trapiche abandonado em Salvador, vivendo \u00e0 margem das conven\u00e7\u00f5es sociais. O livro torna o leitor \u00edntimo dos personagens, cada um com suas car\u00eancias e suas ambi\u00e7\u00f5es: do l\u00edder Pedro Bala ao religioso Pirulito, do ressentido e cruel Sem-Pernas ao aprendiz de cafet\u00e3o Gato, do sensato Professor ao r\u00fastico sertanejo Volta Seca. Com a for\u00e7a envolvente da sua prosa, o ator nos aproxima desses garotos e nos contagia com seu intenso desejo de liberdade. Desde o lan\u00e7amento, em 1937, Capit\u00e3es da Areia causou esc\u00e2ndalo: in\u00fameros exemplares do livro foram queimados em pra\u00e7a p\u00fablica, por determina\u00e7\u00e3o do Estado Novo \u2013 mas ao longo de quase nove d\u00e9cadas a narrativa n\u00e3o perdeu vi\u00e7o nem atualidade.<br \/>&#13;<br \/>\n\u00a0<\/p>\n<p><strong>3. Claro Enigma \u2013 Carlos Drummond de Andrade<\/strong><\/p>\n<p>Publicado em 1951, o livro representa um momento especial na obra de Drummond. Com uma dic\u00e7\u00e3o mais cl\u00e1ssica, o poeta revisita formas que haviam sido abandonadas pelo Modernismo (como o soneto, modalidade que fora motivo de chacota entre as novas gera\u00e7\u00f5es liter\u00e1rias), afirma seu amor pela poesia de Dante e Cam\u00f5es e busca uma forma mais dif\u00edcil, mas sem jamais abandonar o lirismo e a agudeza de sua melhor poesia. O autor parece querer buscar, por meio da retomada de formas cl\u00e1ssicas, um equil\u00edbrio entre o passado e o presente. O amor, a morte e a mem\u00f3ria s\u00e3o alguns dos temas elaborados por um homem que sempre quis fazer parte do seu pr\u00f3prio tempo. A obra \u00e9 marcada pelo fim da Segunda Guerra Mundial e o in\u00edcio da Guerra Fria, em que o mundo estava marcado por incertezas sobre a nova &#8220;paz armada&#8221;.<br \/>&#13;<br \/>\n\u00a0<\/p>\n<p><strong>4. Dom Casmurro \u2013 Machado de Assis<\/strong><\/p>\n<p>Publicado originalmente em 1899, o livro conta a hist\u00f3ria de Bentinho e Capitu, desde o namoro infantil at\u00e9 o casamento atormentado pelo ci\u00fame e pela d\u00favida: Capitu traiu o marido com o melhor amigo dele, Escobar? Os fatos s\u00e3o narrados por Bentinho, que relembra, j\u00e1 velho, epis\u00f3dios de sua vida. \u00c9 possivelmente o romance mais estudado, comentado e discutido da nossa literatura: ainda hoje, mais de um s\u00e9culo depois do surgimento do livro, leitores e cr\u00edticos se debru\u00e7am sobre suas p\u00e1ginas na tentativa de encontrar pistas que lancem luz sobre o insol\u00favel &#8220;enigma de Capitu&#8221;. O livro \u00e9 ambientado no Rio de Janeiro do Segundo Reinado (1840-1889) e in\u00edcio da Rep\u00fablica (1899), refletindo um per\u00edodo de muitas transforma\u00e7\u00f5es sociais e pol\u00edticas no Brasil.<br \/>&#13;<br \/>\n\u00a0<\/p>\n<p><strong>5. Iracema \u2013 Jos\u00e9 de Alencar<\/strong><\/p>\n<p>Neste romance, Jos\u00e9 de Alencar faz uma alegoria da funda\u00e7\u00e3o do Cear\u00e1, resultando em uma obra essencial do indianismo. A potiguara Iracema, a &#8220;virgem dos l\u00e1bios de mel&#8221;, encontra nas florestas da orla cearense o portugu\u00eas Martim. \u00c9 o in\u00edcio de um conturbado amor proibido que revela, com lirismo e aventura, a contradi\u00e7\u00e3o e o embate entre civiliza\u00e7\u00f5es. A obra foi publicada pela primeira vem em 1865, mas a hist\u00f3ria de passa nos anos 1600, retratando a chegada dos portugueses ao Brasil. O livro trata, entre outras quest\u00f5es, de temas como o choque cultural entre ind\u00edgenas e europeus e a rela\u00e7\u00e3o do homem com a natureza.<br \/>&#13;<br \/>\n\u00a0<\/p>\n<p><strong>6. Macuna\u00edma \u2013 M\u00e1rio de Andrade<\/strong><\/p>\n<p>Em Macuna\u00edma, o her\u00f3i sem nenhum car\u00e1ter, M\u00e1rio de Andrade radicaliza o uso liter\u00e1rio da linguagem oral e popular que j\u00e1 havia utilizado em seus livros anteriores e mistura folclore, lendas, mitos e manifesta\u00e7\u00f5es religiosas de v\u00e1rios recantos do Brasil, como se fizessem parte de uma unidade nacional. Macuna\u00edma, que ora \u00e9 \u00edndio negro ora \u00e9 branco, at\u00e9 hoje \u00e9 considerado s\u00edmbolo do brasileiro em v\u00e1rios sentidos: o do malandro esperto, amoral, que sempre consegue o que quer, e o do povo perdido diante de suas m\u00faltiplas identidades. Nas palavras do pr\u00f3prio autor, &#8220;Macuna\u00edma vive por si, por\u00e9m possui um car\u00e1ter que \u00e9 justamente o de n\u00e3o ter car\u00e1ter&#8221;. Publicado em 1928, a obra surge no contexto da primeira gera\u00e7\u00e3o do modernismo, que buscava uma identidade nacional, rompendo com os padr\u00f5es art\u00edsticos europeus ao valorizar a cultura popular brasileira.<br \/>&#13;<br \/>\n\u00a0<\/p>\n<p><strong>7. Mem\u00f3rias P\u00f3stumas de Br\u00e1s Cubas \u2013 Machado de Assis<\/strong><\/p>\n<p>Na obra, o finado Br\u00e1s Cubas decide contar sua hist\u00f3ria por uma \u00f3tica bastante inusitada: em vez de come\u00e7ar pelo seu nascimento, sua narrativa inicia-se pelo \u00f3bito. Enquanto rememora as experi\u00eancias que viveu, o defunto-autor tece uma s\u00e9rie de reflex\u00f5es sobre a vida e sobre a sociedade da \u00e9poca, com serenidade e bom-humor. Num primeiro momento, a prosa fragment\u00e1ria e livre, misturando eleg\u00e2ncia e abuso, refinamento e humor negro, causou estranheza, inclusive entre a cr\u00edtica. Com o tempo, no entanto, o defunto autor que dedica sua obra ao verme que primeiro roeu as frias carnes de seu cad\u00e1ver tornou-se um dos personagens mais populares da nossa literatura. Lan\u00e7ado em 1881, \u00e9 considerado a transi\u00e7\u00e3o do romantismo para o realismo. O livro retrata o per\u00edodo do Brasil Imp\u00e9rio, especialmente a elite burguesa do Rio de Janeiro, marcada por mudan\u00e7as sociais e ascens\u00e3o de novos valores.<br \/>&#13;<br \/>\n\u00a0<\/p>\n<p><strong>8. O Corti\u00e7o \u2013 Alu\u00edsio Azevedo<\/strong><\/p>\n<p>Pobreza, corrup\u00e7\u00e3o, injusti\u00e7a e trai\u00e7\u00e3o s\u00e3o elementos que integram a principal obra do naturalismo brasileiro. Nela, o autor denuncia as mazelas sociais enfrentadas pelos moradores de um corti\u00e7o no Rio de Janeiro no s\u00e9culo XIX. \u00c9 um romance que convida a analisar por meio da observa\u00e7\u00e3o cr\u00edtica do cotidiano das personagens a animaliza\u00e7\u00e3o do ser humano, quest\u00e3o que se mostra, mais do que nunca, atual. Publicado em 1890, a obra de caracteres m\u00faltiplos aborda tem\u00e1ticas pouco comuns para a \u00e9poca \u2013 sexualidade, adult\u00e9rio, racismo e prostitui\u00e7\u00e3o \u2013 retratando a vis\u00e3o pessimista do per\u00edodo.<br \/>&#13;<br \/>\n\u00a0<\/p>\n<p><strong>9. Quarto de Despejo \u2013 Carolina Maria de Jesus<\/strong><\/p>\n<p>A primeira publica\u00e7\u00e3o data de 1960, e o livro surgiu do di\u00e1rio da autora, tornando-se um aut\u00eantico exemplo de literatura-verdade. Retrata o cotidiano triste e cruel de uma mulher e m\u00e3e solteira que sobrevive como catadora de papel e faz de tudo para espantar a fome e criar seus filhos na favela do Canind\u00e9 &#8211; SP. Em meio a um ambiente de extrema pobreza e desigualdade de classe, de g\u00eanero e de ra\u00e7a, o leitor depara-se com o duro dia a dia de quem n\u00e3o tem amanh\u00e3, mas que ainda sim resiste diante da mis\u00e9ria, da viol\u00eancia e da fome. E percebe com tristeza que, mesmo tendo sido escrito na d\u00e9cada de 1950, o livro jamais perdeu sua atualidade. A obra retrata uma \u00e9poca de grande industrializa\u00e7\u00e3o e desenvolvimento do Brasil, em contraste com a mis\u00e9ria e exclus\u00e3o social que grande parte da popula\u00e7\u00e3o vivia.<br \/>&#13;<br \/>\n\u00a0<\/p>\n<p><strong>10. Vidas Secas \u2013 Graciliano Ramos<\/strong><\/p>\n<p>Publicado pela primeira vez em 1938, retrata a vida miser\u00e1vel de uma fam\u00edlia de retirantes sertanejos obrigada a se deslocar de tempos em tempos para \u00e1reas menos castigadas pela seca no sert\u00e3o nordestino. O pai, Fabiano, caminha pela paisagem \u00e1rida da com a sua mulher, Sinha Vit\u00f3ria, e os dois filhos, que n\u00e3o t\u00eam nome, sendo chamados apenas de &#8220;filho mais velho&#8221; e &#8220;filho mais novo&#8221;. S\u00e3o tamb\u00e9m acompanhados pela cachorrinha da fam\u00edlia, Baleia, cujo nome \u00e9 ir\u00f4nico, pois a falta de comida a fez muito magra. O livro pertence \u00e0 segunda fase modernista da literatura brasileira, conhecida como &#8220;regionalista&#8221; ou &#8220;romance de 30&#8221;. Den\u00fancia fortemente as mazelas do povo brasileiro, principalmente a situa\u00e7\u00e3o de mis\u00e9ria do sert\u00e3o.<\/p>\n<\/p><\/div>\n<p><script async defer crossorigin=\"anonymous\" src=\"https:\/\/connect.facebook.net\/pt_BR\/sdk.js#xfbml=1&#038;version=v12.0&#038;appId=&#038;autoLogAppEvents=1\" nonce=\"ou0fI1lo\"><\/script><br \/>\n<br \/><br \/>\n<br \/>Fonte: <a href=\"https:\/\/www.bs9.com.br\/brasil\/enem-autores-e-livros-mais-citados-e-como-se-preparar-para-a-prova\/33569\/\">BS9<\/a><\/p>\n","protected":false},"excerpt":{"rendered":"<p>Ao contr\u00e1rio de vestibulares como a Fuvest e da Unicamp, o Exame Nacional do Ensino M\u00e9dio (Enem) n\u00e3o exige uma lista fixa de livros espec\u00edficos, mas as obras cl\u00e1ssicas brasileiras t\u00eam um papel essencial na prova. Segundo educadores, o segredo para o candidato se dar bem na parte de literatura \u00e9 aprofundar-se nos t\u00edtulos consagrados [&hellip;]<\/p>\n","protected":false},"author":5,"featured_media":33185,"comment_status":"open","ping_status":"open","sticky":false,"template":"","format":"standard","meta":{"_seopress_robots_primary_cat":"","_seopress_titles_title":"","_seopress_titles_desc":"","_seopress_robots_index":"","footnotes":""},"categories":[52],"tags":[],"class_list":["post-33184","post","type-post","status-publish","format-standard","has-post-thumbnail","hentry","category-santoseregiao"],"_links":{"self":[{"href":"https:\/\/mussicom.com\/noticias\/wp-json\/wp\/v2\/posts\/33184","targetHints":{"allow":["GET"]}}],"collection":[{"href":"https:\/\/mussicom.com\/noticias\/wp-json\/wp\/v2\/posts"}],"about":[{"href":"https:\/\/mussicom.com\/noticias\/wp-json\/wp\/v2\/types\/post"}],"author":[{"embeddable":true,"href":"https:\/\/mussicom.com\/noticias\/wp-json\/wp\/v2\/users\/5"}],"replies":[{"embeddable":true,"href":"https:\/\/mussicom.com\/noticias\/wp-json\/wp\/v2\/comments?post=33184"}],"version-history":[{"count":0,"href":"https:\/\/mussicom.com\/noticias\/wp-json\/wp\/v2\/posts\/33184\/revisions"}],"wp:featuredmedia":[{"embeddable":true,"href":"https:\/\/mussicom.com\/noticias\/wp-json\/wp\/v2\/media\/33185"}],"wp:attachment":[{"href":"https:\/\/mussicom.com\/noticias\/wp-json\/wp\/v2\/media?parent=33184"}],"wp:term":[{"taxonomy":"category","embeddable":true,"href":"https:\/\/mussicom.com\/noticias\/wp-json\/wp\/v2\/categories?post=33184"},{"taxonomy":"post_tag","embeddable":true,"href":"https:\/\/mussicom.com\/noticias\/wp-json\/wp\/v2\/tags?post=33184"}],"curies":[{"name":"wp","href":"https:\/\/api.w.org\/{rel}","templated":true}]}}