{"id":33065,"date":"2025-07-28T22:11:19","date_gmt":"2025-07-29T01:11:19","guid":{"rendered":"https:\/\/mussicom.com\/14o-congresso-da-apm-santos-reforca-o-papel-da-medicina-humanizada-e-sustentavel\/"},"modified":"2025-07-28T22:11:19","modified_gmt":"2025-07-29T01:11:19","slug":"14o-congresso-da-apm-santos-reforca-o-papel-da-medicina-humanizada-e-sustentavel","status":"publish","type":"post","link":"https:\/\/mussicom.com\/noticias\/14o-congresso-da-apm-santos-reforca-o-papel-da-medicina-humanizada-e-sustentavel\/","title":{"rendered":"14\u00ba Congresso da APM Santos refor\u00e7a o papel da medicina humanizada e sustent\u00e1vel"},"content":{"rendered":"<p> <br \/>\n<\/p>\n<div id=\"texto\">\n<p>Acontece no pr\u00f3ximo dia 16 de agosto, na sede da Associa\u00e7\u00e3o Paulista de Medicina \u2013 Regional Santos, o 14\u00ba Congresso da APM, que neste ano traz o tema \u201cSa\u00fade 360\u00b0: Integrando Especialidades para um Cuidado Mais Humanizado e Sustent\u00e1vel\u201d e promete marcar mais um passo importante na miss\u00e3o de tornar o cuidado m\u00e9dico mais efetivo, colaborativo e humano. As inscri\u00e7\u00f5es e demais informa\u00e7\u00f5es ser\u00e3o divulgadas em breve pelos canais oficiais da entidade.<br \/>&#13;<br \/>\n\u00a0<\/p>\n<p>Coordenado pela pediatra e diretora cient\u00edfica da entidade, Dra. Maria Helo\u00edza Ventura e pela Dra. Silvia Picado, Dra. Fernanda Chaer, Dr. Tiago Leal e Dr. Fl\u00e1vio Alc\u00e2ntara, o evento prop\u00f5e uma troca de saberes entre especialidades m\u00e9dicas, com foco em pr\u00e1ticas que unam ci\u00eancia, empatia e sustentabilidade no atendimento \u00e0 sa\u00fade.<br \/>&#13;<br \/>\n\u00a0<\/p>\n<p>\u201cNosso objetivo \u00e9 proporcionar uma vis\u00e3o ampliada do cuidado, unindo especialistas em torno do bem-estar do paciente. A medicina precisa ser cada vez mais resolutiva, mas tamb\u00e9m mais humana\u201d, afirma a Dra. Maria Helo\u00edza.<br \/>&#13;<br \/>\n\u00a0<\/p>\n<p>O congresso \u00e9 voltado para m\u00e9dicos de diferentes \u00e1reas, residentes e estudantes da Baixada Santista, reafirmando o compromisso da APM com a educa\u00e7\u00e3o m\u00e9dica continuada e a valoriza\u00e7\u00e3o da pr\u00e1tica cl\u00ednica \u00e9tica e acolhedora.<br \/>&#13;<br \/>\n\u00a0<\/p>\n<p>A programa\u00e7\u00e3o cient\u00edfica se inicia \u00e0s 8h30, com caf\u00e9 de boas-vindas, seguida da abertura oficial feita pelo Dr. Antonio Leal, \u00e0s 8h50. A partir das 9h, come\u00e7am as palestras com temas de alta relev\u00e2ncia:<br \/>&#13;<br \/>\n\u00a0<\/p>\n<p>08h30 \u2013 Caf\u00e9 de boas-vindas<\/p>\n<p>08h50 &#8211; 09h00 &#8211; Abertura do Congresso &#8211; \u00a0Dr. Ant\u00f4nio Leal<\/p>\n<p>09h00 \u2013 09h40 \u2013 Cuidar de quem sente dor: A humaniza\u00e7\u00e3o no tratamento da artrite reumatoide<br \/>&#13;<br \/>\nPalestrante: Dra. Fernanda Chaer &#8211; Reumatologista\u00a0<\/p>\n<p>09h40 \u2013 10h20\u2013 Anemia falciforme e hemoterapia: quando a decis\u00e3o t\u00e9cnica vira al\u00edvio e acolhimento\u00a0<br \/>&#13;<br \/>\nPalestrante: Dr. Walace Rocha. M\u00e9dico e Mestre em Hemoterapia pela Unicamp.<\/p>\n<p>10h20 \u2013 10h40 \u2013 Intervalo com caf\u00e9<\/p>\n<p>10h40-11h20 \u2013 Terapias inovadoras em diabetes e obesidade: o que muda quando olhamos a pessoa e n\u00e3o s\u00f3 a balan\u00e7a<br \/>&#13;<br \/>\nPalestrante: Dra. Giovana Corralo \u2013 Endocrinologista\u00a0<\/p>\n<p>11h20 \u2013 12h00 &#8211; Linfadenopatia infantil: Quando observar, quando investigar, quando encaminhar<br \/>&#13;<br \/>\nPalestrante: Dra. Silvia Picado \u2013 Cirurgi\u00e3 de cabe\u00e7a e pesco\u00e7o<\/p>\n<p>12h00 \u2013 14h00 \u2013 Intervalo para almo\u00e7o<\/p>\n<p>14h00 \u2013 14h50 \u2013 Testes Gen\u00e9ticos: \u00a0quando solicitar, como interpretar e quais os limites na Medicina<br \/>&#13;<br \/>\nPalestrante : Dr. Fl\u00e1vio Alc\u00e2ntara &#8211; Patologista Cl\u00ednico<\/p>\n<p>14h50 \u2013 15h40 \u2013 Doen\u00e7as da aorta : o diagn\u00f3stico precoce como estrat\u00e9gia para redu\u00e7\u00e3o da mortalidade<br \/>&#13;<br \/>\nPalestrante: Dr. Marcello Romiti \u2013 Cirurgi\u00e3o Vascular<\/p>\n<p>15h40 \u2013 16h20 \u2013 Preven\u00e7\u00e3o das doen\u00e7as respirat\u00f3rias atrav\u00e9s da vacina\u00e7\u00e3o<br \/>&#13;<br \/>\nPalestrante: Dr. Alex Macedo \u2013 Pneumologista<\/p>\n<p>16h20 \u2013 17h00 \u2013 \u00a0Projeto Menina M\u00e3e : o desafio da gesta\u00e7\u00e3o na adolesc\u00eancia \u00a0&#8211; Dra. Lilian Wendy \u2013 Ginecologista e Diretora do Projeto Menina M\u00e3e<\/p>\n<p>17h00 \u2013 Encerramento com caf\u00e9<br \/>&#13;<br \/>\n\u00a0<\/p>\n<p>Al\u00e9m da programa\u00e7\u00e3o t\u00e9cnica, o congresso tamb\u00e9m ter\u00e1 momentos de confraterniza\u00e7\u00e3o e troca entre os profissionais, fortalecendo os la\u00e7os da comunidade m\u00e9dica local. \u201cO congresso tamb\u00e9m \u00e9 um espa\u00e7o de reencontro e fortalecimento da comunidade m\u00e9dica da regi\u00e3o. Estamos construindo um momento de atualiza\u00e7\u00e3o cient\u00edfica, mas tamb\u00e9m de uni\u00e3o entre colegas que compartilham os mesmos desafios e prop\u00f3sitos\u201d, completa a Dra. Maria Helo\u00edza.<br \/>&#13;<br \/>\n\u00a0<\/p>\n<p><strong>Servi\u00e7o<\/strong><br \/>&#13;<br \/>\n14\u00ba Congresso da APM Santos \u2013 Sa\u00fade 360\u00b0<br \/>&#13;<br \/>\nData: 16 de agosto de 2025 (s\u00e1bado)<br \/>&#13;<br \/>\nHor\u00e1rio: Das 8h30 \u00e0s 17h<br \/>&#13;<br \/>\nLocal: APM Santos \u2013 Av. Ana Costa, 388 \u2013 Gonzaga, Santos\/SP<br \/>&#13;<br \/>\nMais informa\u00e7\u00f5es em breve pelos canais oficiais da APM Santos<\/p>\n<\/p><\/div>\n<p><script async defer crossorigin=\"anonymous\" src=\"https:\/\/connect.facebook.net\/pt_BR\/sdk.js#xfbml=1&#038;version=v12.0&#038;appId=&#038;autoLogAppEvents=1\" nonce=\"ou0fI1lo\"><\/script><br \/>\n<br \/><br \/>\n<br \/>Fonte: <a href=\"https:\/\/www.bs9.com.br\/variedades\/14o-congresso-da-apm-santos-reforca-o-papel-da-medicina-humanizada-e\/33549\/\">BS9<\/a><\/p>\n","protected":false},"excerpt":{"rendered":"<p>Acontece no pr\u00f3ximo dia 16 de agosto, na sede da Associa\u00e7\u00e3o Paulista de Medicina \u2013 Regional Santos, o 14\u00ba Congresso da APM, que neste ano traz o tema \u201cSa\u00fade 360\u00b0: Integrando Especialidades para um Cuidado Mais Humanizado e Sustent\u00e1vel\u201d e promete marcar mais um passo importante na miss\u00e3o de tornar o cuidado m\u00e9dico mais efetivo, [&hellip;]<\/p>\n","protected":false},"author":5,"featured_media":33066,"comment_status":"open","ping_status":"open","sticky":false,"template":"","format":"standard","meta":{"_seopress_robots_primary_cat":"","_seopress_titles_title":"","_seopress_titles_desc":"","_seopress_robots_index":"","footnotes":""},"categories":[52],"tags":[],"class_list":["post-33065","post","type-post","status-publish","format-standard","has-post-thumbnail","hentry","category-santoseregiao"],"_links":{"self":[{"href":"https:\/\/mussicom.com\/noticias\/wp-json\/wp\/v2\/posts\/33065","targetHints":{"allow":["GET"]}}],"collection":[{"href":"https:\/\/mussicom.com\/noticias\/wp-json\/wp\/v2\/posts"}],"about":[{"href":"https:\/\/mussicom.com\/noticias\/wp-json\/wp\/v2\/types\/post"}],"author":[{"embeddable":true,"href":"https:\/\/mussicom.com\/noticias\/wp-json\/wp\/v2\/users\/5"}],"replies":[{"embeddable":true,"href":"https:\/\/mussicom.com\/noticias\/wp-json\/wp\/v2\/comments?post=33065"}],"version-history":[{"count":0,"href":"https:\/\/mussicom.com\/noticias\/wp-json\/wp\/v2\/posts\/33065\/revisions"}],"wp:featuredmedia":[{"embeddable":true,"href":"https:\/\/mussicom.com\/noticias\/wp-json\/wp\/v2\/media\/33066"}],"wp:attachment":[{"href":"https:\/\/mussicom.com\/noticias\/wp-json\/wp\/v2\/media?parent=33065"}],"wp:term":[{"taxonomy":"category","embeddable":true,"href":"https:\/\/mussicom.com\/noticias\/wp-json\/wp\/v2\/categories?post=33065"},{"taxonomy":"post_tag","embeddable":true,"href":"https:\/\/mussicom.com\/noticias\/wp-json\/wp\/v2\/tags?post=33065"}],"curies":[{"name":"wp","href":"https:\/\/api.w.org\/{rel}","templated":true}]}}