{"id":33030,"date":"2025-07-28T20:09:10","date_gmt":"2025-07-28T23:09:10","guid":{"rendered":"https:\/\/mussicom.com\/contemplados-na-1a-fase-da-urbanizacao-da-vila-esperanca-passam-a-ocupar-os-apartamentos-em-cubatao\/"},"modified":"2025-07-28T20:09:10","modified_gmt":"2025-07-28T23:09:10","slug":"contemplados-na-1a-fase-da-urbanizacao-da-vila-esperanca-passam-a-ocupar-os-apartamentos-em-cubatao","status":"publish","type":"post","link":"https:\/\/mussicom.com\/noticias\/contemplados-na-1a-fase-da-urbanizacao-da-vila-esperanca-passam-a-ocupar-os-apartamentos-em-cubatao\/","title":{"rendered":"Contemplados na 1\u00aa fase da urbaniza\u00e7\u00e3o da Vila Esperan\u00e7a passam a ocupar os apartamentos em Cubat\u00e3o"},"content":{"rendered":"<p> <br \/>\n<\/p>\n<div id=\"texto\">\n<p>Para 116 fam\u00edlias de Cubat\u00e3o, come\u00e7ou nesta semana o sonho de habitar na casa pr\u00f3pria em novo endere\u00e7o: Rua Zenaide de Oliveira dos Santos, n\u00ba 127, na Vila Esperan\u00e7a. S\u00e3o as pessoas contemplas na 1\u00aa fase do Conjunto Habitacional Bruno Covas, que faz parte do projeto de urbaniza\u00e7\u00e3o da Vila Esperan\u00e7a, realizado pela Prefeitura de Cubat\u00e3o via Secretaria Municipal de Habita\u00e7\u00e3o (Sehab), com constru\u00e7\u00e3o dos edif\u00edcios pela Companhia de Desenvolvimento Habitacional e Urbano (CDHU), do Governo do Estado.<\/p>\n<p>Durante este per\u00edodo, t\u00e9cnicos do Departamento de Desenvolvimento Comunit\u00e1rio da Sehab e do Servi\u00e7o de P\u00f3s-Ocupa\u00e7\u00e3o da CDHU estar\u00e3o atuando no empreendimento para acolher, orientar os moradores, al\u00e9m de oficializar a entrega das chaves. A programa\u00e7\u00e3o prev\u00ea que sejam atendidas 68 das 116 fam\u00edlias contempladas s\u00f3 nesta semana. A previs\u00e3o \u00e9 de que dentro de tr\u00eas semanas, todas as fam\u00edlias j\u00e1 estejam na casa nova.<\/p>\n<p>&#13;<br \/>\nOs apartamentos foram escolhidos pelos pr\u00f3prios moradores em reuni\u00f5es anteriores. &#8220;Para esta etapa da mudan\u00e7a, as fam\u00edlias est\u00e3o sendo recebidas em grupos para possamos acompanhar o processo em cada unidade com mais aten\u00e7\u00e3o, onde cada morador possa conferir as condi\u00e7\u00f5es do apartamento antes de assinar o contrato definitivo. Este ritual faz parte das garantias por parte da Construtora.<\/p>\n<p>Feito isso, a fam\u00edlia j\u00e1 pode fazer a mudan\u00e7a no mesmo dia, se quiser&#8221;, explicaram os t\u00e9cnicos da Sehab. Assim ocorreu com 12 fam\u00edlias nesta segunda-feira (21). \u00a0Entre elas est\u00e1 Daiane Gon\u00e7alves e Rafael de Almeida, ambos com 31 anos de idade, que t\u00eam uma filha de 2 anos. Eles contam que n\u00e3o viam a hora de ter um lar para chamar de seu.<\/p>\n<p>&#13;<br \/>\n&#8220;Desde que foi confirmado de que um dos apartamentos seria nosso, quando escolhemos o andar e o n\u00famero, est\u00e1vamos na expectativa para este momento&#8221;, diz Rafael. &#8220;De fato, \u00e9 a consuma\u00e7\u00e3o de um sonho para n\u00f3s, que aguardamos dois anos e dois meses enquanto se constru\u00eda e legalizava tudo isso aqui. E a espera valeu pena. \u00c9 uma nova etapa de nossas vidas e queremos ser felizes aqui&#8221;, completou a Daiane.<\/p>\n<p>Ela e o marido destacaram algo que se repetiu ao longo do dia com outros moradores: a vis\u00e3o privilegiada possibilitada pelo local, que vai bem al\u00e9m das janelas de muitos dos apartamentos. O casal se \u00a0aproximou da sacada externa do pr\u00e9dio e ficou, por alguns instantes, a contemplar a beleza do manguezal, vis\u00e3o que foi compartilhada com a m\u00e3e de Daiane, dona Concei\u00e7\u00e3o Gon\u00e7alves, de 64 anos, que fez quest\u00e3o de acompanhar o momento hist\u00f3rico do casal e ver \u00a0a felicidade de sua netinha pela nova morada.<\/p>\n<p>&#13;<br \/>\nEstrutura e investimentos \u2013 De acordo com a Administra\u00e7\u00e3o Municipal, o projeto de urbaniza\u00e7\u00e3o da Vila n\u00e3o se resume \u00e0 constru\u00e7\u00e3o de moradias, \u00e9 muito mais que uma obra. Fruto de conv\u00eanio junto ao PAC, do Governo Federal, foram realizadas todas as obras de infraestrutura do bairro, com macro e microdrenagem, pavimenta\u00e7\u00e3o, rede de \u00e1gua e de esgoto, energia el\u00e9trica e, ainda, o trabalho social.<\/p>\n<p>O entorno do complexo ainda vai receber pra\u00e7a, brinquedos para as crian\u00e7as e duas escolas. &#8220;O investimento total da urbaniza\u00e7\u00e3o do bairro chegar\u00e1 a R$ 445 milh\u00f5es por meio de verbas dos tesouros municipal, estadual e federal, destacando que a \u00e1rea onde est\u00e3o sendo constru\u00eddos os condom\u00ednios pertencia \u00e0 Uni\u00e3o e foi repassada ao Munic\u00edpio por meio de acordo de coopera\u00e7\u00e3o t\u00e9cnica viabilizado pelo Servi\u00e7o de Patrim\u00f4nio da Uni\u00e3o (SPU)&#8221;, explica a vice-prefeita Andrea Castro, que tamb\u00e9m \u00e9 titular da Sehab.<\/p>\n<p>&#13;<br \/>\nTodas as fam\u00edlias participam de financiamento habitacional junto \u00e0 CDHU com presta\u00e7\u00f5es que comprometam at\u00e9 20% da renda familiar e ter\u00e3o 30 anos para pagar. O Conjunto Habitacional faz parte do Programa &#8216;Vida Digna&#8217;, do Governo do Estado. Esta primeira fase da urbaniza\u00e7\u00e3o vai contemplar fam\u00edlias da antiga Vila Caic, removidas justamente da \u00e1rea que abriga o Conjunto Bruno Covas. O pr\u00e9dio entregue possui t\u00e9rreo e outros 8 pavimentos com apartamentos de 49m\u00b2 de \u00e1rea \u00fatil com sala, cozinha, dois quartos, banheiro e \u00e1rea de servi\u00e7o.<\/p>\n<p>&#13;<br \/>\nO edif\u00edcio possui placas de energia solar que adaptam o empreendimento ao conceito moderno de economicidade. O pr\u00e9dio conta com elevadores e sal\u00e3o de festas, al\u00e9m de estacionamentos e espa\u00e7o para com\u00e9rcio no t\u00e9rreo do pr\u00e9dio e roof top, um terra\u00e7o moderno que proporciona um lugar para os moradores relaxarem, curtirem e ainda admirarem a ampla vista do manguezal da cidade e, dependendo do lado, at\u00e9 da Serra do Mar. Al\u00e9m dessa torre com os 116 apartamentos, o Conjunto Habitacional Bruno Covas faz parte de um complexo que possui outros 9 edif\u00edcios, j\u00e1 em fase de constru\u00e7\u00e3o.<\/p>\n<p>V\u00e3o receber outras 894 moradias, totalizando 1.010 unidades habitacionais, completando a 2\u00aa fase do empreendimento que receber\u00e1 as fam\u00edlias que hoje vivem em palafitas na Vila Esperan\u00e7a, bairro que possui o maior n\u00facleo habitacional de Cubat\u00e3o, com cerca de 20 mil moradores.<\/p>\n<p>&#13;<br \/>\nArquitetura social premiada \u2013 Cabe ressaltar que o conjunto habitacional Bruno Covas em Cubat\u00e3o foi idealizado e projetado por Marcos Boldarini, arquiteto premiado mundialmente pela elabora\u00e7\u00e3o de projetos de urbanismo com solu\u00e7\u00f5es inovadoras em cen\u00e1rios complexos, como os que se encontram em comunidades e favelas.<\/p>\n<p>O arquiteto fez quest\u00e3o de estar presente na entrega do equipamento nesta quarta-feira. Em um conceito moderno de arquitetura, um dos diferenciais do projeto s\u00e3o os equipamentos de lazer, como o roof top, e as janelas &#8216;em fita&#8217; que se constitui na total cobertura da fachada de um edif\u00edcio com uma fita composta por janelas horizontais cont\u00ednuas, sem afetar diretamente a estrutura.<\/p>\n<\/p><\/div>\n<p><script async defer crossorigin=\"anonymous\" src=\"https:\/\/connect.facebook.net\/pt_BR\/sdk.js#xfbml=1&#038;version=v12.0&#038;appId=&#038;autoLogAppEvents=1\" nonce=\"ou0fI1lo\"><\/script><br \/>\n<br \/><br \/>\n<br \/>Fonte: <a href=\"https:\/\/www.bs9.com.br\/litoral\/contemplados-na-1a-fase-da-urbanizacao-da-vila-esperanca-passam-a\/33555\/\">BS9<\/a><\/p>\n","protected":false},"excerpt":{"rendered":"<p>Para 116 fam\u00edlias de Cubat\u00e3o, come\u00e7ou nesta semana o sonho de habitar na casa pr\u00f3pria em novo endere\u00e7o: Rua Zenaide de Oliveira dos Santos, n\u00ba 127, na Vila Esperan\u00e7a. S\u00e3o as pessoas contemplas na 1\u00aa fase do Conjunto Habitacional Bruno Covas, que faz parte do projeto de urbaniza\u00e7\u00e3o da Vila Esperan\u00e7a, realizado pela Prefeitura de [&hellip;]<\/p>\n","protected":false},"author":5,"featured_media":33031,"comment_status":"open","ping_status":"open","sticky":false,"template":"","format":"standard","meta":{"_seopress_robots_primary_cat":"","_seopress_titles_title":"","_seopress_titles_desc":"","_seopress_robots_index":"","footnotes":""},"categories":[52],"tags":[],"class_list":["post-33030","post","type-post","status-publish","format-standard","has-post-thumbnail","hentry","category-santoseregiao"],"_links":{"self":[{"href":"https:\/\/mussicom.com\/noticias\/wp-json\/wp\/v2\/posts\/33030","targetHints":{"allow":["GET"]}}],"collection":[{"href":"https:\/\/mussicom.com\/noticias\/wp-json\/wp\/v2\/posts"}],"about":[{"href":"https:\/\/mussicom.com\/noticias\/wp-json\/wp\/v2\/types\/post"}],"author":[{"embeddable":true,"href":"https:\/\/mussicom.com\/noticias\/wp-json\/wp\/v2\/users\/5"}],"replies":[{"embeddable":true,"href":"https:\/\/mussicom.com\/noticias\/wp-json\/wp\/v2\/comments?post=33030"}],"version-history":[{"count":0,"href":"https:\/\/mussicom.com\/noticias\/wp-json\/wp\/v2\/posts\/33030\/revisions"}],"wp:featuredmedia":[{"embeddable":true,"href":"https:\/\/mussicom.com\/noticias\/wp-json\/wp\/v2\/media\/33031"}],"wp:attachment":[{"href":"https:\/\/mussicom.com\/noticias\/wp-json\/wp\/v2\/media?parent=33030"}],"wp:term":[{"taxonomy":"category","embeddable":true,"href":"https:\/\/mussicom.com\/noticias\/wp-json\/wp\/v2\/categories?post=33030"},{"taxonomy":"post_tag","embeddable":true,"href":"https:\/\/mussicom.com\/noticias\/wp-json\/wp\/v2\/tags?post=33030"}],"curies":[{"name":"wp","href":"https:\/\/api.w.org\/{rel}","templated":true}]}}