{"id":32994,"date":"2025-07-28T17:48:09","date_gmt":"2025-07-28T20:48:09","guid":{"rendered":"https:\/\/mussicom.com\/3a-edicao-do-festival-hibrido-apresentara-show-em-formato-acustico-do-ira-folk\/"},"modified":"2025-07-28T17:48:09","modified_gmt":"2025-07-28T20:48:09","slug":"3a-edicao-do-festival-hibrido-apresentara-show-em-formato-acustico-do-ira-folk","status":"publish","type":"post","link":"https:\/\/mussicom.com\/noticias\/3a-edicao-do-festival-hibrido-apresentara-show-em-formato-acustico-do-ira-folk\/","title":{"rendered":"3\u00aa edi\u00e7\u00e3o do Festival H\u00edbrido apresentar\u00e1 show em formato ac\u00fastico do Ira! Folk"},"content":{"rendered":"<p> <br \/>\n<\/p>\n<div>\n<p><span data-olk-copy-source=\"MessageBody\">Nos dias 11 e 12 de outubro, acontece o\u00a0<strong>Festival H\u00edbrido<\/strong>, a primeira plataforma da capital paulista a conectar o empreendedorismo can\u00e1bico e derivados como c\u00e2nhamo, medicinal,\u00a0<em>heads shops<\/em>\u00a0e grandes\u00a0<em>players\u00a0<\/em>do setor \u00e0 economia verde.<\/span><\/p>\n<p><span data-olk-copy-source=\"MessageBody\">Com a novidade de incluir os psicod\u00e9licos em sua programa\u00e7\u00e3o, o evento ter\u00e1 a apresenta\u00e7\u00e3o em formato ac\u00fastico da banda<strong>\u00a0Ira! Folk\u00a0<\/strong>como\u00a0<em>headliner<\/em>, no seu encerramento. Os ingressos j\u00e1 est\u00e3o dispon\u00edveis para venda, com valores a partir de R$ 21,00 meia-entrada e R$ 42,00 inteira, no site\u00a0<\/span><u>Sympla<\/u>. O H\u00edbrido, mas uma vez, ser\u00e1 realizado no Komplexo Tempo, no Parque da Mooca.<\/p>\n<p>A trajet\u00f3ria do Ira! se entrela\u00e7a com a hist\u00f3ria cultural de S\u00e3o Paulo. Nascida no cora\u00e7\u00e3o da capital, a banda se tornou um dos maiores expoentes do\u00a0<em>rock\u00a0<\/em>brasileiro, especialmente nas d\u00e9cadas de 80 e 90. Em sua apresenta\u00e7\u00e3o no Festival H\u00edbrido, mostrar\u00e1 sua l\u00edrica \u00fanica, que mescla cr\u00edtica social e lirismo urbano.<\/p>\n<p>\u201c<em>\u00c9 muito legal participar de um evento como esse. Com certeza encontraremos um p\u00fablico libert\u00e1rio, democr\u00e1tico, n\u00e3o um p\u00fablico ranzinza, de mal com a vida. Isso \u00e9 muito bom para o nosso show<\/em>\u201d, disse o vocalista <strong>Nasi<\/strong>. \u201c<em>Eu acredito que tanto a cannabis quanto as terapias com o uso de psicod\u00e9licos podem ser grandes aliadas no tratamento de quest\u00f5es de sa\u00fade mental e em tantos outros. Primeiro, \u00e9 preciso derrubar uma barreira gigantesca de preconceito. \u00c9 necess\u00e1rio tratar da exist\u00eancia desses produtos sem que sejam demonizados, sem esse banho de moralismo sobre o uso de psicod\u00e9licos e da pr\u00f3pria cannabis. Existem estudos s\u00e9rios sobre isso, mostrando caminhos muito positivos<\/em>\u201d, diz o guitarrista <strong>Edgar Scandurra<\/strong>.<\/p>\n<p>A programa\u00e7\u00e3o permitir\u00e1 ao p\u00fablico conhecer as tend\u00eancias mais vanguardistas do setor de economia verde, que est\u00e1 em ascens\u00e3o no Brasil, al\u00e9m de ter acesso \u00e0s principais marcas e associa\u00e7\u00f5es sem fins lucrativos, ao lado dos\u00a0<em>players\u00a0<\/em>do mercado.<\/p>\n<p>Em sua edi\u00e7\u00e3o anterior, o evento atraiu cerca de 10 mil pessoas e foram gerados mais de R$ 3 milh\u00f5es em neg\u00f3cios. O\u00a0<u>formul\u00e1rio<\/u>\u00a0para expositores interessados j\u00e1 est\u00e1 dispon\u00edvel no\u00a0<em>site<\/em> e Instagram @festivalhibridosp. As condi\u00e7\u00f5es para ades\u00e3o est\u00e3o mais acess\u00edveis que as precedentes, com o objetivo de aumentar o n\u00famero de participantes. Os interessados poder\u00e3o se inscrever at\u00e9 o m\u00eas de setembro.<\/p>\n<p>Lojistas, revendedores, donos de <em>head shops<\/em>\u00a0e empres\u00e1rios da \u00e1rea can\u00e1bica com CNPJ ter\u00e3o entrada gratuita, das 11h \u00e0s 14h. Os ingressos poder\u00e3o ser retirados por meio de um<em>\u00a0link\u00a0<\/em>exclusivo, que ser\u00e1 disponibilizado em breve.<\/p>\n<p>A programa\u00e7\u00e3o do H\u00edbrido reflete seu conceito em 360 graus, abordando o <em>lifestyle\u00a0<\/em>do mercado can\u00e1bico, proporcionando experi\u00eancias e\u00a0<em>games<\/em>\u00a0com expositores deste setor e dos psicod\u00e9licos. Haver\u00e1 uma \u00e1rea dedicada \u00e0 sustentabilidade e \u00e0 economia verde, al\u00e9m de\u00a0<em>shows<\/em>, exposi\u00e7\u00e3o de arte urbana e grafite, interven\u00e7\u00f5es visuais, gastronomia, moda alternativa e projetos criativos \u2013 e tamb\u00e9m espa\u00e7os\u00a0<em>kids<\/em>,\u00a0<em>pet friendly<\/em>\u00a0e ambiente inclusivo para todas as idades.<\/p>\n<p>Palestras,\u00a0<em>talks\u00a0<\/em>e experi\u00eancias sensoriais ser\u00e3o realizadas nos dois dias \u2014 sendo a novidade do ano o primeiro sal\u00e3o dedicado a neg\u00f3cios e projetos sobre o uso de psicod\u00e9licos na medicina no Brasil. Uma \u00e1rea voltada a expositores e encontros para trocas sobre inova\u00e7\u00e3o, saberes e comunidade.<\/p>\n<p><strong data-olk-copy-source=\"MessageBody\">Programa\u00e7\u00e3o Psychedelic Talks \u2013 Ancestralidade, ci\u00eancia e sa\u00fade<\/strong><\/p>\n<p><strong>S\u00e1bado \u2013 11\/10<\/strong><\/p>\n<p><strong>13h \u2013 Renascimento psicod\u00e9lico: vis\u00f5es amaz\u00f4nicas e vozes ind\u00edgenas rumo \u00e0 COP30<\/strong><\/p>\n<p>A globaliza\u00e7\u00e3o da ayahuasca est\u00e1 em alta, mas e os povos da floresta, como ficam nessa hist\u00f3ria? Nesse bate-papo, lideran\u00e7as ind\u00edgenas, especialistas e pesquisadores\/as falam sobre os impactos do turismo psicod\u00e9lico, os riscos da apropria\u00e7\u00e3o cultural e o protagonismo ind\u00edgena nas discuss\u00f5es clim\u00e1ticas rumo \u00e0 COP30.<\/p>\n<p><strong>15h \u2013 Integra\u00e7\u00e3o psicod\u00e9lica: entre ci\u00eancia, terapia e espiritualidade<\/strong><\/p>\n<p>Como criar pontes seguras entre espiritualidade, ci\u00eancia e terapia? Aqui, o foco \u00e9 a pr\u00e1tica da integra\u00e7\u00e3o psicod\u00e9lica: boas pr\u00e1ticas, limites, \u00e9tica e acolhimento nos diferentes contextos de uso. Um papo cabe\u00e7a e cora\u00e7\u00e3o.<\/p>\n<p><strong>17h \u2013 Legaliza\u00e7\u00e3o, SUS e pol\u00edticas p\u00fablicas para psicod\u00e9licos<\/strong><\/p>\n<p>A pesquisa est\u00e1 avan\u00e7ando, mas a burocracia ainda segura os processos. Aqui ser\u00e3o discutidos os entraves legais que limitam o uso ritual e terap\u00eautico de psicod\u00e9licos no Brasil, com o debate sobre a inclus\u00e3o das medicinas tradicionais no SUS, nas PICs e nas pol\u00edticas p\u00fablicas de sa\u00fade.<\/p>\n<p><strong>19h \u2013 Das confer\u00eancias ind\u00edgenas ao F\u00f3rum Mundial da Ayahuasca<\/strong><\/p>\n<p>Saberes que se ouvem? Ci\u00eancia e tradi\u00e7\u00e3o na mesma roda? D\u00e1 pra fazer pesquisa s\u00e9ria sem silenciar a sabedoria ancestral? Este<em>\u00a0talk<\/em> prop\u00f5e uma escuta intercultural real e reflex\u00f5es sobre como unir ci\u00eancia ocidental e pr\u00e1ticas tradicionais sem apagamento nem apropria\u00e7\u00e3o, a partir da hist\u00f3ria do movimento pol\u00edtico que nasce nas confer\u00eancias ind\u00edgenas da ayahuasca e agora avan\u00e7a para a cria\u00e7\u00e3o de um f\u00f3rum mundial na Espanha, em 2026.<\/p>\n<p><strong>Domingo \u2013 12\/10<\/strong><\/p>\n<p><strong>13h \u2013 Jornalismo psicod\u00e9lico: \u00e9tica, linguagem e liberdade<\/strong><\/p>\n<p>Como cobrir um assunto que transita entre o sagrado, o cient\u00edfico e o ilegal? Jornalistas e comunicadores debatem os dilemas da cobertura psicod\u00e9lica na imprensa e nas redes: \u00e9tica, linguagem, liberdade e responsabilidade na constru\u00e7\u00e3o de uma narrativa honesta.<\/p>\n<p><strong>15h \u2013 Vegetalismo no Brasil: saberes das plantas mestras<\/strong><\/p>\n<p>Direto do Alto Amazonas peruano para o cora\u00e7\u00e3o do Brasil: o vegetalismo t\u00e1 florescendo por aqui. Ser\u00e3o apresentados os caminhos das plantas mestras por pessoas que vivem essa jornada espiritual.<\/p>\n<p><strong>17h \u2013 Arte vision\u00e1ria: pintando o invis\u00edvel<\/strong><\/p>\n<p>De Pablo Amaringo \u00e0s artes ind\u00edgenas Shipibo, Huni Kuin, a arte inspirada pela ayahuasca conecta o presente com outros planos e hist\u00f3rias. Um mergulho nos s\u00edmbolos, cores e mem\u00f3rias que nascem dos estados expandidos de consci\u00eancia. Esta mesa vai homenagear o xam\u00e3 e artista Pablo Amaringo, al\u00e9m de relembrar e celebrar sua obra.<\/p>\n<p><strong>19h \u2013 Do LSD ao rap\u00e9: a jornada psicod\u00e9lica da contracultura ao novo xamanismo<\/strong><br \/>Dos rituais ancestrais \u00e0 explos\u00e3o da contracultura nos anos 1960. Dos festivais psicod\u00e9licos \u00e0s cl\u00ednicas urbanas. Esta mesa prop\u00f5e uma viagem pelos caminhos da psicodelia at\u00e9 os usos atuais, com seus rituais contempor\u00e2neos, desafios \u00e9ticos e novas formas de espiritualidade em tempos de populariza\u00e7\u00e3o dos ente\u00f3genos.<\/p>\n<p><strong>LEIA TAMB\u00c9M:<\/strong><\/p>\n<blockquote class=\"amdb-polls\" contenteditable=\"false\" data-sid=\"\/polls\/14\/embed\/\">\n<p>Qual foi o melhor filme de 2025 at\u00e9 agora? Vote no seu favorito!<\/p>\n<ul>\n<li>Anora<\/li>\n<li>Conclave<\/li>\n<li>Flow<\/li>\n<li>O Brutalista<\/li>\n<li>Mickey 17<\/li>\n<li>Vit\u00f3ria<\/li>\n<li>Pecadores<\/li>\n<li>Thunderbolts*<\/li>\n<li>Homem com H<\/li>\n<li>Karat\u00ea Kid: Lendas<\/li>\n<li>Premoni\u00e7\u00e3o 6: La\u00e7os de Sangue<\/li>\n<li>Miss\u00e3o: Imposs\u00edvel &#8211; O Acerto Final<\/li>\n<li>Como Treinar o Seu Drag\u00e3o<\/li>\n<li>Exterm\u00ednio: A Evolu\u00e7\u00e3o<\/li>\n<li>F1: O Filme<\/li>\n<li>Superman<\/li>\n<li>Eu Sei o que Voc\u00eas Fizeram no Ver\u00e3o Passado<\/li>\n<li>Cazuza, Boas Novas<\/li>\n<li>Cloud \u2013 Nuvem de Vingan\u00e7a<\/li>\n<li>Quarteto Fant\u00e1stico: Primeiros Passos<\/li>\n<\/ul>\n<\/blockquote>\n<\/div>\n<p><br \/>\n<br \/>Fonte: <a href=\"https:\/\/rollingstone.com.br\/musica\/3-edicao-do-festival-hibrido-apresentara-show-em-formato-acustico-do-ira-folk\/\">rollingstone.com.br<\/a><\/p>\n","protected":false},"excerpt":{"rendered":"<p>Nos dias 11 e 12 de outubro, acontece o\u00a0Festival H\u00edbrido, a primeira plataforma da capital paulista a conectar o empreendedorismo can\u00e1bico e derivados como c\u00e2nhamo, medicinal,\u00a0heads shops\u00a0e grandes\u00a0players\u00a0do setor \u00e0 economia verde. Com a novidade de incluir os psicod\u00e9licos em sua programa\u00e7\u00e3o, o evento ter\u00e1 a apresenta\u00e7\u00e3o em formato ac\u00fastico da banda\u00a0Ira! Folk\u00a0como\u00a0headliner, no seu [&hellip;]<\/p>\n","protected":false},"author":5,"featured_media":32995,"comment_status":"open","ping_status":"open","sticky":false,"template":"","format":"standard","meta":{"_seopress_robots_primary_cat":"","_seopress_titles_title":"","_seopress_titles_desc":"","_seopress_robots_index":"","footnotes":""},"categories":[51],"tags":[],"class_list":["post-32994","post","type-post","status-publish","format-standard","has-post-thumbnail","hentry","category-musica"],"_links":{"self":[{"href":"https:\/\/mussicom.com\/noticias\/wp-json\/wp\/v2\/posts\/32994","targetHints":{"allow":["GET"]}}],"collection":[{"href":"https:\/\/mussicom.com\/noticias\/wp-json\/wp\/v2\/posts"}],"about":[{"href":"https:\/\/mussicom.com\/noticias\/wp-json\/wp\/v2\/types\/post"}],"author":[{"embeddable":true,"href":"https:\/\/mussicom.com\/noticias\/wp-json\/wp\/v2\/users\/5"}],"replies":[{"embeddable":true,"href":"https:\/\/mussicom.com\/noticias\/wp-json\/wp\/v2\/comments?post=32994"}],"version-history":[{"count":0,"href":"https:\/\/mussicom.com\/noticias\/wp-json\/wp\/v2\/posts\/32994\/revisions"}],"wp:featuredmedia":[{"embeddable":true,"href":"https:\/\/mussicom.com\/noticias\/wp-json\/wp\/v2\/media\/32995"}],"wp:attachment":[{"href":"https:\/\/mussicom.com\/noticias\/wp-json\/wp\/v2\/media?parent=32994"}],"wp:term":[{"taxonomy":"category","embeddable":true,"href":"https:\/\/mussicom.com\/noticias\/wp-json\/wp\/v2\/categories?post=32994"},{"taxonomy":"post_tag","embeddable":true,"href":"https:\/\/mussicom.com\/noticias\/wp-json\/wp\/v2\/tags?post=32994"}],"curies":[{"name":"wp","href":"https:\/\/api.w.org\/{rel}","templated":true}]}}