{"id":32978,"date":"2025-07-28T16:46:36","date_gmt":"2025-07-28T19:46:36","guid":{"rendered":"https:\/\/mussicom.com\/o-unico-erro-historico-da-serie-de-raul-seixas-segundo-paulo-coelho\/"},"modified":"2025-07-28T16:46:36","modified_gmt":"2025-07-28T19:46:36","slug":"o-unico-erro-historico-da-serie-de-raul-seixas-segundo-paulo-coelho","status":"publish","type":"post","link":"https:\/\/mussicom.com\/noticias\/o-unico-erro-historico-da-serie-de-raul-seixas-segundo-paulo-coelho\/","title":{"rendered":"O \u00fanico erro hist\u00f3rico da s\u00e9rie de Raul Seixas, segundo Paulo Coelho"},"content":{"rendered":"<p> <br \/>\n<\/p>\n<div>\n<p><strong>Paulo Coelho<\/strong> j\u00e1 assistiu \u00e0 s\u00e9rie <em><strong>Raul Seixas: Eu Sou<\/strong><\/em>, original da <strong>Globoplay<\/strong>, e gostou do que viu. O escritor brasileiro, um dos grandes parceiros de Raul na d\u00e9cada de 1970 e atualmente radicado na <strong>Su\u00ed\u00e7a<\/strong>, aprovou o resultado final da obra, a qual avaliou como &#8220;muito fiel&#8221;.<\/p>\n<p>No entanto, Paulo faz uma ressalva. Segundo ele, h\u00e1 um \u00fanico erro hist\u00f3rico no roteiro, referente ao per\u00edodo da ditadura militar no <strong>Brasil<\/strong>. Em entrevista a Edgardo Martolio e Luis Maluf para a <strong>Rolling Stone Brasil<\/strong>, ele explicou:<\/p>\n<blockquote class=\"citacao\"><p><em>&#8220;Quando sa\u00ed da pris\u00e3o, n\u00e3o fui \u00e0 casa do Raul, ao contr\u00e1rio. Todo mundo sumiu naquela \u00e9poca&#8230; Mas, pelo resto, foi muito fiel, at\u00e9 a coisa do telefonema \u00e9 verdade.&#8221;<\/em><\/p><\/blockquote>\n<figure class=\"image\"><figcaption>Paulo Coelho &#8211; Foto: Matej Divizna \/ Getty Images<\/figcaption><\/figure>\n<p>O escritor conta que se emocionou ao assistir \u00e0 s\u00e9rie:<\/p>\n<blockquote class=\"citacao\"><p><em>&#8220;Nesses anos que passei com o Raul, vivi muito. Quer dizer, sempre vivi muito. N\u00e3o tenho do que me queixar com o Paulo que j\u00e1 deu mais de uma vez uma volta no mundo. Comecei a chorar.&#8221;<\/em><\/p><\/blockquote>\n<p>Paulo Coelha acrescenta:<\/p>\n<blockquote class=\"citacao\"><p><em>&#8220;A empregada que estava em casa perguntou: &#8216;Est\u00e1 chorando por qu\u00ea?&#8217; Eu disse: &#8216;Porque acabei de ver a s\u00e9rie, ali\u00e1s, voc\u00ea tem que ver&#8217;. A\u00ed ela disse: &#8216;Ah, vou ver&#8217;. Acho que n\u00e3o viu at\u00e9 hoje. Mas foi muito emocionante.&#8221;<\/em><\/p><\/blockquote>\n<h3>Paulo Coelho e Raul Seixas<\/h3>\n<p>Nos anos 1970, Paulo Coelho protagonizou uma grande parceria com Raul Seixas e coescreveu algumas das m\u00fasicas mais famosas do Maluco Beleza, como <strong>&#8220;Eu Nasci H\u00e1 Dez Mil Anos Atr\u00e1s&#8221;<\/strong>, <strong>&#8220;Medo da Chuva&#8221;<\/strong>, <strong>&#8220;Sociedade Alternativa&#8221;<\/strong>, <strong>&#8220;Tente Outra Vez&#8221;<\/strong> e <strong>&#8220;G\u00eet\u00e2&#8221;<\/strong>.<\/p>\n<h3>Sobre a s\u00e9rie<\/h3>\n<p><em><strong>Raul Seixas: Eu sou<\/strong><\/em> estreou no dia 26 de junho de 2025, direto no streaming. Estrelada por <strong>Ravel Andrade<\/strong>, a s\u00e9rie conta com oito epis\u00f3dios e percorre as d\u00e9cadas de 1970 e 1980, per\u00edodo mais intenso da carreira de Raul.<\/p>\n<p><strong>+++ LEIA MAIS: Paulo Coelho: \u201cO que matou Raul Seixas \u00e9 a \u00fanica droga liberada, o \u00e1lcool\u201d<\/strong><br \/><strong>+++ LEIA MAIS: As obras que fizeram Raul Seixas ser torturado pela ditadura<\/strong><br \/><strong>+++ LEIA MAIS: Nova s\u00e9rie &#8216;Raul Seixas: Eu Sou&#8217; tem in\u00edcio arrastado, falho e caricato<\/strong><\/p>\n<\/div>\n<p><br \/>\n<br \/>Fonte: <a href=\"https:\/\/rollingstone.com.br\/entretenimento\/o-unico-erro-historico-da-serie-de-raul-seixas-segundo-paulo-coelho\/\">rollingstone.com.br<\/a><\/p>\n","protected":false},"excerpt":{"rendered":"<p>Paulo Coelho j\u00e1 assistiu \u00e0 s\u00e9rie Raul Seixas: Eu Sou, original da Globoplay, e gostou do que viu. O escritor brasileiro, um dos grandes parceiros de Raul na d\u00e9cada de 1970 e atualmente radicado na Su\u00ed\u00e7a, aprovou o resultado final da obra, a qual avaliou como &#8220;muito fiel&#8221;. No entanto, Paulo faz uma ressalva. Segundo [&hellip;]<\/p>\n","protected":false},"author":5,"featured_media":32979,"comment_status":"open","ping_status":"open","sticky":false,"template":"","format":"standard","meta":{"_seopress_robots_primary_cat":"","_seopress_titles_title":"","_seopress_titles_desc":"","_seopress_robots_index":"","footnotes":""},"categories":[51],"tags":[],"class_list":["post-32978","post","type-post","status-publish","format-standard","has-post-thumbnail","hentry","category-musica"],"_links":{"self":[{"href":"https:\/\/mussicom.com\/noticias\/wp-json\/wp\/v2\/posts\/32978","targetHints":{"allow":["GET"]}}],"collection":[{"href":"https:\/\/mussicom.com\/noticias\/wp-json\/wp\/v2\/posts"}],"about":[{"href":"https:\/\/mussicom.com\/noticias\/wp-json\/wp\/v2\/types\/post"}],"author":[{"embeddable":true,"href":"https:\/\/mussicom.com\/noticias\/wp-json\/wp\/v2\/users\/5"}],"replies":[{"embeddable":true,"href":"https:\/\/mussicom.com\/noticias\/wp-json\/wp\/v2\/comments?post=32978"}],"version-history":[{"count":0,"href":"https:\/\/mussicom.com\/noticias\/wp-json\/wp\/v2\/posts\/32978\/revisions"}],"wp:featuredmedia":[{"embeddable":true,"href":"https:\/\/mussicom.com\/noticias\/wp-json\/wp\/v2\/media\/32979"}],"wp:attachment":[{"href":"https:\/\/mussicom.com\/noticias\/wp-json\/wp\/v2\/media?parent=32978"}],"wp:term":[{"taxonomy":"category","embeddable":true,"href":"https:\/\/mussicom.com\/noticias\/wp-json\/wp\/v2\/categories?post=32978"},{"taxonomy":"post_tag","embeddable":true,"href":"https:\/\/mussicom.com\/noticias\/wp-json\/wp\/v2\/tags?post=32978"}],"curies":[{"name":"wp","href":"https:\/\/api.w.org\/{rel}","templated":true}]}}