{"id":32869,"date":"2025-07-28T09:39:11","date_gmt":"2025-07-28T12:39:11","guid":{"rendered":"https:\/\/mussicom.com\/pacificador-busca-a-paz-em-outra-realidade-no-novo-trailer-da-2a-temporada-da-serie\/"},"modified":"2025-07-28T09:39:11","modified_gmt":"2025-07-28T12:39:11","slug":"pacificador-busca-a-paz-em-outra-realidade-no-novo-trailer-da-2a-temporada-da-serie","status":"publish","type":"post","link":"https:\/\/mussicom.com\/noticias\/pacificador-busca-a-paz-em-outra-realidade-no-novo-trailer-da-2a-temporada-da-serie\/","title":{"rendered":"Pacificador busca a paz em outra realidade no novo trailer da 2\u00aa temporada da s\u00e9rie"},"content":{"rendered":"<p> <br \/>\n<\/p>\n<div>\n<p>A HBO Max divulgou um novo trailer da\u00a0segunda temporada de\u00a0<strong><em>Pacificador<\/em><\/strong>, um dos poucos projetos do antigo Universo Estendido DC (DCEU) a ser mantido na nova fase da franquia, agora comandada por <strong>James Gunn<\/strong>\u00a0\u2014 diretor de <strong><em>Superman<\/em><\/strong>, longa de estreia do Universo Cinematogr\u00e1fico da DC (DCU) \u2014 e <strong>Peter Safran<\/strong>.<\/p>\n<h4><strong>O que esperar da segunda temporada de\u00a0<em>Pacificador<\/em>?<\/strong><\/h4>\n<p>Estrelada por\u00a0<strong>John Cena<\/strong>(<em>Ch<\/em><em>efes de Estado<\/em>) na pele de\u00a0<strong>Christopher Smith<\/strong>, o <strong>Pacificador<\/strong>, a s\u00e9rie acompanha o controverso her\u00f3i, que tenta manter a paz acima de tudo, sem se importar com quantas pessoas ter\u00e1 que matar para isso.<\/p>\n<p>Nos novos epis\u00f3dios, em sua jornada para se tornar um her\u00f3i de verdade,\u00a0<strong>Pacificador<\/strong> descobre uma realidade alternativa, onde a sua vida \u00e9 perfeita. Por\u00e9m, <strong>Rick Flag Sr.<\/strong> (<strong>Frank Grillo<\/strong>, <em>Capit\u00e3o Am\u00e9rica: O Soldado Invernal<\/em>) est\u00e1 em sua cola para se vingar do assassinato de seu filho, <strong>coronel Rick Flag<\/strong> (<strong>Joel Kinnaman<\/strong>, <em>O Sil\u00eancio da Vingan\u00e7a<\/em>), cometido pelo <strong>Pacificador<\/strong>.<\/p>\n<h4><strong>Quando estreia a segunda temporada de\u00a0<em>Pacificador<\/em>?<\/strong><\/h4>\n<p data-mrf-recirculation=\".Corpo do artigo\">Criada, roteirizada, produzida e dirigida por <strong>James Gunn<\/strong> (<em>Guardi\u00f5es da Gal\u00e1xia<\/em>), a segunda temporada de\u00a0<em><strong>Pacificador<\/strong><\/em>estreia\u00a0<strong>em 21 de agosto<\/strong>, com epis\u00f3dios lan\u00e7ados semanalmente na HBO Max. Assista ao trailer da novidade a seguir:<\/p>\n<p><iframe title=\"Pacificador Temporada 2 | Trailer Legendado | HBO Max\" width=\"800\" height=\"450\" src=\"https:\/\/www.youtube.com\/embed\/7h0nu-FSp_g?feature=oembed\" frameborder=\"0\" allow=\"accelerometer; autoplay; clipboard-write; encrypted-media; gyroscope; picture-in-picture; web-share\" referrerpolicy=\"strict-origin-when-cross-origin\" allowfullscreen><\/iframe><\/p>\n<p><strong>LEIA TAMB\u00c9M:<\/strong><em>Superman<\/em> vs <em>Quarteto Fant\u00e1stico: Primeiros Passos<\/em>: qual \u00e9 o melhor filme, de acordo com a cr\u00edtica especializada?<\/p>\n<blockquote class=\"amdb-polls\" contenteditable=\"false\" data-sid=\"\/polls\/14\/embed\/\">\n<p>Qual foi o melhor filme de 2025 at\u00e9 agora? Vote no seu favorito!<\/p>\n<ul>\n<li>Anora<\/li>\n<li>Conclave<\/li>\n<li>Acompanhante Perfeita<\/li>\n<li>Flow<\/li>\n<li>O Brutalista<\/li>\n<li>Mickey 17<\/li>\n<li>Vit\u00f3ria<\/li>\n<li>Pecadores<\/li>\n<li>Thunderbolts*<\/li>\n<li>Homem com H<\/li>\n<li>Karat\u00ea Kid: Lendas<\/li>\n<li>Premoni\u00e7\u00e3o 6: La\u00e7os de Sangue<\/li>\n<li>Lilo &amp; Stitch<\/li>\n<li>Miss\u00e3o: Imposs\u00edvel &#8211; O Acerto Final<\/li>\n<li>Como Treinar o Seu Drag\u00e3o<\/li>\n<li>Exterm\u00ednio: A Evolu\u00e7\u00e3o<\/li>\n<li>Elio<\/li>\n<li>F1: O Filme<\/li>\n<li>Jurassic World: Recome\u00e7o<\/li>\n<li>Superman<\/li>\n<\/ul>\n<\/blockquote>\n<\/div>\n<p><br \/>\n<br \/>Fonte: <a href=\"https:\/\/rollingstone.com.br\/entretenimento\/pacificador-segunda-temporada-novo-trailer\/\">rollingstone.com.br<\/a><\/p>\n","protected":false},"excerpt":{"rendered":"<p>A HBO Max divulgou um novo trailer da\u00a0segunda temporada de\u00a0Pacificador, um dos poucos projetos do antigo Universo Estendido DC (DCEU) a ser mantido na nova fase da franquia, agora comandada por James Gunn\u00a0\u2014 diretor de Superman, longa de estreia do Universo Cinematogr\u00e1fico da DC (DCU) \u2014 e Peter Safran. O que esperar da segunda temporada [&hellip;]<\/p>\n","protected":false},"author":5,"featured_media":32870,"comment_status":"open","ping_status":"open","sticky":false,"template":"","format":"standard","meta":{"_seopress_robots_primary_cat":"","_seopress_titles_title":"","_seopress_titles_desc":"","_seopress_robots_index":"","footnotes":""},"categories":[51],"tags":[],"class_list":["post-32869","post","type-post","status-publish","format-standard","has-post-thumbnail","hentry","category-musica"],"_links":{"self":[{"href":"https:\/\/mussicom.com\/noticias\/wp-json\/wp\/v2\/posts\/32869","targetHints":{"allow":["GET"]}}],"collection":[{"href":"https:\/\/mussicom.com\/noticias\/wp-json\/wp\/v2\/posts"}],"about":[{"href":"https:\/\/mussicom.com\/noticias\/wp-json\/wp\/v2\/types\/post"}],"author":[{"embeddable":true,"href":"https:\/\/mussicom.com\/noticias\/wp-json\/wp\/v2\/users\/5"}],"replies":[{"embeddable":true,"href":"https:\/\/mussicom.com\/noticias\/wp-json\/wp\/v2\/comments?post=32869"}],"version-history":[{"count":0,"href":"https:\/\/mussicom.com\/noticias\/wp-json\/wp\/v2\/posts\/32869\/revisions"}],"wp:featuredmedia":[{"embeddable":true,"href":"https:\/\/mussicom.com\/noticias\/wp-json\/wp\/v2\/media\/32870"}],"wp:attachment":[{"href":"https:\/\/mussicom.com\/noticias\/wp-json\/wp\/v2\/media?parent=32869"}],"wp:term":[{"taxonomy":"category","embeddable":true,"href":"https:\/\/mussicom.com\/noticias\/wp-json\/wp\/v2\/categories?post=32869"},{"taxonomy":"post_tag","embeddable":true,"href":"https:\/\/mussicom.com\/noticias\/wp-json\/wp\/v2\/tags?post=32869"}],"curies":[{"name":"wp","href":"https:\/\/api.w.org\/{rel}","templated":true}]}}