{"id":32862,"date":"2025-07-28T08:53:57","date_gmt":"2025-07-28T11:53:57","guid":{"rendered":"https:\/\/mussicom.com\/ex-presidente-do-senado-diz-que-grupo-de-bolsonaro-nao-propoe-nada-de-util\/"},"modified":"2025-07-28T08:53:57","modified_gmt":"2025-07-28T11:53:57","slug":"ex-presidente-do-senado-diz-que-grupo-de-bolsonaro-nao-propoe-nada-de-util","status":"publish","type":"post","link":"https:\/\/mussicom.com\/noticias\/ex-presidente-do-senado-diz-que-grupo-de-bolsonaro-nao-propoe-nada-de-util\/","title":{"rendered":"Ex-presidente do Senado diz que grupo de Bolsonaro \u201cn\u00e3o prop\u00f5e nada de \u00fatil\u201d"},"content":{"rendered":"<p> <br \/>\n<\/p>\n<div>\n<p class=\"postParagraph_post-paragraph-innerHtml__Q5vwc\">O senador Rodrigo Pacheco (PSD-MG), que ocupou a presid\u00eancia do Senado na segunda metade do governo de Jair Bolsonaro (PL), saiu no ataque ao grupo pol\u00edtico do ex-presidente afirmando que \u201cn\u00e3o prop\u00f5e nada de relevante e \u00fatil\u201d.<\/p>\n<p class=\"postParagraph_post-paragraph-innerHtml__Q5vwc\">A cr\u00edtica foi feita neste domingo (27) dias ap\u00f3s participar de um evento em Minas Gerais com o presidente Luiz In\u00e1cio Lula da Silva (PT), seu aliado pol\u00edtico e que j\u00e1 declarou publicamente de querer t\u00ea-lo como candidato ao governo estadual nas elei\u00e7\u00f5es de 2026.<\/p>\n<p class=\"postParagraph_post-paragraph-innerHtml__Q5vwc\">\u201cConvivo com este tom agressivo da extrema direita desde antes de ser presidente do Senado. Nunca abaixei a cabe\u00e7a para esse grupo, que s\u00f3 faz gritar e agredir. N\u00e3o prop\u00f5e nada de relevante e \u00fatil\u201d, disse Pacheco em entrevista \u00e0 <em>CNN Brasil<\/em>.<\/p>\n<div class=\"postViewMore_post-view-more-container___5wai\" data-mrf-recirculation=\"Post - Veja tamb\u00e9m\">\n<p class=\"gp-styles-module-size-small-afeYRa gp-styles-module-font-family2-afeYRa gp-styles-module-color-secondary-afeYRa gp-styles-module-weight-bold-afeYRa\">VEJA TAMB\u00c9M:<\/p>\n<ul class=\"postViewMore_post-view-more-list__CU_CE\">\n<li class=\"postViewMore_post-view-more-item__2MzRb\">\n<div class=\"postViewMore_post-view-more-image__5gUSe\"><picture class=\"imageDefault_image-container__XGd8_\"><\/picture><\/div>\n<p>Tarifa\u00e7o de Trump escancara isolamento do Brasil e deixa duras li\u00e7\u00f5es ao pa\u00eds<\/li>\n<\/ul>\n<\/div>\n<p class=\"postParagraph_post-paragraph-innerHtml__Q5vwc\">No evento com Lula em Minas Gerais, Pacheco se colocou contra uma anistia \u201campla, geral e irrestrita\u201d aos envolvidos nos atos de 8 de janeiro de 2023 e teceu duras cr\u00edticas aos aliados de Bolsonaro.<\/p>\n<p class=\"postParagraph_post-paragraph__juWZN\">\u201cOs mesmos que negam a democracia, hoje pretendem uma anistia geral e irrestrita, que deve enfrentar resist\u00eancia de cada um de n\u00f3s, homens p\u00fablicos respons\u00e1veis\u201d, afirmou no discurso.<\/p>\n<p class=\"postParagraph_post-paragraph-innerHtml__Q5vwc\">O tema da anistia voltou aos holofotes ap\u00f3s o deputado federal Eduardo Bolsonaro (PL-SP) afirmar, na semana passada, que poderia ser uma condicionante para o presidente dos Estados Unidos, Donald Trump, suspender o tarifa\u00e7o de 50% sobre os produtos brasileiros que entra em vigor na pr\u00f3xima sexta-feira (1\u00ba).<\/p>\n<p class=\"postParagraph_post-paragraph__juWZN\">Pacheco afirmou que a fala no evento em Minas Gerais foi uma \u201cdefesa da democracia\u201d e que essa postura \u201cdeveria ser obriga\u00e7\u00e3o de todos, esquerda, centro e direita\u201d.<\/p>\n<p class=\"postParagraph_post-paragraph__juWZN\">Os ataques, no entanto, foram al\u00e9m e Pacheco afirmou ser \u201cum tanto preocupado com o obscurantismo, o negacionismo, o radicalismo, o fundamentalismo\u201d.<\/p>\n<p class=\"postParagraph_post-paragraph__juWZN\">\u201cTodos n\u00f3s temos compromisso com a democracia do pa\u00eds, que foi sim vilipendiada e atacada nos anos de 2022 e in\u00edcio de 2023. Isso precisa ser dito porque todos n\u00f3s precisamos resistir, presidente Lula, e enfrentar esse movimento que existe. Os mesmos que negaram a democracia, negaram a ci\u00eancia na pandemia e negaram vacina ao povo brasileiro, e mais de 700 mil pessoas morreram\u201d, afirmou.<\/p>\n<p class=\"postParagraph_post-paragraph__juWZN\">O ex-presidente do Senado frequentemente \u00e9 elogiado por Lula em eventos que participa em Minas Gerais \u2013 principalmente naqueles em que o governador Romeu Zema (Novo-MG) n\u00e3o comparece. Pacheco e Zema s\u00e3o advers\u00e1rios pol\u00edticos no estado.<\/p>\n<\/div>\n<p><br \/>\n<br \/>Fonte: <a href=\"https:\/\/www.gazetadopovo.com.br\/republica\/ex-presidente-senado-grupo-bolsonaro-nao-propoe-nada-de-util\/\">Revista Oeste<\/a><\/p>\n","protected":false},"excerpt":{"rendered":"<p>O senador Rodrigo Pacheco (PSD-MG), que ocupou a presid\u00eancia do Senado na segunda metade do governo de Jair Bolsonaro (PL), saiu no ataque ao grupo pol\u00edtico do ex-presidente afirmando que \u201cn\u00e3o prop\u00f5e nada de relevante e \u00fatil\u201d. A cr\u00edtica foi feita neste domingo (27) dias ap\u00f3s participar de um evento em Minas Gerais com o [&hellip;]<\/p>\n","protected":false},"author":5,"featured_media":32863,"comment_status":"open","ping_status":"open","sticky":false,"template":"","format":"standard","meta":{"_seopress_robots_primary_cat":"","_seopress_titles_title":"","_seopress_titles_desc":"","_seopress_robots_index":"","footnotes":""},"categories":[1],"tags":[],"class_list":["post-32862","post","type-post","status-publish","format-standard","has-post-thumbnail","hentry","category-ultimas-noticias"],"_links":{"self":[{"href":"https:\/\/mussicom.com\/noticias\/wp-json\/wp\/v2\/posts\/32862","targetHints":{"allow":["GET"]}}],"collection":[{"href":"https:\/\/mussicom.com\/noticias\/wp-json\/wp\/v2\/posts"}],"about":[{"href":"https:\/\/mussicom.com\/noticias\/wp-json\/wp\/v2\/types\/post"}],"author":[{"embeddable":true,"href":"https:\/\/mussicom.com\/noticias\/wp-json\/wp\/v2\/users\/5"}],"replies":[{"embeddable":true,"href":"https:\/\/mussicom.com\/noticias\/wp-json\/wp\/v2\/comments?post=32862"}],"version-history":[{"count":0,"href":"https:\/\/mussicom.com\/noticias\/wp-json\/wp\/v2\/posts\/32862\/revisions"}],"wp:featuredmedia":[{"embeddable":true,"href":"https:\/\/mussicom.com\/noticias\/wp-json\/wp\/v2\/media\/32863"}],"wp:attachment":[{"href":"https:\/\/mussicom.com\/noticias\/wp-json\/wp\/v2\/media?parent=32862"}],"wp:term":[{"taxonomy":"category","embeddable":true,"href":"https:\/\/mussicom.com\/noticias\/wp-json\/wp\/v2\/categories?post=32862"},{"taxonomy":"post_tag","embeddable":true,"href":"https:\/\/mussicom.com\/noticias\/wp-json\/wp\/v2\/tags?post=32862"}],"curies":[{"name":"wp","href":"https:\/\/api.w.org\/{rel}","templated":true}]}}