{"id":32810,"date":"2025-07-27T21:23:55","date_gmt":"2025-07-28T00:23:55","guid":{"rendered":"https:\/\/mussicom.com\/trump-fecha-acordo-comercial-com-uniao-europeia-de-15\/"},"modified":"2025-07-27T21:23:55","modified_gmt":"2025-07-28T00:23:55","slug":"trump-fecha-acordo-comercial-com-uniao-europeia-de-15","status":"publish","type":"post","link":"https:\/\/mussicom.com\/noticias\/trump-fecha-acordo-comercial-com-uniao-europeia-de-15\/","title":{"rendered":"Trump fecha acordo comercial com Uni\u00e3o Europeia de 15%"},"content":{"rendered":"<p> <br \/>\n<\/p>\n<div>\n<p class=\"postParagraph_post-paragraph__juWZN\">Durante encontro realizado neste domingo (27) na Esc\u00f3cia, o presidente dos Estados Unidos, Donald Trump, anunciou um novo acordo comercial com a Uni\u00e3o Europeia. Em vez dos 30% inicialmente previstos, ser\u00e1 aplicada uma tarifa de 15% sobre as exporta\u00e7\u00f5es do bloco europeu aos EUA.<\/p>\n<p class=\"postParagraph_post-paragraph__juWZN\">A reuni\u00e3o foi realizada com a presidente da Comiss\u00e3o Europeia, Ursula von der Leyen. Segundo Trump, o pacto inclui um investimento europeu de US$ 600 bilh\u00f5es nos Estados Unidos \u2014 sendo US$ 150 bilh\u00f5es destinados ao setor de energia e outra parcela significativa voltada \u00e0 \u00e1rea de defesa.<\/p>\n<p class=\"postParagraph_post-paragraph__juWZN\">\u201cEsse \u00e9 o maior acordo comercial j\u00e1 fechado entre n\u00f3s\u201d, afirmou Trump, destacando que o mercado europeu continuar\u00e1 sendo estrat\u00e9gico, mas exigir\u00e1 reciprocidade nas trocas.<\/p>\n<p class=\"postParagraph_post-paragraph__juWZN\">O presidente americano ressaltou ainda que, em caso de formaliza\u00e7\u00e3o do pacto, as tarifas deixar\u00e3o de ser um ponto de atrito entre as partes. Ele tamb\u00e9m indicou que medicamentos devem ser exclu\u00eddos da lista de produtos tarifados. &#8220;Se acordo houver, esse ser\u00e1 o fim da discuss\u00e3o sobre tarifas com a Uni\u00e3o Europeia&#8221;, disse.<\/p>\n<p class=\"postParagraph_post-paragraph__juWZN\">Questionado por jornalistas, ap\u00f3s a reuni\u00e3o, se os 15% poderiam ser reduzidos, Trump respondeu: \u201cSe por melhor voc\u00ea quer dizer menor, ent\u00e3o n\u00e3o.\u201d O republicano ainda classificou o bloco europeu como um \u201cmercado muito fechado\u201d, especialmente em rela\u00e7\u00e3o a autom\u00f3veis e produtos agr\u00edcolas dos EUA.<\/p>\n<h2 class=\"postParagraph_post-paragraph__juWZN postParagraph_type-tag-h2__TtFkT\">Von der Leyen: \u201cTrump \u00e9 um negociador duro\u201d<\/h2>\n<p class=\"postParagraph_post-paragraph__juWZN\">Segundo a ag\u00eancia France Presse, o com\u00e9rcio anual entre Estados Unidos e Uni\u00e3o Europeia movimenta cerca de US$ 1,9 trilh\u00e3o em bens e servi\u00e7os. O acerto, se confirmado, ainda precisar\u00e1 ser aprovado pelos 27 Estados-membros do bloco, cujos representantes devem se reunir ainda neste domingo.<\/p>\n<p class=\"postParagraph_post-paragraph__juWZN\">A presidente da Comiss\u00e3o Europeia, Ursula von der Leyen, elogiou a postura firme do presidente norte-americano: \u201cTrump \u00e9 um negociador duro, mas se chegarmos a um entendimento, ser\u00e1 o maior acordo j\u00e1 alcan\u00e7ado por ambos os lados.\u201d<\/p>\n<p class=\"postParagraph_post-paragraph__juWZN\">Trump tamb\u00e9m sinalizou avan\u00e7os com outros parceiros. Segundo o presidente, os EUA est\u00e3o pr\u00f3ximos de fechar um acordo com a China e iniciaram conversas com Camboja e Tail\u00e2ndia para discutir termos tarif\u00e1rios.<\/p>\n<\/div>\n<p><br \/>\n<br \/>Fonte: <a href=\"https:\/\/www.gazetadopovo.com.br\/mundo\/trump-fecha-acordo-comercial-com-uniao-europeia-e-anuncia-tarifa-de-15-o-maior-ja-feito\/\">Revista Oeste<\/a><\/p>\n","protected":false},"excerpt":{"rendered":"<p>Durante encontro realizado neste domingo (27) na Esc\u00f3cia, o presidente dos Estados Unidos, Donald Trump, anunciou um novo acordo comercial com a Uni\u00e3o Europeia. Em vez dos 30% inicialmente previstos, ser\u00e1 aplicada uma tarifa de 15% sobre as exporta\u00e7\u00f5es do bloco europeu aos EUA. A reuni\u00e3o foi realizada com a presidente da Comiss\u00e3o Europeia, Ursula [&hellip;]<\/p>\n","protected":false},"author":5,"featured_media":32811,"comment_status":"open","ping_status":"open","sticky":false,"template":"","format":"standard","meta":{"_seopress_robots_primary_cat":"","_seopress_titles_title":"","_seopress_titles_desc":"","_seopress_robots_index":"","footnotes":""},"categories":[48],"tags":[],"class_list":["post-32810","post","type-post","status-publish","format-standard","has-post-thumbnail","hentry","category-internacional"],"_links":{"self":[{"href":"https:\/\/mussicom.com\/noticias\/wp-json\/wp\/v2\/posts\/32810","targetHints":{"allow":["GET"]}}],"collection":[{"href":"https:\/\/mussicom.com\/noticias\/wp-json\/wp\/v2\/posts"}],"about":[{"href":"https:\/\/mussicom.com\/noticias\/wp-json\/wp\/v2\/types\/post"}],"author":[{"embeddable":true,"href":"https:\/\/mussicom.com\/noticias\/wp-json\/wp\/v2\/users\/5"}],"replies":[{"embeddable":true,"href":"https:\/\/mussicom.com\/noticias\/wp-json\/wp\/v2\/comments?post=32810"}],"version-history":[{"count":0,"href":"https:\/\/mussicom.com\/noticias\/wp-json\/wp\/v2\/posts\/32810\/revisions"}],"wp:featuredmedia":[{"embeddable":true,"href":"https:\/\/mussicom.com\/noticias\/wp-json\/wp\/v2\/media\/32811"}],"wp:attachment":[{"href":"https:\/\/mussicom.com\/noticias\/wp-json\/wp\/v2\/media?parent=32810"}],"wp:term":[{"taxonomy":"category","embeddable":true,"href":"https:\/\/mussicom.com\/noticias\/wp-json\/wp\/v2\/categories?post=32810"},{"taxonomy":"post_tag","embeddable":true,"href":"https:\/\/mussicom.com\/noticias\/wp-json\/wp\/v2\/tags?post=32810"}],"curies":[{"name":"wp","href":"https:\/\/api.w.org\/{rel}","templated":true}]}}