{"id":32609,"date":"2025-07-26T14:09:41","date_gmt":"2025-07-26T17:09:41","guid":{"rendered":"https:\/\/mussicom.com\/juristas-veem-abuso-em-decisao-de-moraes-sobre-acampamentos\/"},"modified":"2025-07-26T14:09:41","modified_gmt":"2025-07-26T17:09:41","slug":"juristas-veem-abuso-em-decisao-de-moraes-sobre-acampamentos","status":"publish","type":"post","link":"https:\/\/mussicom.com\/noticias\/juristas-veem-abuso-em-decisao-de-moraes-sobre-acampamentos\/","title":{"rendered":"Juristas veem abuso em decis\u00e3o de Moraes sobre acampamentos"},"content":{"rendered":"<p> <br \/>\n<\/p>\n<div>\n<p class=\"postParagraph_post-paragraph-innerHtml__Q5vwc\">A decis\u00e3o do ministro Alexandre de Moraes, do Supremo Tribunal Federal (STF), que proibiu mobiliza\u00e7\u00f5es na Pra\u00e7a dos Tr\u00eas Poderes, em Bras\u00edlia, \u00e9 apontada por juristas como mais um exemplo de abuso de autoridade. Em postagem nas redes sociais, o jurista Andr\u00e9 Marsiglia classificou a medida como &#8220;juridicamente errada&#8221; e chamou aten\u00e7\u00e3o para o fato de a ordem ter sido proferida no \u00e2mbito do Inqu\u00e9rito das Fake News (4781).<\/p>\n<p class=\"postParagraph_post-paragraph__juWZN\">\u201cO que essa investiga\u00e7\u00e3o tem a ver com manifesta\u00e7\u00f5es pac\u00edficas em frente ao STF? O epis\u00f3dio apenas refor\u00e7a como tais inqu\u00e9ritos t\u00eam servido de instrumento para que Moraes emita ordens contra qualquer pessoa, em qualquer contexto\u201d, escreveu Marsiglia.<\/p>\n<p class=\"postParagraph_post-paragraph__juWZN\">Ele destacou que o direito de reuni\u00e3o \u00e9 garantido pela Constitui\u00e7\u00e3o Federal (art. 5\u00ba, XVI) e que, quando exercido em local p\u00fablico e de forma pac\u00edfica \u2014 como no caso do acampamento dos deputados \u2014, n\u00e3o exige autoriza\u00e7\u00e3o pr\u00e9via das autoridades. Na avalia\u00e7\u00e3o de Marsiglia, ao ordenar a dispers\u00e3o, Moraes violou esse direito fundamental.<\/p>\n<p class=\"postParagraph_post-paragraph-innerHtml__Q5vwc\">O jurista tamb\u00e9m contestou a amea\u00e7a de pris\u00e3o feita pelo ministro aos parlamentares, lembrando que deputados federais s\u00f3 podem ser presos em flagrante por crime inafian\u00e7\u00e1vel, e ainda assim mediante aval da C\u00e2mara dos Deputados (art. 53, \u00a72\u00ba). \u201cOs crimes de resist\u00eancia e desobedi\u00eancia n\u00e3o s\u00e3o inafian\u00e7\u00e1veis e, portanto, n\u00e3o autorizam a pris\u00e3o dos deputados\u201d, argumentou Marsiglia.<\/p>\n<p class=\"postParagraph_post-paragraph-innerHtml__Q5vwc\">O advogado \u00canio Viterbo tamb\u00e9m criticou a decis\u00e3o de Moraes. Segundo ele, os deputados que estavam acampados n\u00e3o t\u00eam qualquer rela\u00e7\u00e3o com o Inqu\u00e9rito das Fake News, no qual a medida foi determinada, nem com os inqu\u00e9ritos relacionados ao 8 de janeiro ou \u00e0 suposta tentativa de golpe. Para Viterbo, n\u00e3o h\u00e1 base legal que justifique a decis\u00e3o. \u201cQual \u00e9 a norma que permite a um juiz proibir protestos pac\u00edficos? Na Constitui\u00e7\u00e3o eu sei que n\u00e3o tem\u201d, escreveu.<\/p>\n<p class=\"postParagraph_post-paragraph__juWZN\">Sobre a proibi\u00e7\u00e3o de novos acampamentos num raio de 1 km da Pra\u00e7a dos Tr\u00eas Poderes, Viterbo afirmou que o ministro ultrapassou os limites de sua fun\u00e7\u00e3o. \u201cMoraes d\u00e1 ordem para a Pol\u00edcia Militar do DF, at\u00e9 para o governador do DF, Ibaneis Rocha, atuando como um secret\u00e1rio de seguran\u00e7a do DF.\u201d Para o jurista, o governador n\u00e3o \u00e9 subordinado ao STF e n\u00e3o pode ter suas decis\u00f5es administrativas ou escolhas funcionais determinadas por ordem judicial. \u201cA determina\u00e7\u00e3o para que tome provid\u00eancias afronta sua autonomia\u201d, avaliou.<\/p>\n<div class=\"postViewMore_post-view-more-container___5wai\" data-mrf-recirculation=\"Post - Veja tamb\u00e9m\">\n<p class=\"gp-styles-module-size-small-afeYRa gp-styles-module-font-family2-afeYRa gp-styles-module-color-secondary-afeYRa gp-styles-module-weight-bold-afeYRa\">VEJA TAMB\u00c9M:<\/p>\n<ul class=\"postViewMore_post-view-more-list__CU_CE\">\n<li class=\"postViewMore_post-view-more-item__2MzRb\"><span class=\"postViewMore_post-view-more-link-icon___stPC\"><svg xmlns=\"http:\/\/www.w3.org\/2000\/svg\" width=\"16\" height=\"16\" viewbox=\"0 0 16 16\"><rect width=\"16\" height=\"16\" fill=\"none\"\/><g transform=\"translate(3 3)\"><path d=\"M22.5,15l3.4,3.4-3.4,3.4\" transform=\"translate(-15.896 -11.793)\" fill=\"none\" stroke=\"#717171\" stroke-linecap=\"round\" stroke-width=\"1.4\"\/><path d=\"M6,6v4.2a2.452,2.452,0,0,0,2.5,2.4H16\" transform=\"translate(-6 -6)\" fill=\"none\" stroke=\"#717171\" stroke-linecap=\"round\" stroke-width=\"1.4\"\/><\/g><\/svg><\/span><span class=\"postViewMore_post-view-more-link-text__hO_kM\">\u201cPara evitar novo 8 de Janeiro\u201d, Moraes amea\u00e7a prender deputados e pro\u00edbe acampamentos na Pra\u00e7a dos Tr\u00eas Poderes<\/span><\/li>\n<\/ul>\n<\/div>\n<\/div>\n<p><br \/>\n<br \/>Fonte: <a href=\"https:\/\/www.gazetadopovo.com.br\/republica\/juristas-apontam-abuso-decisao-moraes-acampamentos\/\">Revista Oeste<\/a><\/p>\n","protected":false},"excerpt":{"rendered":"<p>A decis\u00e3o do ministro Alexandre de Moraes, do Supremo Tribunal Federal (STF), que proibiu mobiliza\u00e7\u00f5es na Pra\u00e7a dos Tr\u00eas Poderes, em Bras\u00edlia, \u00e9 apontada por juristas como mais um exemplo de abuso de autoridade. Em postagem nas redes sociais, o jurista Andr\u00e9 Marsiglia classificou a medida como &#8220;juridicamente errada&#8221; e chamou aten\u00e7\u00e3o para o fato [&hellip;]<\/p>\n","protected":false},"author":5,"featured_media":32610,"comment_status":"open","ping_status":"open","sticky":false,"template":"","format":"standard","meta":{"_seopress_robots_primary_cat":"","_seopress_titles_title":"","_seopress_titles_desc":"","_seopress_robots_index":"","footnotes":""},"categories":[1],"tags":[],"class_list":["post-32609","post","type-post","status-publish","format-standard","has-post-thumbnail","hentry","category-ultimas-noticias"],"_links":{"self":[{"href":"https:\/\/mussicom.com\/noticias\/wp-json\/wp\/v2\/posts\/32609","targetHints":{"allow":["GET"]}}],"collection":[{"href":"https:\/\/mussicom.com\/noticias\/wp-json\/wp\/v2\/posts"}],"about":[{"href":"https:\/\/mussicom.com\/noticias\/wp-json\/wp\/v2\/types\/post"}],"author":[{"embeddable":true,"href":"https:\/\/mussicom.com\/noticias\/wp-json\/wp\/v2\/users\/5"}],"replies":[{"embeddable":true,"href":"https:\/\/mussicom.com\/noticias\/wp-json\/wp\/v2\/comments?post=32609"}],"version-history":[{"count":0,"href":"https:\/\/mussicom.com\/noticias\/wp-json\/wp\/v2\/posts\/32609\/revisions"}],"wp:featuredmedia":[{"embeddable":true,"href":"https:\/\/mussicom.com\/noticias\/wp-json\/wp\/v2\/media\/32610"}],"wp:attachment":[{"href":"https:\/\/mussicom.com\/noticias\/wp-json\/wp\/v2\/media?parent=32609"}],"wp:term":[{"taxonomy":"category","embeddable":true,"href":"https:\/\/mussicom.com\/noticias\/wp-json\/wp\/v2\/categories?post=32609"},{"taxonomy":"post_tag","embeddable":true,"href":"https:\/\/mussicom.com\/noticias\/wp-json\/wp\/v2\/tags?post=32609"}],"curies":[{"name":"wp","href":"https:\/\/api.w.org\/{rel}","templated":true}]}}