{"id":32510,"date":"2025-07-26T05:46:41","date_gmt":"2025-07-26T08:46:41","guid":{"rendered":"https:\/\/mussicom.com\/veja-momentos-mais-marcantes-dos-shows-em-porto-rico-ate-agora\/"},"modified":"2025-07-26T05:46:41","modified_gmt":"2025-07-26T08:46:41","slug":"veja-momentos-mais-marcantes-dos-shows-em-porto-rico-ate-agora","status":"publish","type":"post","link":"https:\/\/mussicom.com\/noticias\/veja-momentos-mais-marcantes-dos-shows-em-porto-rico-ate-agora\/","title":{"rendered":"Veja momentos mais marcantes dos shows em Porto Rico at\u00e9 agora"},"content":{"rendered":"<p> <br \/>\n<\/p>\n<div>\n<p class=\"paragraph larva \/\/ lrv-u-line-height-copy lrv-a-font-body-l\"><strong>Bad Bunny<\/strong>\u00a0nunca faz o que se espera \u2014 e sua\u00a0resid\u00eancia hist\u00f3rica\u00a0em\u00a0Porto Rico n\u00e3o \u00e9 exce\u00e7\u00e3o. Em vez de lan\u00e7ar uma turn\u00ea mundial, primeiro o astro decidiu dar aos f\u00e3s a chance de visit\u00e1-lo e \u00e0 ilha que sempre o inspirou, lan\u00e7ando uma s\u00e9rie de apresenta\u00e7\u00f5es de 10 semanas no ic\u00f4nico &#8220;El Choli&#8221;, o Coliseu Jos\u00e9 Miguel Agrelot, localizado na capital do pa\u00eds.<\/p>\n<p class=\"paragraph larva \/\/ lrv-u-line-height-copy lrv-a-font-body-l\">Apropriadamente, Porto Rico \u00e9 o foco de seu \u00e1lbum mais recente, <strong><em>DeB\u00cd TiRAR M\u00e1S FOToS<\/em><\/strong>, ent\u00e3o a resid\u00eancia \u00e9 o convite perfeito para as pessoas conhecerem a ilha e suas tradi\u00e7\u00f5es. Os shows come\u00e7aram em 11 de julho e j\u00e1 atra\u00edram celebridades, de <strong>LeBron James<\/strong> a <strong>Mbapp\u00e9<\/strong>, al\u00e9m de convidados especiais, como\u00a0<strong>RaiNao<\/strong>\u00a0e <strong>Jowell &amp; Randy<\/strong>. Nesse meio tempo, <strong>Bad Bunny<\/strong> teve momentos doces com os f\u00e3s e at\u00e9 chorou ao cantar certas m\u00fasicas do repert\u00f3rio. Aqui est\u00e3o alguns dos momentos mais memor\u00e1veis e comentados da resid\u00eancia at\u00e9 agora.<\/p>\n<h2 class=\"c-gallery-vertical-featured-image__title\">Divers\u00e3o da vov\u00f3<\/h2>\n<p>\u00c9 poss\u00edvel que ningu\u00e9m tenha gostado mais dos shows de <strong>Bad Bunny<\/strong> do que\u00a0<strong>Dorca Rivera Rosa<\/strong>, uma senhora porto-riquenha por quem a internet se apaixonou este m\u00eas. Ela estava dan\u00e7ando a noite toda no El Choli com os netos quando <strong>Bad Bunny<\/strong> a viu e exigiu que ela subisse ao palco. &#8220;Eu o ouvi dizer: &#8216;Tragam ela para cima!&#8217; E os seguran\u00e7as me levantaram at\u00e9 ele, que me deu um abra\u00e7o e um beijo na bochecha&#8221;, contou ela mais tarde no notici\u00e1rio. &#8220;Disseram a ele: &#8216;Aquela mo\u00e7a ali tem <em>flow<\/em> e estilo.'&#8221; \u2014 <em>Julyssa Lopez<\/em><\/p>\n<blockquote class=\"twitter-tweet\" data-media-max-width=\"560\">\n<p dir=\"ltr\" lang=\"es\">Abuela prendiendo el party anoche en la 5ta funci\u00f3n de Bad Bunny \ud83d\udd25\ud83c\uddf5\ud83c\uddf7 <a href=\"https:\/\/t.co\/St2rCloAbH\">pic.twitter.com\/St2rCloAbH<\/a><\/p>\n<p>&#13;<br \/>\n\u2014 Bad Bunny DTmF \ud83d\udc8e (@suconejitomalo) <a href=\"https:\/\/twitter.com\/suconejitomalo\/status\/1947043832522272920?ref_src=twsrc%5Etfw\">July 20, 2025<\/a><\/p><\/blockquote>\n<h2 class=\"c-gallery-vertical-featured-image__title\">RaiNao roubando a cena<\/h2>\n<p>Na segunda noite da resid\u00eancia de <strong>Benito<\/strong>,\u00a0RaiNao\u00a0se juntou a ele no palco para cantar sua sensual colabora\u00e7\u00e3o <strong>&#8220;Perfumito Nuevo&#8221;<\/strong>, do \u00e1lbum\u00a0<strong><em>Deb\u00ed Tirar M\u00e1s Fotos<\/em><\/strong>. A dupla j\u00e1 havia apresentado a faixa no\u00a0<em>Saturday Night Live<\/em> em maio, mas a vers\u00e3o da turn\u00ea <strong>&#8220;No Me Quiero Ir de Aqu\u00ed&#8221;<\/strong> marcou a estreia oficial da m\u00fasica em um show. <strong>RaiNao<\/strong> retornou para mais uma vers\u00e3o sedutora de <strong>&#8220;Perfumito Nuevo&#8221;<\/strong> na quinta noite, brilhando em um top de biqu\u00edni com mi\u00e7angas \u2014 e roubando a cena a cada passo de dan\u00e7a. \u2014 <em>Maya Georgi<\/em><\/p>\n<blockquote class=\"twitter-tweet\" data-media-max-width=\"560\">\n<p dir=\"ltr\" lang=\"pt\">RaiNao performando \u2018PERFuMITO NUEVO\u2019 com Bad Bunny no show de hoje. \ud83e\udde1<a href=\"https:\/\/t.co\/1xpVlDmXMM\">pic.twitter.com\/1xpVlDmXMM<\/a><\/p>\n<p>&#13;<br \/>\n\u2014 Bad Bunny Brasil \ud83c\udde7\ud83c\uddf7 (@BadBunnyBrasil) <a href=\"https:\/\/twitter.com\/BadBunnyBrasil\/status\/1946760692356223377?ref_src=twsrc%5Etfw\">July 20, 2025<\/a><\/p><\/blockquote>\n<h2 class=\"c-gallery-vertical-featured-image__title\">Mbapp\u00e9 tem dia de f\u00e3<\/h2>\n<p>As maiores estrelas do futebol (sim, do futebol) do mundo n\u00e3o poderiam ficar sem um pouco de reggaeton. Durante um dos shows de resid\u00eancia do <strong>Bad Bunny<\/strong>, em 19 de julho, o astro franc\u00eas <strong>Kylian Mbapp\u00e9<\/strong> e seu ex-companheiro de <strong>PSG<\/strong>, <strong>Achraf Hakimi<\/strong>, foram vistos dan\u00e7ando no palco ao som de <strong>&#8220;Titi Me Pregunt\u00f3&#8221;<\/strong> ao lado do reggaetonero <strong>Eladio Carri\u00f3n<\/strong>. Os astros do futebol puderam ser vistos pulando enquanto <strong>Benito<\/strong> passava e cantava junto com a m\u00fasica favorita dos f\u00e3s.\u00a0<em>\u2013 Tomas Mier<\/em><\/p>\n<blockquote class=\"twitter-tweet\" data-media-max-width=\"560\">\n<p dir=\"ltr\" lang=\"pt\">Kylian Mbapp\u00e9 aproveitando suas f\u00e9rias no show do Bad Bunny. <a href=\"https:\/\/t.co\/VNm0WqLIex\">pic.twitter.com\/VNm0WqLIex<\/a><\/p>\n<p>&#13;<br \/>\n\u2014 Real Madrid Brasil (@RealBrasil_BR) <a href=\"https:\/\/twitter.com\/RealBrasil_BR\/status\/1947393558451012029?ref_src=twsrc%5Etfw\">July 21, 2025<\/a><\/p><\/blockquote>\n<h2 class=\"c-gallery-vertical-featured-image__title\">Estreia de \u2018ALAMBRE P\u00faA\u2019<\/h2>\n<div>\n<div class=\"c-gallery-vertical-featured-image__description\">\n<div class=\"pmc-not-a-paywall\">\n<p class=\"paragraph larva \/\/ lrv-u-line-height-copy lrv-a-font-body-l\"><strong>Bad Bunny<\/strong> adora um lan\u00e7amento surpresa, ent\u00e3o faz sentido que ele tenha programado um novo single para quando as pessoas menos esperavam. Ele apresentou sua m\u00fasica mais recente, <strong>&#8220;ALAMBRE P\u00faA&#8221;<\/strong>, pela primeira vez, usando-a como abertura do show. Pouco depois, lan\u00e7ou o clipe oficial, que mostra uma mulher em traje folcl\u00f3rico tradicional se movendo pela praia. <em>\u2014 JL<\/em><\/p>\n<blockquote class=\"twitter-tweet\" data-media-max-width=\"560\">\n<p dir=\"ltr\" lang=\"pt\">HINO! \u2764\ufe0f \u2014 \u201cALAMBRE P\u00faA\u201d no show da resid\u00eancia hoje <a href=\"https:\/\/t.co\/Kj5naASUw1\">pic.twitter.com\/Kj5naASUw1<\/a><\/p>\n<p>&#13;<br \/>\n\u2014 Bad Bunny Brasil \ud83c\udde7\ud83c\uddf7 (@BadBunnyBrasil) <a href=\"https:\/\/twitter.com\/BadBunnyBrasil\/status\/1946382967661588935?ref_src=twsrc%5Etfw\">July 19, 2025<\/a><\/p><\/blockquote>\n<h2 class=\"c-gallery-vertical-featured-image__title\">Uma homenagem aos camponeses<\/h2>\n<p>A resid\u00eancia de <strong>Bad Bunny<\/strong> \u00e9 uma homenagem a Porto Rico como um todo, e ele n\u00e3o se furta a grandes declara\u00e7\u00f5es durante o show. No in\u00edcio, o artista abre com dan\u00e7arinos folcl\u00f3ricos e m\u00fasica cl\u00e1ssica da ilha antes de surgir vestido de j\u00edbaro [palavra usada em Porto Rico para se referir aos camponeses que cultivam a terra de forma tradicional, representando um s\u00edmbolo da identidade cultural e hist\u00f3rica da ilha]. Em um tel\u00e3o, ele exibe a mensagem em espanhol: &#8220;Porto Rico \u00e9 um territ\u00f3rio n\u00e3o incorporado dos Estados Unidos, mas tem sua bandeira, sua cultura e sua pr\u00f3pria identidade.&#8221; <em>\u2014 TM<\/em><\/p>\n<figure class=\"image\"><figcaption>Bad Bunny (Foto: Kevin Mazur\/Getty Images)<\/figcaption><\/figure>\n<h2 class=\"c-gallery-vertical-featured-image__title\">Choro durante &#8216;Turista&#8217;<\/h2>\n<div>\n<div class=\"c-gallery-vertical-featured-image__description\">\n<div class=\"pmc-not-a-paywall\">\n<p class=\"paragraph larva \/\/ lrv-u-line-height-copy lrv-a-font-body-l\">N\u00e3o \u00e9 segredo que <strong><em>D<\/em><\/strong><em><strong>eb\u00ed Tirar M\u00e1s Fotos<\/strong><\/em>\u00a0significa muito para <strong>Bad Bunny<\/strong>. \u00c9 uma das m\u00fasicas mais pessoais, e a m\u00fasica <strong>&#8220;Turista&#8221;<\/strong>, que mistura decep\u00e7\u00e3o amorosa com a realidade da ilha, \u00e9 uma faixa especialmente tocante do projeto. No segundo fim de semana de resid\u00eancia, parece que toda a emo\u00e7\u00e3o tomou conta de Benito: o astro, normalmente tranquilo, come\u00e7ou a chorar enquanto cantava a m\u00fasica para milhares de f\u00e3s, criando um momento cativante. \u2014 <em>JL<\/em><\/p>\n<blockquote class=\"twitter-tweet\" data-media-max-width=\"560\">\n<p dir=\"ltr\" lang=\"es\">Bad Bunny llorando mientras canta TURiSTA \ud83e\udd72\ud83e\udd79<a href=\"https:\/\/twitter.com\/hashtag\/nomequieroirdeaqu%C3%AD?ref_src=twsrc%5Etfw&amp;src=hash\">#nomequieroirdeaqu\u00ed<\/a><a href=\"https:\/\/t.co\/SYYdtc4KJo\">pic.twitter.com\/SYYdtc4KJo<\/a><\/p>\n<p>&#13;<br \/>\n\u2014 BAD BUNNY El CL\u00faB (@keiveiec) <a href=\"https:\/\/twitter.com\/keiveiec\/status\/1947172902282965258?ref_src=twsrc%5Etfw\">July 21, 2025<\/a><\/p><\/blockquote>\n<\/div>\n<\/div>\n<\/div>\n<div class=\"c-gallery-vertical__advert\">\n<div class=\"admz\" id=\"adm-in-list-x-4\">\n<div class=\"adma boomerang\" data-device=\"Desktop\" data-width=\"728\">\n<div class=\"pmc-adm-boomerang-pub-div ad-text\" data-priority=\"8\">\n<div class=\"adw-728 adh-90\" data-google-query-id=\"CLWwroS32I4DFZ2DYQYdA9UXsA\" data-is-adhesion-ad=\"\" id=\"gpt-dsk-tab-list-inbodyX-uid5\">\n<h2 class=\"c-gallery-vertical-featured-image__title\">Jowell &amp; Randy sobem ao palco<\/h2>\n<p><strong>Bad Bunny<\/strong> fez quest\u00e3o de dar cr\u00e9dito aos artistas originais do reggaeton ao longo de sua carreira, com convites para colabora\u00e7\u00f5es e homenagens em entrevistas. Ele notavelmente trouxe a realeza do reggaeton ao chamar <strong>Jowell &amp; Randy<\/strong> para seu hit <strong>&#8220;Safaera&#8221;<\/strong> e tamb\u00e9m fez quest\u00e3o de receb\u00ea-los no palco para uma apresenta\u00e7\u00e3o eletrizante na resid\u00eancia. \u2014 <em>JL<\/em><\/p>\n<blockquote class=\"twitter-tweet\" data-media-max-width=\"560\">\n<p dir=\"ltr\" lang=\"es\">\u00a1\u00bfMami que tu quieereee?! \ud83e\udd88\ud83d\udca5<\/p>\n<p>Jowell Y Randy encendiendo la Residencia de Bad Bunny en Puerto Rico \ud83d\udc36\ud83d\udc30\ud83d\udd25\ud83c\uddf5\ud83c\uddf7<a href=\"https:\/\/twitter.com\/hashtag\/badbunny?ref_src=twsrc%5Etfw&amp;src=hash\">#badbunny<\/a><a href=\"https:\/\/twitter.com\/hashtag\/jowellyrandy?ref_src=twsrc%5Etfw&amp;src=hash\">#jowellyrandy<\/a><a href=\"https:\/\/twitter.com\/hashtag\/dtmfworldtour?ref_src=twsrc%5Etfw&amp;src=hash\">#dtmfworldtour<\/a><a href=\"https:\/\/twitter.com\/hashtag\/nomequieroirdeaqu%C3%AD?ref_src=twsrc%5Etfw&amp;src=hash\">#nomequieroirdeaqu\u00ed<\/a><a href=\"https:\/\/twitter.com\/hashtag\/concert?ref_src=twsrc%5Etfw&amp;src=hash\">#concert<\/a><a href=\"https:\/\/twitter.com\/hashtag\/puertorico?ref_src=twsrc%5Etfw&amp;src=hash\">#puertorico<\/a><a href=\"https:\/\/twitter.com\/hashtag\/jlpromotionspr?ref_src=twsrc%5Etfw&amp;src=hash\">#jlpromotionspr<\/a><a href=\"https:\/\/t.co\/wo7rz5Kn95\">pic.twitter.com\/wo7rz5Kn95<\/a><\/p>\n<p>&#13;<br \/>\n\u2014 JL Promotions (@JLPromotionspr) <a href=\"https:\/\/twitter.com\/JLPromotionspr\/status\/1944593350583058487?ref_src=twsrc%5Etfw\">July 14, 2025<\/a><\/p><\/blockquote>\n<h2 class=\"c-gallery-vertical-featured-image__title\">LeBron James se diverte muito<\/h2>\n<p>A primeira noite da resid\u00eancia de <strong>Bad Bunny<\/strong> na turn\u00ea <strong>No Me Quiero Ir de Aqui<\/strong> foi um sucesso quando ningu\u00e9m menos que <strong>LeBron James<\/strong> se juntou ao artista. O astro da NBA dan\u00e7ou ao som de sucessos vibrantes como <strong>&#8220;Nuevayol&#8221;<\/strong> e <strong>&#8220;Tit\u00ed Me Pregunt\u00f3&#8221;<\/strong>, com uma bebida na m\u00e3o, claramente se divertindo muito. Ele dan\u00e7ou com <strong>Los Pleneros de la Cresta<\/strong> durante o solo de bateria de <strong>&#8220;Caf\u00e9 Con Ron&#8221;<\/strong>, acertando cada batida. Em certo momento, <strong>LeBron<\/strong> sentou-se no topo do conjunto de <em>casitas<\/em>\u00a0enquanto <strong>Bad Bunny<\/strong> incendiava a plateia com <strong>&#8220;Safaera&#8221;<\/strong>. \u2014\u00a0<em>MG<\/em><\/p>\n<blockquote class=\"twitter-tweet\" data-media-max-width=\"560\">\n<p dir=\"ltr\" lang=\"pt\">Lebron James subiu ao palco do Bad Bunny! <a href=\"https:\/\/t.co\/hkmRb1jXGD\">pic.twitter.com\/hkmRb1jXGD<\/a><\/p>\n<p>&#13;<br \/>\n\u2014 Bad Bunny Brasil \ud83c\udde7\ud83c\uddf7 (@BadBunnyBrasil) <a href=\"https:\/\/twitter.com\/BadBunnyBrasil\/status\/1943878660802396430?ref_src=twsrc%5Etfw\">July 12, 2025<\/a><\/p><\/blockquote>\n<h2 class=\"c-gallery-vertical-featured-image__title\">Jhayco faz uma apari\u00e7\u00e3o<\/h2>\n<p>A resid\u00eancia esteve repleta de convidados especiais, como a estreante <strong>RaiNao<\/strong> e os veteranos <strong>Jowell &amp; Randy<\/strong>, para citar alguns. No entanto, os f\u00e3s quase enlouqueceram quando <strong>Jhayco<\/strong> apareceu na segunda noite da temporada e se juntou ao <strong>Bad Bunny<\/strong> no palco. Os dois t\u00eam uma longa lista de sucessos juntos: <strong>&#8220;No Me Conoce&#8221;<\/strong>, <strong>&#8220;Tarot&#8221;<\/strong>, <strong>&#8220;Dakiti&#8221;<\/strong>, ent\u00e3o o p\u00fablico ficou emocionado ao v\u00ea-los se reunirem para o evento especial. \u2014 <em>JL<\/em><\/p>\n<blockquote class=\"twitter-tweet\" data-media-max-width=\"560\">\n<p dir=\"ltr\" lang=\"es\">ELES!<\/p>\n<p>Bad Bunny e Jhayco cantando &#8216;DAKITI&#8217; no segundo show da ReSIDEnciA No Me Quiero Ir de Aqu\u00ed. \ud83d\udd25\ud83d\udc98 <a href=\"https:\/\/t.co\/LFgtDlpkNl\">pic.twitter.com\/LFgtDlpkNl<\/a><\/p>\n<p>&#13;<br \/>\n\u2014 Bad Bunny Brasil \ud83c\udde7\ud83c\uddf7 (@BadBunnyBrasil) <a href=\"https:\/\/twitter.com\/BadBunnyBrasil\/status\/1944233549680279793?ref_src=twsrc%5Etfw\">July 13, 2025<\/a><\/p><\/blockquote>\n<\/div>\n<\/div>\n<\/div>\n<\/div>\n<\/div>\n<\/div>\n<\/div>\n<\/div>\n<\/div>\n<p><script async src=\"\/\/platform.twitter.com\/widgets.js\" charset=\"utf-8\"><\/script><script async src=\"\/\/www.instagram.com\/embed.js\"><\/script><br \/>\n<br \/><br \/>\n<br \/>Fonte: <a href=\"https:\/\/rollingstone.com.br\/musica\/bad-bunny-veja-os-momentos-mais-marcantes-dos-shows-em-porto-rico\/\">rollingstone.com.br<\/a><\/p>\n","protected":false},"excerpt":{"rendered":"<p>Bad Bunny\u00a0nunca faz o que se espera \u2014 e sua\u00a0resid\u00eancia hist\u00f3rica\u00a0em\u00a0Porto Rico n\u00e3o \u00e9 exce\u00e7\u00e3o. Em vez de lan\u00e7ar uma turn\u00ea mundial, primeiro o astro decidiu dar aos f\u00e3s a chance de visit\u00e1-lo e \u00e0 ilha que sempre o inspirou, lan\u00e7ando uma s\u00e9rie de apresenta\u00e7\u00f5es de 10 semanas no ic\u00f4nico &#8220;El Choli&#8221;, o Coliseu Jos\u00e9 [&hellip;]<\/p>\n","protected":false},"author":5,"featured_media":32511,"comment_status":"open","ping_status":"open","sticky":false,"template":"","format":"standard","meta":{"_seopress_robots_primary_cat":"","_seopress_titles_title":"","_seopress_titles_desc":"","_seopress_robots_index":"","footnotes":""},"categories":[51],"tags":[],"class_list":["post-32510","post","type-post","status-publish","format-standard","has-post-thumbnail","hentry","category-musica"],"_links":{"self":[{"href":"https:\/\/mussicom.com\/noticias\/wp-json\/wp\/v2\/posts\/32510","targetHints":{"allow":["GET"]}}],"collection":[{"href":"https:\/\/mussicom.com\/noticias\/wp-json\/wp\/v2\/posts"}],"about":[{"href":"https:\/\/mussicom.com\/noticias\/wp-json\/wp\/v2\/types\/post"}],"author":[{"embeddable":true,"href":"https:\/\/mussicom.com\/noticias\/wp-json\/wp\/v2\/users\/5"}],"replies":[{"embeddable":true,"href":"https:\/\/mussicom.com\/noticias\/wp-json\/wp\/v2\/comments?post=32510"}],"version-history":[{"count":0,"href":"https:\/\/mussicom.com\/noticias\/wp-json\/wp\/v2\/posts\/32510\/revisions"}],"wp:featuredmedia":[{"embeddable":true,"href":"https:\/\/mussicom.com\/noticias\/wp-json\/wp\/v2\/media\/32511"}],"wp:attachment":[{"href":"https:\/\/mussicom.com\/noticias\/wp-json\/wp\/v2\/media?parent=32510"}],"wp:term":[{"taxonomy":"category","embeddable":true,"href":"https:\/\/mussicom.com\/noticias\/wp-json\/wp\/v2\/categories?post=32510"},{"taxonomy":"post_tag","embeddable":true,"href":"https:\/\/mussicom.com\/noticias\/wp-json\/wp\/v2\/tags?post=32510"}],"curies":[{"name":"wp","href":"https:\/\/api.w.org\/{rel}","templated":true}]}}