{"id":32508,"date":"2025-07-26T05:42:41","date_gmt":"2025-07-26T08:42:41","guid":{"rendered":"https:\/\/mussicom.com\/trump-diz-a-israel-para-terminar-o-trabalho-em-gaza\/"},"modified":"2025-07-26T05:42:41","modified_gmt":"2025-07-26T08:42:41","slug":"trump-diz-a-israel-para-terminar-o-trabalho-em-gaza","status":"publish","type":"post","link":"https:\/\/mussicom.com\/noticias\/trump-diz-a-israel-para-terminar-o-trabalho-em-gaza\/","title":{"rendered":"Trump diz a Israel para \u201cterminar o trabalho\u201d em Gaza"},"content":{"rendered":"<p> <br \/>\n<\/p>\n<div>\n<p class=\"postParagraph_post-paragraph-innerHtml__Q5vwc\">O presidente dos Estados Unidos, Donald Trump, disse nesta sexta-feira (25) que Israel precisa \u201cterminar o trabalho\u201d na Faixa de Gaza e \u201cse livrar\u201d do Hamas, depois que representantes do seu governo e israelenses deixaram ontem negocia\u00e7\u00f5es em Doha, no Catar, alegando \u201cfalta de vontade\u201d do grupo terrorista em chegar a um cessar-fogo no conflito iniciado em outubro de 2023 no enclave.<\/p>\n<p class=\"postParagraph_post-paragraph__juWZN\">\u201cO Hamas n\u00e3o queria realmente fazer um acordo. Acho que eles querem morrer, e a situa\u00e7\u00e3o \u00e9 muito ruim. Chegou a um ponto em que \u00e9 preciso terminar o trabalho\u201d, disse Trump a jornalistas na Casa Branca antes de partir para uma viagem \u00e0 Esc\u00f3cia, segundo informa\u00e7\u00f5es do portal Axios.<\/p>\n<p class=\"postParagraph_post-paragraph__juWZN\">\u201cIsrael ter\u00e1 que lutar e ter\u00e1 que limpar o lugar \u2014 voc\u00eas ter\u00e3o que se livrar [do Hamas]\u201d, acrescentou o presidente americano, que disse que o grupo terrorista nunca teve inten\u00e7\u00e3o de libertar os ref\u00e9ns que permanecem em Gaza porque n\u00e3o queria perder sua \u201cmoeda de troca\u201d e \u201csua prote\u00e7\u00e3o\u201d. \u201cAgora eles [membros do Hamas] ser\u00e3o ca\u00e7ados\u201d, afirmou.<\/p>\n<p class=\"postParagraph_post-paragraph__juWZN\">Na quinta-feira (24), o enviado especial dos Estados Unidos para o Oriente M\u00e9dio, Steve Witkoff, informou no X que ordenou a retirada da sua equipe de negocia\u00e7\u00e3o de Doha devido \u00e0 \u201cfalta de vontade\u201d do Hamas em alcan\u00e7ar uma tr\u00e9gua na Faixa de Gaza, em um an\u00fancio semelhante ao que Israel havia feito horas antes.<\/p>\n<p class=\"postParagraph_post-paragraph__juWZN\">Segundo a imprensa israelense, o Hamas endureceu sua posi\u00e7\u00e3o em rela\u00e7\u00e3o a diferentes pontos de atrito nas negocia\u00e7\u00f5es: quantos ref\u00e9ns ser\u00e3o libertados, as linhas de retirada do ex\u00e9rcito israelense e a presen\u00e7a da Funda\u00e7\u00e3o Humanit\u00e1ria para Gaza (GHF, na sigla em ingl\u00eas) dos EUA para distribuir ajuda humanit\u00e1ria no enclave.<\/p>\n<\/div>\n<p><br \/>\n<br \/>Fonte: <a href=\"https:\/\/www.gazetadopovo.com.br\/mundo\/trump-diz-a-israel-para-terminar-o-trabalho-em-gaza\/\">Revista Oeste<\/a><\/p>\n","protected":false},"excerpt":{"rendered":"<p>O presidente dos Estados Unidos, Donald Trump, disse nesta sexta-feira (25) que Israel precisa \u201cterminar o trabalho\u201d na Faixa de Gaza e \u201cse livrar\u201d do Hamas, depois que representantes do seu governo e israelenses deixaram ontem negocia\u00e7\u00f5es em Doha, no Catar, alegando \u201cfalta de vontade\u201d do grupo terrorista em chegar a um cessar-fogo no conflito [&hellip;]<\/p>\n","protected":false},"author":5,"featured_media":32509,"comment_status":"open","ping_status":"open","sticky":false,"template":"","format":"standard","meta":{"_seopress_robots_primary_cat":"","_seopress_titles_title":"","_seopress_titles_desc":"","_seopress_robots_index":"","footnotes":""},"categories":[48],"tags":[],"class_list":["post-32508","post","type-post","status-publish","format-standard","has-post-thumbnail","hentry","category-internacional"],"_links":{"self":[{"href":"https:\/\/mussicom.com\/noticias\/wp-json\/wp\/v2\/posts\/32508","targetHints":{"allow":["GET"]}}],"collection":[{"href":"https:\/\/mussicom.com\/noticias\/wp-json\/wp\/v2\/posts"}],"about":[{"href":"https:\/\/mussicom.com\/noticias\/wp-json\/wp\/v2\/types\/post"}],"author":[{"embeddable":true,"href":"https:\/\/mussicom.com\/noticias\/wp-json\/wp\/v2\/users\/5"}],"replies":[{"embeddable":true,"href":"https:\/\/mussicom.com\/noticias\/wp-json\/wp\/v2\/comments?post=32508"}],"version-history":[{"count":0,"href":"https:\/\/mussicom.com\/noticias\/wp-json\/wp\/v2\/posts\/32508\/revisions"}],"wp:featuredmedia":[{"embeddable":true,"href":"https:\/\/mussicom.com\/noticias\/wp-json\/wp\/v2\/media\/32509"}],"wp:attachment":[{"href":"https:\/\/mussicom.com\/noticias\/wp-json\/wp\/v2\/media?parent=32508"}],"wp:term":[{"taxonomy":"category","embeddable":true,"href":"https:\/\/mussicom.com\/noticias\/wp-json\/wp\/v2\/categories?post=32508"},{"taxonomy":"post_tag","embeddable":true,"href":"https:\/\/mussicom.com\/noticias\/wp-json\/wp\/v2\/tags?post=32508"}],"curies":[{"name":"wp","href":"https:\/\/api.w.org\/{rel}","templated":true}]}}