{"id":32301,"date":"2025-07-25T14:43:03","date_gmt":"2025-07-25T17:43:03","guid":{"rendered":"https:\/\/mussicom.com\/soberania-e-atacada-de-maneira-vil-e-indecorosa-diz-nova-carta-da-usp\/"},"modified":"2025-07-25T14:43:03","modified_gmt":"2025-07-25T17:43:03","slug":"soberania-e-atacada-de-maneira-vil-e-indecorosa-diz-nova-carta-da-usp","status":"publish","type":"post","link":"https:\/\/mussicom.com\/noticias\/soberania-e-atacada-de-maneira-vil-e-indecorosa-diz-nova-carta-da-usp\/","title":{"rendered":"\u201cSoberania \u00e9 atacada de maneira vil e indecorosa\u201d, diz nova carta da USP"},"content":{"rendered":"<p> <br \/>\n<\/p>\n<div>\n<p class=\"postParagraph_post-paragraph-innerHtml__Q5vwc\">Juristas, entidades da sociedade civil e sindicatos lan\u00e7aram nesta sexta (25) uma carta em que expressam o que seria um ataque \u201cde maneira vil e indecorosa\u201d \u00e0 soberania do Brasil pelos Estados Unidos, mas sem citar diretamente o pa\u00eds norte-americano. O ato, realizado na Faculdade de Direito da Universidade de S\u00e3o Paulo (USP) \u00e9 semelhante ao ocorrido em 2022 em que defendia a democracia antes das elei\u00e7\u00f5es presidenciais.<\/p>\n<p class=\"postParagraph_post-paragraph__juWZN\">O ato desta sexta (25) foi conduzido pelo diretor da institui\u00e7\u00e3o, Celso Campilongo, que se revezou nos discursos com outros juristas e pensadores que defenderam \u2013 em tons semelhantes aos abordados na carta \u2013 o que seria uma \u201ccoa\u00e7\u00e3o externa\u201d, \u201cinterven\u00e7\u00e3o, intimida\u00e7\u00e3o ou admoesta\u00e7\u00e3o\u201d (veja na \u00edntegra mais abaixo).<\/p>\n<p class=\"postParagraph_post-paragraph__juWZN\">\u201c\u00c9 uma manifesta\u00e7\u00e3o e um atendimento a um apelo da sociedade civil brasileira. [&#8230;] Numa na\u00e7\u00e3o soberana, quem d\u00e1 a \u00faltima palavra somos 100% Brasil, somos n\u00f3s e mais ningu\u00e9m\u201d, disparou.<\/p>\n<div class=\"postViewMore_post-view-more-container___5wai\" data-mrf-recirculation=\"Post - Veja tamb\u00e9m\">\n<p class=\"gp-styles-module-size-small-afeYRa gp-styles-module-font-family2-afeYRa gp-styles-module-color-secondary-afeYRa gp-styles-module-weight-bold-afeYRa\">VEJA TAMB\u00c9M:<\/p>\n<ul class=\"postViewMore_post-view-more-list__CU_CE\">\n<li class=\"postViewMore_post-view-more-item__2MzRb\">\n<div class=\"postViewMore_post-view-more-image__5gUSe\"><picture class=\"imageDefault_image-container__XGd8_\"><\/picture><\/div>\n<p>Moraes pode ser alvo da Lei Magnitsky ainda nesta sexta, diz Eduardo Bolsonaro<\/li>\n<\/ul>\n<\/div>\n<p class=\"postParagraph_post-paragraph__juWZN\">Mais de 7 mil assinaturas foram registradas com a ades\u00e3o de 150 entidades, entre elas sindicatos como a Central \u00danica dos Trabalhadores (CUT) e a For\u00e7a Sindical; o Movimento dos Trabalhadores Rurais Sem Terra (MST) e a Frente Brasil Popular; o Grupo Prerrogativas \u2013 de advogados de esquerda \u2013; as seccionais de Minas Gerais, Paran\u00e1, Pernambuco e S\u00e3o Paulo da Ordem dos Advogados do Brasil (OAB), entre outras.<\/p>\n<p class=\"postParagraph_post-paragraph__juWZN\">\u201cEste \u00e9 apenas um in\u00edcio muito t\u00edmido de um movimento que seguramente pode se desdobrar pelo Brasil inteiro, por v\u00e1rias universidades e estados com diferentes sindicatos, associa\u00e7\u00f5es empresariais e movimentos sociais que pode ser muito mais forte\u201d, completou Campilongo.<\/p>\n<p class=\"postParagraph_post-paragraph__juWZN\">Para o diretor da Faculdade de Direito da USP, n\u00e3o \u00e9 apenas a soberania brasileira que est\u00e1 sendo atacada, mas tamb\u00e9m \u201cuma ordem mundial que seja democr\u00e1tica que respeite as institui\u00e7\u00f5es e o Direito internacional\u201d. Campilongo defendeu que haja di\u00e1logo e diplomacia entre as na\u00e7\u00f5es e que as negocia\u00e7\u00f5es sejam constantes.<\/p>\n<p class=\"postParagraph_post-paragraph__juWZN\">\u201cPrecisamos criar a disposi\u00e7\u00e3o para o di\u00e1logo, defendermos a soberania nacional. O que est\u00e1 em jogo \u00e9 um ataque pol\u00edtico, ideol\u00f3gico, ao Direito como um todo e, de modo particular, o direito internacional\u201d, ressaltou citando, ainda, o multilateralismo como alvo das investidas de Trump atrav\u00e9s dos abusos de poder pol\u00edtico e econ\u00f4mico.<\/p>\n<p class=\"postParagraph_post-paragraph-innerHtml__Q5vwc\">Em outro trecho da cerim\u00f4nia, o ex-ministro Jos\u00e9 Carlos Dias, da Justi\u00e7a do governo de Fernando Henrique Cardoso (PSDB), relembrou o ato ocorrido em 2022. Ele atacou diretamente o ex-presidente Jair Bolsonaro (PL) em \u201cdefesa da democracia\u201d.<\/p>\n<p class=\"postParagraph_post-paragraph__juWZN\">\u201cA luta pela democracia que estava sendo amea\u00e7ada porque Bolsonaro era a amea\u00e7a a esse pa\u00eds. E n\u00f3s tivemos que dizer \u2018n\u00e3o\u2019 [a ele], e a dizer \u2018sim\u2019 \u00e0 democracia. E a democracia triunfou\u201d, disparou.<\/p>\n<h2 class=\"postParagraph_post-paragraph__juWZN postParagraph_type-tag-h2__TtFkT\">Carta da USP<\/h2>\n<p class=\"postParagraph_post-paragraph__juWZN\">Veja abaixo a \u00edntegra da \u201cCarta em Defesa da Soberania Nacional\u201d:<\/p>\n<p class=\"postParagraph_post-paragraph-innerHtml__Q5vwc\"><em>A soberania \u00e9 o poder que um povo tem sobre si mesmo. H\u00e1 mais de dois s\u00e9culos o Brasil se tornou uma na\u00e7\u00e3o independente. Neste per\u00edodo, temos lutado para governar nosso pr\u00f3prio destino. Como na\u00e7\u00e3o, expressamos a nossa soberania democraticamente e em conformidade com nossa Constitui\u00e7\u00e3o.<\/em><\/p>\n<p class=\"postParagraph_post-paragraph-innerHtml__Q5vwc\"><em>\u00c9 assim que, diuturnamente, almejamos alcan\u00e7ar a cidadania plena, construir uma sociedade livre, justa e solid\u00e1ria, erradicar a pobreza e a marginaliza\u00e7\u00e3o, reduzir as desigualdades sociais e regionais e, ainda, promover o bem de todos, sem preconceitos de origem, ra\u00e7a, sexo, cor, idade e quaisquer outras formas de discrimina\u00e7\u00e3o.<\/em><\/p>\n<p class=\"postParagraph_post-paragraph-innerHtml__Q5vwc\"><em>Nas rela\u00e7\u00f5es internacionais, o Brasil rege-se pelos princ\u00edpios da independ\u00eancia nacional, da preval\u00eancia dos direitos humanos, da n\u00e3o-interven\u00e7\u00e3o, assim como pelo princ\u00edpio da igualdade entre as na\u00e7\u00f5es. \u00c9 isso o que determina nossa Constitui\u00e7\u00e3o.<\/em><\/p>\n<p class=\"postParagraph_post-paragraph-innerHtml__Q5vwc\"><em>Exigimos o mesmo respeito que dispensamos \u00e0s demais na\u00e7\u00f5es. Repudiamos toda e qualquer forma de interven\u00e7\u00e3o, intimida\u00e7\u00e3o ou admoesta\u00e7\u00e3o, que busquem subordinar nossa liberdade como na\u00e7\u00e3o democr\u00e1tica. A na\u00e7\u00e3o brasileira jamais abrir\u00e1 m\u00e3o de sua soberania, t\u00e3o arduamente conquistada. Mais do que isso: o Brasil sabe como defender sua soberania.<\/em><\/p>\n<p class=\"postParagraph_post-paragraph-innerHtml__Q5vwc\"><em>Nossa Constitui\u00e7\u00e3o garante aos acusados o direito \u00e0 ampla defesa. Os processos s\u00e3o julgados com base em provas e as decis\u00f5es s\u00e3o necessariamente motivadas e p\u00fablicas. Intromiss\u00f5es estranhas \u00e0 ordem jur\u00eddica nacional s\u00e3o inadmiss\u00edveis.<\/em><\/p>\n<p class=\"postParagraph_post-paragraph-innerHtml__Q5vwc\"><em>Neste grave momento, em que a soberania nacional \u00e9 atacada de maneira vil e indecorosa, a sociedade civil se mobiliza, mais uma vez, na defesa da cidadania, da integridade das institui\u00e7\u00f5es e dos interesses sociais e econ\u00f4micos de todos os brasileiros.<\/em><\/p>\n<p class=\"postParagraph_post-paragraph-innerHtml__Q5vwc\"><em>Brasileiras e brasileiros, di\u00e1logo e negocia\u00e7\u00e3o s\u00e3o normais nas rela\u00e7\u00f5es diplom\u00e1ticas, viol\u00eancia e arb\u00edtrio, n\u00e3o! Nossa soberania \u00e9 inegoci\u00e1vel. Quando a na\u00e7\u00e3o \u00e9 atacada, devemos deixar nossas eventuais diferen\u00e7as pol\u00edticas, para defender nosso maior patrim\u00f4nio. Sujeitar-se a esta coa\u00e7\u00e3o externa significaria abrir m\u00e3o da nossa pr\u00f3pria soberania, pressuposto do Estado Democr\u00e1tico de Direito, e renunciar ao nosso projeto de na\u00e7\u00e3o.<\/em><\/p>\n<p class=\"postParagraph_post-paragraph-innerHtml__Q5vwc\"><em>SOMOS CEM POR CENTO BRASIL!!<\/em><\/p>\n<\/div>\n<p><br \/>\n<br \/>Fonte: <a href=\"https:\/\/www.gazetadopovo.com.br\/republica\/soberania-atacada-vil-indecorosa-nova-carta-usp\/\">Revista Oeste<\/a><\/p>\n","protected":false},"excerpt":{"rendered":"<p>Juristas, entidades da sociedade civil e sindicatos lan\u00e7aram nesta sexta (25) uma carta em que expressam o que seria um ataque \u201cde maneira vil e indecorosa\u201d \u00e0 soberania do Brasil pelos Estados Unidos, mas sem citar diretamente o pa\u00eds norte-americano. O ato, realizado na Faculdade de Direito da Universidade de S\u00e3o Paulo (USP) \u00e9 semelhante [&hellip;]<\/p>\n","protected":false},"author":5,"featured_media":32302,"comment_status":"open","ping_status":"open","sticky":false,"template":"","format":"standard","meta":{"_seopress_robots_primary_cat":"","_seopress_titles_title":"","_seopress_titles_desc":"","_seopress_robots_index":"","footnotes":""},"categories":[1],"tags":[],"class_list":["post-32301","post","type-post","status-publish","format-standard","has-post-thumbnail","hentry","category-ultimas-noticias"],"_links":{"self":[{"href":"https:\/\/mussicom.com\/noticias\/wp-json\/wp\/v2\/posts\/32301","targetHints":{"allow":["GET"]}}],"collection":[{"href":"https:\/\/mussicom.com\/noticias\/wp-json\/wp\/v2\/posts"}],"about":[{"href":"https:\/\/mussicom.com\/noticias\/wp-json\/wp\/v2\/types\/post"}],"author":[{"embeddable":true,"href":"https:\/\/mussicom.com\/noticias\/wp-json\/wp\/v2\/users\/5"}],"replies":[{"embeddable":true,"href":"https:\/\/mussicom.com\/noticias\/wp-json\/wp\/v2\/comments?post=32301"}],"version-history":[{"count":0,"href":"https:\/\/mussicom.com\/noticias\/wp-json\/wp\/v2\/posts\/32301\/revisions"}],"wp:featuredmedia":[{"embeddable":true,"href":"https:\/\/mussicom.com\/noticias\/wp-json\/wp\/v2\/media\/32302"}],"wp:attachment":[{"href":"https:\/\/mussicom.com\/noticias\/wp-json\/wp\/v2\/media?parent=32301"}],"wp:term":[{"taxonomy":"category","embeddable":true,"href":"https:\/\/mussicom.com\/noticias\/wp-json\/wp\/v2\/categories?post=32301"},{"taxonomy":"post_tag","embeddable":true,"href":"https:\/\/mussicom.com\/noticias\/wp-json\/wp\/v2\/tags?post=32301"}],"curies":[{"name":"wp","href":"https:\/\/api.w.org\/{rel}","templated":true}]}}