{"id":32289,"date":"2025-07-25T14:05:41","date_gmt":"2025-07-25T17:05:41","guid":{"rendered":"https:\/\/mussicom.com\/frio-prolonga-alta-nos-precos-do-tomate\/"},"modified":"2025-07-25T14:05:41","modified_gmt":"2025-07-25T17:05:41","slug":"frio-prolonga-alta-nos-precos-do-tomate","status":"publish","type":"post","link":"https:\/\/mussicom.com\/noticias\/frio-prolonga-alta-nos-precos-do-tomate\/","title":{"rendered":"Frio prolonga alta nos pre\u00e7os do tomate"},"content":{"rendered":"<p> <br \/>\n<\/p>\n<div>\n<div class=\"row\">\n<div class=\"col-lg col-infos mt-0 mt-lg-0\">\n<div class=\"section-sub-title\">\n<p itemprop=\"description\">&#13;<br \/>\n                                Clima frio limita colheita de tomate em estufas&#13;\n                            <\/p>\n<\/p><\/div>\n<div class=\"container\">\n<div class=\"row\">\n<div class=\"col-lg p-0\">\n<div>\n<div class=\"block-news-main-infos mt-3 text-start\">\n<p>                                            <strong class=\"fn\" itemprop=\"author\" style=\"color: rgb(112, 112, 112); \">&#13;<br \/>\n                                                Agrolink&#13;<br \/>\n&#13;<br \/>\n                                                    &#8211; Seane Lennon&#13;<br \/>\n&#13;<br \/>\n                                            <\/strong><br \/>\n                                        <\/p>\n<p>                                            <abbr><time datetime=\"2025-07-25T10:54\" itemprop=\"datePublished dateModified\">Publicado em 25\/07\/2025 \u00e0s 10:54h.<\/time><\/abbr><br \/>\n                                            <\/p><\/div>\n<\/p><\/div>\n<\/p><\/div>\n<div class=\"col-lg p-0 text-lg-end\">\n<div>\n<div id=\"mdEnviarPagina\" class=\"modal fade\" role=\"dialog\">\n<div class=\"modal-dialog\">\n<div class=\"modal-content\">\n<div class=\"modal-body\">\n<p><strong>Estimado usu\u00e1rio.<\/strong><br \/>Preencha o formul\u00e1rio abaixo para remeter a p\u00e1gina.<\/p>\n<\/p><\/div>\n<\/p><\/div>\n<\/p><\/div>\n<\/div><\/div>\n<\/p><\/div>\n<\/p><\/div>\n<\/p><\/div>\n<\/p><\/div>\n<\/p><\/div>\n<div class=\"row justify-content-md-center mt-3\">\n<div class=\"col-lg-auto col-image block-news-main-image\">\n<p>                                <br \/>\n                                                <span class=\"publicity-photo d-block mt-1\">Foto: Divulga\u00e7\u00e3o<\/span><\/p><\/div>\n<\/p><\/div>\n<div class=\"section-description section-description-noticias mt-3\">\n<p style=\"text-align:justify\">De acordo com o Informativo Conjuntural divulgado na quinta-feira (24) pela Emater\/RS-Ascar, o pre\u00e7o do tomate na regi\u00e3o da Ceasa\/Serra, em Caxias do Sul, segue elevado devido \u00e0 redu\u00e7\u00e3o da oferta. O quilo, que vinha sendo comercializado por R$ 7,00, apresentou leve recuo, sendo vendido por R$ 6,75.&#13;\n<\/p>\n<p style=\"text-align:justify\">Segundo a Emater\/RS-Ascar, a queda na produ\u00e7\u00e3o est\u00e1 relacionada \u00e0 escassez de oferta tanto local quanto de outras regi\u00f5es, impactada pelas baixas temperaturas e pela redu\u00e7\u00e3o do fotoper\u00edodo. Ainda permanecem em colheita algumas lavouras em estufa, que conseguem preservar parte da produ\u00e7\u00e3o devido ao abrigo contra o frio. No entanto, apenas os frutos j\u00e1 desenvolvidos e n\u00e3o afetados pelas geadas continuam em matura\u00e7\u00e3o.&#13;\n<\/p>\n<p style=\"text-align:justify\">A entidade informa que, nas estufas de maior porte, o microclima gerado na parte central ainda permite a colheita, mantendo a qualidade dos frutos dentro do padr\u00e3o comercializado. Nas \u00e1reas mais baixas e quentes do munic\u00edpio, como Vila Cristina, produtores t\u00eam iniciado o preparo do solo e das mudas para o novo plantio, previsto para ocorrer no final de agosto, quando as condi\u00e7\u00f5es clim\u00e1ticas se tornarem mais favor\u00e1veis.&#13;\n<\/p>\n<\/p><\/div>\n<\/p><\/div>\n<p><script data-cfasync=\"false\">\n    !function (f, b, e, v, n, t, s) {\n        if (f.fbq) return; n = f.fbq = function () {\n            n.callMethod ?\n                n.callMethod.apply(n, arguments) : n.queue.push(arguments)\n        };\n        if (!f._fbq) f._fbq = n; n.push = n; n.loaded = !0; n.version = '2.0';\n        n.queue = []; t = b.createElement(e); t.async = !0;\n        t.src = v; s = b.getElementsByTagName(e)[0];\n        s.parentNode.insertBefore(t, s)\n    }(window, document, 'script',\n        'https:\/\/connect.facebook.net\/en_US\/fbevents.js');\n    fbq('init', '522546078623747');\n    fbq('track', 'PageView');\n<\/script><br \/>\n<br \/><br \/>\n<br \/>Fonte: <a href=\"https:\/\/www.agrolink.com.br\/noticias\/frio-prolonga-alta-nos-precos-do-tomate_504309.html\">AGROLINK<\/a><\/p>\n","protected":false},"excerpt":{"rendered":"<p>&#13; Clima frio limita colheita de tomate em estufas&#13; &#13; Agrolink&#13; &#13; &#8211; Seane Lennon&#13; &#13; Publicado em 25\/07\/2025 \u00e0s 10:54h. Estimado usu\u00e1rio.Preencha o formul\u00e1rio abaixo para remeter a p\u00e1gina. Foto: Divulga\u00e7\u00e3o De acordo com o Informativo Conjuntural divulgado na quinta-feira (24) pela Emater\/RS-Ascar, o pre\u00e7o do tomate na regi\u00e3o da Ceasa\/Serra, em Caxias do [&hellip;]<\/p>\n","protected":false},"author":5,"featured_media":32290,"comment_status":"open","ping_status":"open","sticky":false,"template":"","format":"standard","meta":{"_seopress_robots_primary_cat":"","_seopress_titles_title":"","_seopress_titles_desc":"","_seopress_robots_index":"","footnotes":""},"categories":[53],"tags":[],"class_list":["post-32289","post","type-post","status-publish","format-standard","has-post-thumbnail","hentry","category-agronegocio"],"_links":{"self":[{"href":"https:\/\/mussicom.com\/noticias\/wp-json\/wp\/v2\/posts\/32289","targetHints":{"allow":["GET"]}}],"collection":[{"href":"https:\/\/mussicom.com\/noticias\/wp-json\/wp\/v2\/posts"}],"about":[{"href":"https:\/\/mussicom.com\/noticias\/wp-json\/wp\/v2\/types\/post"}],"author":[{"embeddable":true,"href":"https:\/\/mussicom.com\/noticias\/wp-json\/wp\/v2\/users\/5"}],"replies":[{"embeddable":true,"href":"https:\/\/mussicom.com\/noticias\/wp-json\/wp\/v2\/comments?post=32289"}],"version-history":[{"count":0,"href":"https:\/\/mussicom.com\/noticias\/wp-json\/wp\/v2\/posts\/32289\/revisions"}],"wp:featuredmedia":[{"embeddable":true,"href":"https:\/\/mussicom.com\/noticias\/wp-json\/wp\/v2\/media\/32290"}],"wp:attachment":[{"href":"https:\/\/mussicom.com\/noticias\/wp-json\/wp\/v2\/media?parent=32289"}],"wp:term":[{"taxonomy":"category","embeddable":true,"href":"https:\/\/mussicom.com\/noticias\/wp-json\/wp\/v2\/categories?post=32289"},{"taxonomy":"post_tag","embeddable":true,"href":"https:\/\/mussicom.com\/noticias\/wp-json\/wp\/v2\/tags?post=32289"}],"curies":[{"name":"wp","href":"https:\/\/api.w.org\/{rel}","templated":true}]}}